{"id":21514,"date":"2022-04-13T12:25:39","date_gmt":"2022-04-13T10:25:39","guid":{"rendered":"https:\/\/bisbalpenedes.com\/web\/?p=21514"},"modified":"2022-04-13T12:32:43","modified_gmt":"2022-04-13T10:32:43","slug":"saprova-inicialment-el-projecte-de-construccio-i-rehabilitacio-de-la-fassina","status":"publish","type":"post","link":"https:\/\/bisbalpenedes.com\/web\/2022\/04\/13\/saprova-inicialment-el-projecte-de-construccio-i-rehabilitacio-de-la-fassina\/","title":{"rendered":"S\u2019aprova inicialment el projecte de construcci\u00f3 i rehabilitaci\u00f3 de \u201cla fassina\u201d"},"content":{"rendered":"\n<p><strong>Una part de l\u2019edificaci\u00f3 ser\u00e0 el futur local de la Colla Castellera de la Bisbal del Pened\u00e8s i, l\u2019altra, un magatzem per a la brigada municipal<\/strong><\/p>\n\n\n\n<p>La Junta de Govern local del dilluns 11 d\u2019abril va aprovar inicialment el projecte de construcci\u00f3 de \u201cla fassina\u201d, redactat per EDDAR Arquitectura, SLP, amb un import per a l\u2019execuci\u00f3 de l\u2019obra de 732.360,16 euros (IVA incl\u00f2s).<\/p>\n\n\n\n<p>L\u2019antiga fassina \u00e9s un edifici que l\u2019Ajuntament va adquirir l\u2019abril de 2019 i que, antigament, s\u2019havia destinat a la fabricaci\u00f3 de licors destil\u00b7lats i aiguardent. La part de m\u00e9s al\u00e7ada, amb un total de 15 metres, \u00e9s una torre que sobresurt del perfil del nucli urb\u00e0 de la Bisbal del Pened\u00e8s i que forma part de l\u2019<em>skyline<\/em> del municipi. Aquesta, es destinar\u00e0 a la Colla Castellera de la Bisbal del Pened\u00e8s. La resta d\u2019edificacions, van ser enderrocades el febrer de 2021 amb l\u2019objectiu de dur a terme el projecte que ara s\u2019ha aprovat inicialment i que inclou la construcci\u00f3 d\u2019un edifici de planta baixa per ser destinat, per una banda, com a magatzem de la brigada i, per l\u2019altra, com a local per a la colla castellera. Paral\u00b7lelament, la rehabilitaci\u00f3 integral de la torre permetr\u00e0 que es destini a espai d\u2019assaig per a la colla.<\/p>\n\n\n\n<p>Els espais que inclou el projecte s\u00f3n:<\/p>\n\n\n\n<ul><li><strong>Magatzems per a la brigada:<\/strong> es construiran dos magatzems en planta baixa, de 112,60m2, 52,50m2 i vestidors de 16,30m2. Aquests espais inclouran tres claraboies per a l\u2019entrada de llum natural.<\/li><li><strong>Torre de la fassina<\/strong>: s\u2019enderrocar\u00e0 la coberta de la torre i es repicaran tots els revestiments interiors i exteriors. Tamb\u00e9 s\u2019enderrocaran les estructures de fusta existents a l\u2019interior, inclosa l\u2019escala i les baranes i el paviment existent. La coberta de la torre ser\u00e0 una claraboia per permetre l\u2019entrada de llum natural. La superf\u00edcie d\u2019aquest espai ser\u00e0 de 30,50m2.<\/li><li><strong>Local per a la colla castellera<\/strong>: tindr\u00e0 un total de 82,40m2, dividits en tres sales: 42,30m2, 27,80m2 i 12,30m2. Les parets divis\u00f2ries seran de vidre. La paret que donar\u00e0 al pati estar\u00e0 formada per finestres des de les quals es podran albirar el pati i la torre de la fassina.<\/li><li><strong>Pati<\/strong>: quedar\u00e0 un pati interior -entre la torre de la fassina i els locals constru\u00efts- de 91,70m2.<\/li><\/ul>\n\n\n\n<figure class=\"wp-block-image size-large\"><img loading=\"lazy\" width=\"1024\" height=\"576\" src=\"https:\/\/bisbalpenedes.com\/web\/wp-content\/uploads\/2022\/04\/PLA\u0300NOL-1-LA-FASSINA-1024x576.jpg\" alt=\"\" class=\"wp-image-21517\" srcset=\"https:\/\/bisbalpenedes.com\/web\/wp-content\/uploads\/2022\/04\/PLA\u0300NOL-1-LA-FASSINA-1024x576.jpg 1024w, https:\/\/bisbalpenedes.com\/web\/wp-content\/uploads\/2022\/04\/PLA\u0300NOL-1-LA-FASSINA-600x338.jpg 600w, https:\/\/bisbalpenedes.com\/web\/wp-content\/uploads\/2022\/04\/PLA\u0300NOL-1-LA-FASSINA-300x169.jpg 300w, https:\/\/bisbalpenedes.com\/web\/wp-content\/uploads\/2022\/04\/PLA\u0300NOL-1-LA-FASSINA-768x432.jpg 768w, https:\/\/bisbalpenedes.com\/web\/wp-content\/uploads\/2022\/04\/PLA\u0300NOL-1-LA-FASSINA.jpg 1152w\" sizes=\"(max-width: 1024px) 100vw, 1024px\" \/><\/figure>\n\n\n\n<p>El projecte de construcci\u00f3 i rehabilitaci\u00f3 de la fassina se sotmetr\u00e0 a informaci\u00f3 p\u00fablica durant un per\u00edode de 30 dies des de l\u2019endem\u00e0 de la seva publicaci\u00f3 al Butllet\u00ed Oficial de la Prov\u00edncia de Tarragona. Una vegada aprovat definitivament, ja es podr\u00e0 aprovar la licitaci\u00f3 de les obres, l\u2019execuci\u00f3 de les quals es preveu en un termini de sis mesos.<\/p>\n\n\n\n<figure class=\"wp-block-image size-large\"><img loading=\"lazy\" width=\"1024\" height=\"576\" src=\"https:\/\/bisbalpenedes.com\/web\/wp-content\/uploads\/2022\/04\/PLA\u0300NOL-3-LA-FASSINA-1024x576.jpg\" alt=\"\" class=\"wp-image-21515\"\/><\/figure>\n\n\n\n<hr class=\"wp-block-separator\"\/>\n\n\n\n<p><strong>CASTELLANO<\/strong><\/p>\n\n\n\n<h2><strong>Se aprueba inicialmente el proyecto de construcci\u00f3n y rehabilitaci\u00f3n de \u201cla fassina\u201d.<\/strong><\/h2>\n\n\n\n<p><strong>Una parte de la edificaci\u00f3n ser\u00e1 el futuro local de la Colla Castellera de la Bisbal del Pened\u00e8s y, la otra, un almac\u00e9n para la brigada municipal<\/strong><\/p>\n\n\n\n<p>La Junta de Gobierno local del lunes 11 de abril aprob\u00f3 inicialmente el proyecto de construcci\u00f3n de <em>la fassina<\/em>, redactado por EDDAR Arquitectura, SLP, con un importe para la ejecuci\u00f3n de la obra de 732.360,16 euros (IVA incluido).<\/p>\n\n\n\n<p>La antingua <em>fassina<\/em> es un edificio que el Ayuntamiento adquiri\u00f3 en abril del 2019 y que, antiguamente, se hab\u00eda destinado a la fabricaci\u00f3n de licores destilados y aguardiente. La parte de m\u00e1s altura, con un total de 15 metros, es una torre que sobresale del perfil del n\u00facleo urbano de la Bisbal del Pened\u00e8s y que forma parte del <em>skyline<\/em> del municipio. Esta se destinar\u00e1 a la Colla Castellera de la Bisbal del Pened\u00e8s. El resto de edificaciones, fueron derruidas en febrero de 2021 con el objetivo de llevar a cabo el proyecto que ahora se ha aprobado inicialmente y que incluye la construcci\u00f3n de un edificio de planta baja para ser destinado, por un lado, como almac\u00e9n de la brigada y, por el otro, como local para la colla castellera. Paralelamente, la rehabilitaci\u00f3n integral de la torre permitir\u00e1 que se destine a espacio de ensayo para la colla.<\/p>\n\n\n\n<p>Los espacios que incluye el proyecto son:<\/p>\n\n\n\n<ul><li><strong>Almacenes para la brigada:<\/strong> se construir\u00e1n dos almacenes en planta baja, de 112,60m2, 52,50m2 y vestidores de 16,30m2. Estos espacios incluir\u00e1n tres claraboyas para la entrada de luz natural.<\/li><li><strong>Torre de la <em>fassina<\/em>:<\/strong> se derruir\u00e1 la cubierta de la torre y se repicar\u00e1n todos los revestimientos interiores y exteriores. Tambi\u00e9n se derruir\u00e1n las estructuras de madera existentes en el interior, incluida la escalera y las barandas y el pavimento existente. La cobertura de la torre ser\u00e1 una claraboya para permitir la entrada de luz natural. La superficie de este espacio ser\u00e1 de 30,50m2.<\/li><li><strong>Local para la colla castellera:<\/strong> tendr\u00e1 un total de 82,40m2, divididos en tres salas: 42,30m2, 27,80m2 y 12,30m2. Las paredes divisorias ser\u00e1n de cristal. La pared que dar\u00e1 al patio estar\u00e1 formada por ventanas desde las cuales se podr\u00e1n divisar el patio y la torre de <em>la<\/em> <em>fassina.<\/em><\/li><li><strong>Patio:<\/strong> quedar\u00e1 un patio interior -entre la torre de<em> la fassina<\/em> y los locales construidos- de 91,70m2.<\/li><\/ul>\n\n\n\n<p>El proyecto de construcci\u00f3n y rehabilitaci\u00f3n de <em>la fassina<\/em> se someter\u00e1 a informaci\u00f3n p\u00fablica durante un periodo de 30 d\u00edas desde el d\u00eda siguiente de su publicaci\u00f3n en el Bolet\u00edn Oficial de la Provincia de Tarragona. Una vez aprobado definitivamente, ya se podr\u00e1 aprobar la licitaci\u00f3n de las obras, la ejecuci\u00f3n de las cuales se prev\u00e9n en un plazo de seis meses.<\/p>\n","protected":false},"excerpt":{"rendered":"<p>Una part de l\u2019edificaci\u00f3 ser\u00e0 el futur local de la Colla Castellera de la Bisbal del Pened\u00e8s i, l\u2019altra, un magatzem per a la brigada municipal La Junta de Govern &hellip; <a href=\"https:\/\/bisbalpenedes.com\/web\/2022\/04\/13\/saprova-inicialment-el-projecte-de-construccio-i-rehabilitacio-de-la-fassina\/\" class=\"more-link\">Read More<\/a><\/p>\n","protected":false},"author":4,"featured_media":21516,"comment_status":"closed","ping_status":"closed","sticky":false,"template":"","format":"standard","meta":[],"categories":[13,20,8,15],"tags":[459,378,4302,393,3504],"_links":{"self":[{"href":"https:\/\/bisbalpenedes.com\/web\/wp-json\/wp\/v2\/posts\/21514"}],"collection":[{"href":"https:\/\/bisbalpenedes.com\/web\/wp-json\/wp\/v2\/posts"}],"about":[{"href":"https:\/\/bisbalpenedes.com\/web\/wp-json\/wp\/v2\/types\/post"}],"author":[{"embeddable":true,"href":"https:\/\/bisbalpenedes.com\/web\/wp-json\/wp\/v2\/users\/4"}],"replies":[{"embeddable":true,"href":"https:\/\/bisbalpenedes.com\/web\/wp-json\/wp\/v2\/comments?post=21514"}],"version-history":[{"count":2,"href":"https:\/\/bisbalpenedes.com\/web\/wp-json\/wp\/v2\/posts\/21514\/revisions"}],"predecessor-version":[{"id":21519,"href":"https:\/\/bisbalpenedes.com\/web\/wp-json\/wp\/v2\/posts\/21514\/revisions\/21519"}],"wp:featuredmedia":[{"embeddable":true,"href":"https:\/\/bisbalpenedes.com\/web\/wp-json\/wp\/v2\/media\/21516"}],"wp:attachment":[{"href":"https:\/\/bisbalpenedes.com\/web\/wp-json\/wp\/v2\/media?parent=21514"}],"wp:term":[{"taxonomy":"category","embeddable":true,"href":"https:\/\/bisbalpenedes.com\/web\/wp-json\/wp\/v2\/categories?post=21514"},{"taxonomy":"post_tag","embeddable":true,"href":"https:\/\/bisbalpenedes.com\/web\/wp-json\/wp\/v2\/tags?post=21514"}],"curies":[{"name":"wp","href":"https:\/\/api.w.org\/{rel}","templated":true}]}}