{"id":21509,"date":"2022-04-13T00:37:39","date_gmt":"2022-04-12T22:37:39","guid":{"rendered":"https:\/\/bisbalpenedes.com\/web\/?p=21509"},"modified":"2022-04-13T00:38:45","modified_gmt":"2022-04-12T22:38:45","slug":"saprova-inicialment-el-projecte-de-construccio-de-la-fassina","status":"publish","type":"post","link":"https:\/\/bisbalpenedes.com\/web\/2022\/04\/13\/saprova-inicialment-el-projecte-de-construccio-de-la-fassina\/","title":{"rendered":"S&#8217;aprova inicialment el projecte de construcci\u00f3 de &#8220;la fassina&#8221;"},"content":{"rendered":"\n<figure class=\"wp-block-embed is-type-video is-provider-youtube wp-block-embed-youtube wp-embed-aspect-16-9 wp-has-aspect-ratio\"><div class=\"wp-block-embed__wrapper\">\n<iframe loading=\"lazy\" title=\"Proposta de l\u2019Ordre del dia de la Junta de Govern de l\u201911\/04\/22 amb compet\u00e8ncia delegada del Ple\" width=\"1170\" height=\"658\" src=\"https:\/\/www.youtube.com\/embed\/jWdYKsh6JLU?feature=oembed\" frameborder=\"0\" allow=\"accelerometer; autoplay; clipboard-write; encrypted-media; gyroscope; picture-in-picture\" allowfullscreen><\/iframe>\n<\/div><\/figure>\n\n\n\n<p>La Junta de Govern del dilluns 11 d\u2019abril va aprovar una proposta amb compet\u00e8ncia del Ple delegada a la Junta de Govern:<\/p>\n\n\n\n<ul><li>Aprovaci\u00f3 inicial del projecte de construcci\u00f3 de \u201cla fassina\u201d, redactat per EDDAR Arquitectura, SLP, amb un import per l\u2019execuci\u00f3 de l\u2019obra de 732.360,16 euros (IVA incl\u00f2s).<\/li><\/ul>\n\n\n\n<p>&nbsp;Les sessions de la Junta de Govern Local no s\u00f3n p\u00fabliques, per\u00f2 quan actua amb compet\u00e8ncies delegades del Ple, la sessi\u00f3 se sotmet als mateixos requisits de publicitat que les sessions del Ple, que s\u00f3n p\u00fabliques. Aix\u00ed ho va declarar la STS 161\/2013, de 26 de setembre. Per aquest motiu, el dilluns 11 d\u2019abril, a les 19:30h, es van obrir les portes de la sala de Plens perqu\u00e8, qui ho desitg\u00e9s, pogu\u00e9s assistir com a p\u00fablic a l\u2019explicaci\u00f3 i votaci\u00f3 d\u2019aquests punts de la Junta de Govern.<\/p>\n\n\n\n<p>Per tot plegat, pr\u00e8viament es va fer arribar la informaci\u00f3 d\u2019aquestes propostes als regidors i regidores de l\u2019oposici\u00f3, convidant-los\/les a assistir com a p\u00fablic. Tot i que aquest punt s\u2019obria a l\u2019assist\u00e8ncia de p\u00fablic, tamb\u00e9 es va gravar i ara s\u2019ha publicat el v\u00eddeo per garantir la seva publicitat.<\/p>\n\n\n\n<hr class=\"wp-block-separator\"\/>\n\n\n\n<p>Se ha convocado una Junta de Gobierno Local para el lunes 11 de abril y, entre las propuestas que se elevan a la Junta, hay una con competencia del Pleno delegada a la Junta de Gobierno:<\/p>\n\n\n\n<ul><li>Aprobaci\u00f3n inicial del proyecto de construcci\u00f3n de \u201cla fassina\u201d, redactado por EDDAR Arquitectura, SLP, con un importe para la ejecuci\u00f3n de la obra de 732.360,16 euros (IVA incluido).<\/li><\/ul>\n\n\n\n<p>Las sesiones de la Junta de Gobierno Local no son p\u00fablicas, pero cuando act\u00faa con competencias delegadas del Pleno, la sesi\u00f3n se somete a los mismos requisitos de publicidad que las sesiones del Pleno, que son p\u00fablicas. As\u00ed lo declar\u00f3 la STS 161\/2013, de 26 de septiembre. Por este motivo, el lunes 11 de abril, a las 19:30h, se abrieron las puertas de la sala de Plenos para que, quien lo desease, pudiese asistir como p\u00fablico a la explicaci\u00f3n y votaci\u00f3n de estos puntos de la Junta de Gobierno.<\/p>\n\n\n\n<p>Por todo ello, se les hizo llegar la informaci\u00f3n de estas propuestas a los concejales y concejalas de la oposici\u00f3n, invit\u00e1ndoles\/las a asistir como p\u00fablico. Aunque este punto se abr\u00eda a la asistencia de p\u00fablico, tambi\u00e9n se grab\u00f3 y ahora se ha publicado el v\u00eddeo para garantizar su publicidad.<\/p>\n","protected":false},"excerpt":{"rendered":"<p>La Junta de Govern del dilluns 11 d\u2019abril va aprovar una proposta amb compet\u00e8ncia del Ple delegada a la Junta de Govern: Aprovaci\u00f3 inicial del projecte de construcci\u00f3 de \u201cla &hellip; <a href=\"https:\/\/bisbalpenedes.com\/web\/2022\/04\/13\/saprova-inicialment-el-projecte-de-construccio-de-la-fassina\/\" class=\"more-link\">Read More<\/a><\/p>\n","protected":false},"author":4,"featured_media":21510,"comment_status":"closed","ping_status":"closed","sticky":false,"template":"","format":"standard","meta":[],"categories":[13,3085,8,15],"tags":[459,4302,725,393,3504,1374],"_links":{"self":[{"href":"https:\/\/bisbalpenedes.com\/web\/wp-json\/wp\/v2\/posts\/21509"}],"collection":[{"href":"https:\/\/bisbalpenedes.com\/web\/wp-json\/wp\/v2\/posts"}],"about":[{"href":"https:\/\/bisbalpenedes.com\/web\/wp-json\/wp\/v2\/types\/post"}],"author":[{"embeddable":true,"href":"https:\/\/bisbalpenedes.com\/web\/wp-json\/wp\/v2\/users\/4"}],"replies":[{"embeddable":true,"href":"https:\/\/bisbalpenedes.com\/web\/wp-json\/wp\/v2\/comments?post=21509"}],"version-history":[{"count":2,"href":"https:\/\/bisbalpenedes.com\/web\/wp-json\/wp\/v2\/posts\/21509\/revisions"}],"predecessor-version":[{"id":21512,"href":"https:\/\/bisbalpenedes.com\/web\/wp-json\/wp\/v2\/posts\/21509\/revisions\/21512"}],"wp:featuredmedia":[{"embeddable":true,"href":"https:\/\/bisbalpenedes.com\/web\/wp-json\/wp\/v2\/media\/21510"}],"wp:attachment":[{"href":"https:\/\/bisbalpenedes.com\/web\/wp-json\/wp\/v2\/media?parent=21509"}],"wp:term":[{"taxonomy":"category","embeddable":true,"href":"https:\/\/bisbalpenedes.com\/web\/wp-json\/wp\/v2\/categories?post=21509"},{"taxonomy":"post_tag","embeddable":true,"href":"https:\/\/bisbalpenedes.com\/web\/wp-json\/wp\/v2\/tags?post=21509"}],"curies":[{"name":"wp","href":"https:\/\/api.w.org\/{rel}","templated":true}]}}