{"id":21499,"date":"2022-04-08T09:05:17","date_gmt":"2022-04-08T07:05:17","guid":{"rendered":"https:\/\/bisbalpenedes.com\/web\/?p=21499"},"modified":"2022-04-08T09:05:17","modified_gmt":"2022-04-08T07:05:17","slug":"diversos-alumnes-de-lescola-ull-de-vent-han-participat-en-el-projecte-alnatural-repte-collectiu-dart-denuncia","status":"publish","type":"post","link":"https:\/\/bisbalpenedes.com\/web\/2022\/04\/08\/diversos-alumnes-de-lescola-ull-de-vent-han-participat-en-el-projecte-alnatural-repte-collectiu-dart-denuncia\/","title":{"rendered":"Diversos alumnes de l&#8217;Escola Ull de Vent han participat en el projecte #AlNatural: Repte col\u00b7lectiu d&#8217;Art Den\u00fancia"},"content":{"rendered":"\n<p>Els alumnes de l\u2019Escola Ull de Vent que es queden a dinar al menjador han participat en el projecte #AlNatural: Repte col\u00b7lectiu d\u2019Art-Den\u00fancia -a iniciativa de l\u2019empresa que gestiona el servei de menjador- amb motiu del Dia Mundial del Clima i de mitigaci\u00f3 i adaptaci\u00f3 al canvi clim\u00e0tic. Es tracta d\u2019una proposta de la Fundaci\u00f3 Catalana de l\u2019Esplai que forma part del projecte europeu EAT:LIFE i que consisteix a sensibilitzar els infants i els joves per posar fre al menjar plastificat i al sobre envasat d\u2019un sol \u00fas. L\u2019objectiu \u00e9s pensar, amb els infants, alternatives m\u00e9s sostenibles, saludables i transformadores, mitjan\u00e7ant diverses activitats.<\/p>\n\n\n\n<p>El projecte animava els infants a construir una obra d\u2019art-den\u00fancia amb deixalles i exposar-la als patis de les escoles el dia 25 de mar\u00e7. Posteriorment, els alumnes havien de fer desapar\u00e8ixer l\u2019obra d\u2019art-den\u00fancia transformant les deixalles amb l\u2019objectiu d\u2019allargar la seva vida \u00fatil.<\/p>\n\n\n\n<p>Us adjuntem la fotografia d\u2019una de les obres amb qu\u00e8 han participat els alumnes de l\u2019escola.<\/p>\n\n\n\n<hr class=\"wp-block-separator\"\/>\n\n\n\n<p>Los alumnos de la Escola Ull de Vent que se quedan a comer al comedor han participado en el proyecto #AlNatural: Reto colectivo de Arte Den\u00fancia -a iniciativa de la empresa que gestiona el servicio de comedor- con motivo del D\u00eda Mundial del Clima y de la mitigaci\u00f3n y adaptaci\u00f3n al cambio clim\u00e1tico. Se trata de una propuesta de la Fundaci\u00f3 Catalana de l\u2019Esplai que forma parte del proyecto europeo EAT:LIFE y que consiste en sensibilizar a los ni\u00f1os y a los j\u00f3venes para poner freno a la comida plastificada y al sobreenvasado de un solo uso. El objetivo es pensar, con los ni\u00f1os, alternativas m\u00e1s sostenibles, saludables y transformadoras, mediante varias actividades.<\/p>\n\n\n\n<p>El proyecto animaba a los ni\u00f1os a construir una obra de arte denuncia con residuos y exponerla en los patios de las escuelas el d\u00eda 25 de marzo. Posteriormente, los alumnos ten\u00edan que hacer desaparecer la obra de arte denuncia transformando los residuos con el objetivo de alargar su vida \u00fatil.<\/p>\n\n\n\n<p>Os adjuntamos la fotograf\u00eda de una de las obras con las que han participado los alumnos de la escuela.<\/p>\n\n\n\n<p><\/p>\n","protected":false},"excerpt":{"rendered":"<p>Els alumnes de l\u2019Escola Ull de Vent que es queden a dinar al menjador han participat en el projecte #AlNatural: Repte col\u00b7lectiu d\u2019Art-Den\u00fancia -a iniciativa de l\u2019empresa que gestiona el &hellip; <a href=\"https:\/\/bisbalpenedes.com\/web\/2022\/04\/08\/diversos-alumnes-de-lescola-ull-de-vent-han-participat-en-el-projecte-alnatural-repte-collectiu-dart-denuncia\/\" class=\"more-link\">Read More<\/a><\/p>\n","protected":false},"author":4,"featured_media":21500,"comment_status":"closed","ping_status":"closed","sticky":false,"template":"","format":"standard","meta":[],"categories":[3456,32,8],"tags":[5209,5210,337,393],"_links":{"self":[{"href":"https:\/\/bisbalpenedes.com\/web\/wp-json\/wp\/v2\/posts\/21499"}],"collection":[{"href":"https:\/\/bisbalpenedes.com\/web\/wp-json\/wp\/v2\/posts"}],"about":[{"href":"https:\/\/bisbalpenedes.com\/web\/wp-json\/wp\/v2\/types\/post"}],"author":[{"embeddable":true,"href":"https:\/\/bisbalpenedes.com\/web\/wp-json\/wp\/v2\/users\/4"}],"replies":[{"embeddable":true,"href":"https:\/\/bisbalpenedes.com\/web\/wp-json\/wp\/v2\/comments?post=21499"}],"version-history":[{"count":1,"href":"https:\/\/bisbalpenedes.com\/web\/wp-json\/wp\/v2\/posts\/21499\/revisions"}],"predecessor-version":[{"id":21501,"href":"https:\/\/bisbalpenedes.com\/web\/wp-json\/wp\/v2\/posts\/21499\/revisions\/21501"}],"wp:featuredmedia":[{"embeddable":true,"href":"https:\/\/bisbalpenedes.com\/web\/wp-json\/wp\/v2\/media\/21500"}],"wp:attachment":[{"href":"https:\/\/bisbalpenedes.com\/web\/wp-json\/wp\/v2\/media?parent=21499"}],"wp:term":[{"taxonomy":"category","embeddable":true,"href":"https:\/\/bisbalpenedes.com\/web\/wp-json\/wp\/v2\/categories?post=21499"},{"taxonomy":"post_tag","embeddable":true,"href":"https:\/\/bisbalpenedes.com\/web\/wp-json\/wp\/v2\/tags?post=21499"}],"curies":[{"name":"wp","href":"https:\/\/api.w.org\/{rel}","templated":true}]}}