{"id":21490,"date":"2022-04-08T08:03:23","date_gmt":"2022-04-08T06:03:23","guid":{"rendered":"https:\/\/bisbalpenedes.com\/web\/?p=21490"},"modified":"2022-04-08T08:03:23","modified_gmt":"2022-04-08T06:03:23","slug":"el-diumenge-24-dabril-tindra-lloc-el-cros-comarcal-pels-carrers-del-municipi","status":"publish","type":"post","link":"https:\/\/bisbalpenedes.com\/web\/2022\/04\/08\/el-diumenge-24-dabril-tindra-lloc-el-cros-comarcal-pels-carrers-del-municipi\/","title":{"rendered":"El diumenge 24 d&#8217;abril tindr\u00e0 lloc el Cros Comarcal pels carrers del municipi"},"content":{"rendered":"\n<p>Un any m\u00e9s, arriba el Cros a la Bisbal del Pened\u00e8s. Enguany tindr\u00e0 lloc el diumenge 24 d&#8217;abril, a partir de les 11.00h, des de l\u2019avda. Baix Pened\u00e8s. La cursa comptar\u00e0 amb la participaci\u00f3 d\u2019infants i joves de tota la comarca, entre els quals hi haur\u00e0 els alumnes de l\u2019Escola Ull de Vent i de l\u2019Institut Coster de la Torre.<\/p>\n\n\n\n<hr class=\"wp-block-separator\"\/>\n\n\n\n<p><strong>CASTELLANO |<\/strong>\u00a0Un a\u00f1o m\u00e1s, llega el Cros a la Bisbal del Pened\u00e8s. Este a\u00f1o tendr\u00e1 lugar el domingo 24 de abril, a partir de las 11.00h, desde la avda. Baix Pened\u00e8s. La carrera contar\u00e1 con la participaci\u00f3n de ni\u00f1os y j\u00f3venes de toda la comarca, entre los cuales habr\u00e1 los alumnos de la Escola Ull de Vent y del Institut Coster de la Torre.<\/p>\n","protected":false},"excerpt":{"rendered":"<p>Un any m\u00e9s, arriba el Cros a la Bisbal del Pened\u00e8s. Enguany tindr\u00e0 lloc el diumenge 24 d&#8217;abril, a partir de les 11.00h, des de l\u2019avda. Baix Pened\u00e8s. La cursa &hellip; <a href=\"https:\/\/bisbalpenedes.com\/web\/2022\/04\/08\/el-diumenge-24-dabril-tindra-lloc-el-cros-comarcal-pels-carrers-del-municipi\/\" class=\"more-link\">Read More<\/a><\/p>\n","protected":false},"author":4,"featured_media":21487,"comment_status":"closed","ping_status":"closed","sticky":false,"template":"","format":"standard","meta":[],"categories":[16,19,8],"tags":[459,218,5205,5206,368,393],"_links":{"self":[{"href":"https:\/\/bisbalpenedes.com\/web\/wp-json\/wp\/v2\/posts\/21490"}],"collection":[{"href":"https:\/\/bisbalpenedes.com\/web\/wp-json\/wp\/v2\/posts"}],"about":[{"href":"https:\/\/bisbalpenedes.com\/web\/wp-json\/wp\/v2\/types\/post"}],"author":[{"embeddable":true,"href":"https:\/\/bisbalpenedes.com\/web\/wp-json\/wp\/v2\/users\/4"}],"replies":[{"embeddable":true,"href":"https:\/\/bisbalpenedes.com\/web\/wp-json\/wp\/v2\/comments?post=21490"}],"version-history":[{"count":1,"href":"https:\/\/bisbalpenedes.com\/web\/wp-json\/wp\/v2\/posts\/21490\/revisions"}],"predecessor-version":[{"id":21491,"href":"https:\/\/bisbalpenedes.com\/web\/wp-json\/wp\/v2\/posts\/21490\/revisions\/21491"}],"wp:featuredmedia":[{"embeddable":true,"href":"https:\/\/bisbalpenedes.com\/web\/wp-json\/wp\/v2\/media\/21487"}],"wp:attachment":[{"href":"https:\/\/bisbalpenedes.com\/web\/wp-json\/wp\/v2\/media?parent=21490"}],"wp:term":[{"taxonomy":"category","embeddable":true,"href":"https:\/\/bisbalpenedes.com\/web\/wp-json\/wp\/v2\/categories?post=21490"},{"taxonomy":"post_tag","embeddable":true,"href":"https:\/\/bisbalpenedes.com\/web\/wp-json\/wp\/v2\/tags?post=21490"}],"curies":[{"name":"wp","href":"https:\/\/api.w.org\/{rel}","templated":true}]}}