{"id":21461,"date":"2022-04-06T19:52:54","date_gmt":"2022-04-06T17:52:54","guid":{"rendered":"https:\/\/bisbalpenedes.com\/web\/?p=21461"},"modified":"2022-04-06T19:52:54","modified_gmt":"2022-04-06T17:52:54","slug":"la-bisbal-del-penedes-celebrara-sant-jordi-durant-tres-dies","status":"publish","type":"post","link":"https:\/\/bisbalpenedes.com\/web\/2022\/04\/06\/la-bisbal-del-penedes-celebrara-sant-jordi-durant-tres-dies\/","title":{"rendered":"La Bisbal del Pened\u00e8s celebrar\u00e0 Sant Jordi durant tres dies"},"content":{"rendered":"\n<p>La Regidoria de Cultura de l\u2019Ajuntament de la Bisbal del Pened\u00e8s ha preparat un programa d\u2019actes, amb motiu de Sant Jordi, que s\u2019allargar\u00e0 durant tres dies. Es tracta d\u2019un programa complet que compta amb activitats per a totes les edats.<\/p>\n\n\n\n<p><strong>El divendres 22 d\u2019abril, a les 20h,<\/strong> l\u2019auditori Salb\u00e0 del Centre Municipal de Cultura (CMC) acollir\u00e0 la presentaci\u00f3 del llibre de Nati Soler \u201cPortes obertes, portes tancades, portes que canvien la vida\u201d.<\/p>\n\n\n\n<p><strong>El dissabte 23 d\u2019abril, a les 11:30h,<\/strong> la pla\u00e7a Pau Casals acollir\u00e0 l\u2019entrega de premis del Concurs Literari Infantil de Sant Jordi i, a continuaci\u00f3, hi haur\u00e0 una actuaci\u00f3 familiar amb animaci\u00f3 infantil. El mateix dia, <strong>a les 18h,<\/strong> tindr\u00e0 lloc el lliurament de premis del 14\u00e8 Concurs Literari infantil de Sant Jordi i, a continuaci\u00f3, l\u2019actuaci\u00f3 del grup de folk lleidat\u00e0 Lauzeta, que presentar\u00e0 el seu darrer disc.<\/p>\n\n\n\n<p><strong>El diumenge 24 d\u2019abril, a les 11h<\/strong>, tindr\u00e0 lloc el cros comarcal pels carrers del municipi. A la tarda, <strong>a partir de les 16h,<\/strong> es far\u00e0 una ruta per les barraques de pedra seca des del cementiri fins a L\u2019Ortig\u00f3s, amb l\u2019entitat Senderistes Bisbalencs. A continuaci\u00f3, <strong>aproximadament sobre les 18h<\/strong>, l\u2019esplanada del Mas del Sol de L\u2019Ortig\u00f3s acollir\u00e0 la presentaci\u00f3 del llibre \u201cLes barraques de pedra seca de la Bisbal del Pened\u00e8s. Part 2 Centre-Est\u201d, de Jaume Mir\u00f3, editat per la Regidoria de Cultura. Hi haur\u00e0 berenar amb pa i botifarra i m\u00fasica ambiental amb el DJ Arr\u00edtmic.<\/p>\n\n\n\n<p><strong><u>Important:<\/u><\/strong> per a la presentaci\u00f3 del llibre del dia 24 d\u2019abril a la tarda caldr\u00e0 formalitzar la inscripci\u00f3 trucant al 608 56 88 81 o enviant un Whatsapp al 684 41 68 43. D\u2019altra banda, els interessats en fer la ruta a peu tamb\u00e9 s\u2019han d\u2019inscriure adre\u00e7ant-se a l\u2019entitat Senderistes Bisbalencs <a href=\"mailto:senderistes@bisbalpenedes.com\">senderistes@bisbalpenedes.com<\/a><\/p>\n\n\n\n<hr class=\"wp-block-separator\"\/>\n\n\n\n<p><strong>CASTELLANO |<\/strong> La Concejal\u00eda de Cultura del Ayuntamiento de la Bisbal del Pened\u00e8s ha preparado un programa de actos, con motivo de Sant Jordi, que se alargar\u00e1 durante tres d\u00edas. Se trata de un programa completo que cuenta con actividades para todas las edades.<\/p>\n\n\n\n<p>El viernes 22 de abril, a las 20h, el auditorio Salb\u00e0 del Centre Municipal de Cultura (CMC) acoger\u00e1 la presentaci\u00f3n del libro de Nati Soler &#8220;Portes obertes, portes tancades, portes que canvien la vida&#8221;.<\/p>\n\n\n\n<p>El s\u00e1bado 23 de abril, a las 11:30h, la plaza Pau Casals acoger\u00e1 la entrega de premios del Concurso literario Infantil de Sant Jordi y, a continuaci\u00f3n, habr\u00e1 una actuaci\u00f3n familiar con animaci\u00f3n infantil. El mismo d\u00eda, a las 18h, tendr\u00e1 lugar la entrega de premios del 14\u00ba Concurso Literario infantil de Sant Jordi y, a continuaci\u00f3n, la actuaci\u00f3n del grupo de folk leridano Lauzeta, que presentar\u00e1 su \u00faltimo disco.<\/p>\n\n\n\n<p>El domingo 24 de abril, a las 11h, tendr\u00e1 lugar el <em>cros<\/em> comarcal por las calles del municipio. Por la tarde, a partir de las 16h, se har\u00e1 una ruta por las barracas de piedra seca des del cementerio hasta L&#8217;Ortig\u00f3s, con la entidad Senderistes Bisbalencs. A continuaci\u00f3n, aproximadamente sobre las 18h, la explanada del Mas del Sol de L&#8217;Ortig\u00f3s acoger\u00e1 la presentaci\u00f3n del libro &#8220;Les barraques de pedra seca de la Bisbal del Pened\u00e8s. Part 2 Centre-Est&#8221;, de Jaume Mir\u00f3, editado por la Concejal\u00eda de Cultura. Habr\u00e1 merienda con pan y butifarra y m\u00fasica ambiental con DJ Arr\u00edtmic.<\/p>\n\n\n\n<p>Importante: para la presentaci\u00f3n del libro del d\u00eda 24 de abril por la tarde ser\u00e1 necesario formalizar la inscripci\u00f3n llamando al 608 56 88 81 o enviando un Whatsapp al 684 41 68 43. Por otro lado, los interesados en hacer la ruta a pi\u00e9 tambi\u00e9n tienen que inscribirse dirigi\u00e9ndose a la entidad Senderistes Bisbalencs <a href=\"mailto:senderistes@bisbalpenedes.com\">senderistes@bisbalpenedes.com<\/a><\/p>\n","protected":false},"excerpt":{"rendered":"<p>La Regidoria de Cultura de l\u2019Ajuntament de la Bisbal del Pened\u00e8s ha preparat un programa d\u2019actes, amb motiu de Sant Jordi, que s\u2019allargar\u00e0 durant tres dies. Es tracta d\u2019un programa &hellip; <a href=\"https:\/\/bisbalpenedes.com\/web\/2022\/04\/06\/la-bisbal-del-penedes-celebrara-sant-jordi-durant-tres-dies\/\" class=\"more-link\">Read More<\/a><\/p>\n","protected":false},"author":4,"featured_media":21462,"comment_status":"closed","ping_status":"closed","sticky":false,"template":"","format":"standard","meta":[],"categories":[2942,13,8],"tags":[4451,955,73,5192,5191,1711,5193,273,4455,604,4800,47,72,5187,352,5190,64,5186,856],"_links":{"self":[{"href":"https:\/\/bisbalpenedes.com\/web\/wp-json\/wp\/v2\/posts\/21461"}],"collection":[{"href":"https:\/\/bisbalpenedes.com\/web\/wp-json\/wp\/v2\/posts"}],"about":[{"href":"https:\/\/bisbalpenedes.com\/web\/wp-json\/wp\/v2\/types\/post"}],"author":[{"embeddable":true,"href":"https:\/\/bisbalpenedes.com\/web\/wp-json\/wp\/v2\/users\/4"}],"replies":[{"embeddable":true,"href":"https:\/\/bisbalpenedes.com\/web\/wp-json\/wp\/v2\/comments?post=21461"}],"version-history":[{"count":1,"href":"https:\/\/bisbalpenedes.com\/web\/wp-json\/wp\/v2\/posts\/21461\/revisions"}],"predecessor-version":[{"id":21463,"href":"https:\/\/bisbalpenedes.com\/web\/wp-json\/wp\/v2\/posts\/21461\/revisions\/21463"}],"wp:featuredmedia":[{"embeddable":true,"href":"https:\/\/bisbalpenedes.com\/web\/wp-json\/wp\/v2\/media\/21462"}],"wp:attachment":[{"href":"https:\/\/bisbalpenedes.com\/web\/wp-json\/wp\/v2\/media?parent=21461"}],"wp:term":[{"taxonomy":"category","embeddable":true,"href":"https:\/\/bisbalpenedes.com\/web\/wp-json\/wp\/v2\/categories?post=21461"},{"taxonomy":"post_tag","embeddable":true,"href":"https:\/\/bisbalpenedes.com\/web\/wp-json\/wp\/v2\/tags?post=21461"}],"curies":[{"name":"wp","href":"https:\/\/api.w.org\/{rel}","templated":true}]}}