{"id":21418,"date":"2022-04-01T19:45:31","date_gmt":"2022-04-01T17:45:31","guid":{"rendered":"https:\/\/bisbalpenedes.com\/web\/?p=21418"},"modified":"2022-04-01T19:45:31","modified_gmt":"2022-04-01T17:45:31","slug":"la-primera-tinenta-dalcaldia-judith-vidal-ha-assistit-aquest-dimecres-a-la-reunio-de-treball-del-consell-comarcal-del-baix-penedes-amb-la-consellera-de-presidencia-laura-vilagra","status":"publish","type":"post","link":"https:\/\/bisbalpenedes.com\/web\/2022\/04\/01\/la-primera-tinenta-dalcaldia-judith-vidal-ha-assistit-aquest-dimecres-a-la-reunio-de-treball-del-consell-comarcal-del-baix-penedes-amb-la-consellera-de-presidencia-laura-vilagra\/","title":{"rendered":"La primera tinenta d&#8217;alcaldia, Judith Vidal, ha assistit -aquest dimecres- a la reuni\u00f3 de treball del Consell Comarcal del Baix Pened\u00e8s amb la Consellera de Presid\u00e8ncia, Laura Vilagr\u00e0"},"content":{"rendered":"\n<p>El passat dimecres 30 de mar\u00e7, al mat\u00ed, el Consell Comarcal del Baix Pened\u00e8s ha acollit una reuni\u00f3 de treball amb la Consellera de Presid\u00e8ncia, Laura Vilagr\u00e0, per analitzar els aven\u00e7os i continuar treballant per donar resposta a les demandes del territori. Han pres part de la trobada alcaldes o representants dels governs dels municipis de la comarca i, en el cas de la Bisbal del Pened\u00e8s, hi ha assistit la primera tinenta d&#8217;alcaldia, Judith Vidal.<\/p>\n\n\n\n<p>La reuni\u00f3 ha servit per exposar els aven\u00e7os necessaris a la comarca. Com a \u00e0mbit prioritari, s&#8217;ha plantejat el de la salut, ja que &#8220;l&#8217;hospital no dona coll per tanta poblaci\u00f3&#8221;. D&#8217;altra banda, tamb\u00e9 s&#8217;ha exposat que \u00e9s necessari un pla de xoc per reindustrialitzar i baixar la taxa d&#8217;atur. En aquest apartat, la inclusi\u00f3 del Baix Pened\u00e8s al programa <em>&#8216;8 comarques&#8217;<\/em> ser\u00e0 clau.<\/p>\n\n\n\n<p>Per la seva part, la consellera ha explicat als alcaldes com es far\u00e0 el proper desplegament dels serveis territorials de la Generalitat de Catalunya al territori, per estar m\u00e9s propers a la ciutadania i menys disgregats -com fins ara-\u00a0 i amb l&#8217;objectiu de poder donar un millor servei.<\/p>\n\n\n\n<hr class=\"wp-block-separator\"\/>\n\n\n\n<figure class=\"wp-block-image size-large\"><img loading=\"lazy\" width=\"1024\" height=\"576\" src=\"https:\/\/bisbalpenedes.com\/web\/wp-content\/uploads\/2022\/04\/CONSELLERA-LAURA-2-JUDITH-1024x576.jpeg\" alt=\"\" class=\"wp-image-21420\" srcset=\"https:\/\/bisbalpenedes.com\/web\/wp-content\/uploads\/2022\/04\/CONSELLERA-LAURA-2-JUDITH-1024x576.jpeg 1024w, https:\/\/bisbalpenedes.com\/web\/wp-content\/uploads\/2022\/04\/CONSELLERA-LAURA-2-JUDITH-600x338.jpeg 600w, https:\/\/bisbalpenedes.com\/web\/wp-content\/uploads\/2022\/04\/CONSELLERA-LAURA-2-JUDITH-300x169.jpeg 300w, https:\/\/bisbalpenedes.com\/web\/wp-content\/uploads\/2022\/04\/CONSELLERA-LAURA-2-JUDITH-768x432.jpeg 768w, https:\/\/bisbalpenedes.com\/web\/wp-content\/uploads\/2022\/04\/CONSELLERA-LAURA-2-JUDITH-1536x864.jpeg 1536w, https:\/\/bisbalpenedes.com\/web\/wp-content\/uploads\/2022\/04\/CONSELLERA-LAURA-2-JUDITH.jpeg 1600w\" sizes=\"(max-width: 1024px) 100vw, 1024px\" \/><\/figure>\n\n\n\n<p><strong>La primera tenienta de alcald\u00eda, Judith Vidal, ha asistido a la reuni\u00f3n de trabajo del Consell Comarcal del Baix Pened\u00e8s con la <em>Consellera<\/em> de Presidencia, Laura Vilagr\u00e0<\/strong><\/p>\n\n\n\n<p>El pasado mi\u00e9rcoles 30 de marzo, por la ma\u00f1ana, el Consell Comarcal del Baix Pened\u00e8s acogi\u00f3 una reuni\u00f3n de trabajo con la <em>Consellera <\/em>de Presidencia, Laura Vilagr\u00e0, para analizar los avances y seguir trabajando para dar respuesta a las demandas del territorio. Han tomado parte del encuentro los alcaldes o representantes de los gobiernos municipales de la comarcal y, en el caso de la Bisbal del Pened\u00e8s, ha asistido la primera tenienta de alcald\u00eda, Judith Vidal.<\/p>\n\n\n\n<p>La reuni\u00f3n ha servido para exponer los avances necesarios en la comarca. Como \u00e1mbito prioritario se ha planteado el de la salud, ya que &#8220;el hospital no da para tanta poblaci\u00f3n&#8221;. Por otro lado, tambi\u00e9n se ha expuesto que es necesario un plan de choque para reindustrializar y bajar la tasa de paro. En este apartado, la inclusi\u00f3n del Baix Pened\u00e8s en el programa &#8216;<em>8 comarques&#8217; <\/em>ser\u00e1 clave.<\/p>\n\n\n\n<p>Por su parte, la <em>consellera<\/em> ha explicado a los alcaldes c\u00f3mo se har\u00e1 el pr\u00f3ximo despliegue de los servicios territoriales de la Generalitat en el territorio, para estar m\u00e1s cercanos a la ciudadan\u00eda y menos disgregados como hasta ahora- y con el objetivo de poder dar un mejor servicio.<\/p>\n","protected":false},"excerpt":{"rendered":"<p>El passat dimecres 30 de mar\u00e7, al mat\u00ed, el Consell Comarcal del Baix Pened\u00e8s ha acollit una reuni\u00f3 de treball amb la Consellera de Presid\u00e8ncia, Laura Vilagr\u00e0, per analitzar els &hellip; <a href=\"https:\/\/bisbalpenedes.com\/web\/2022\/04\/01\/la-primera-tinenta-dalcaldia-judith-vidal-ha-assistit-aquest-dimecres-a-la-reunio-de-treball-del-consell-comarcal-del-baix-penedes-amb-la-consellera-de-presidencia-laura-vilagra\/\" class=\"more-link\">Read More<\/a><\/p>\n","protected":false},"author":4,"featured_media":21419,"comment_status":"closed","ping_status":"closed","sticky":false,"template":"","format":"standard","meta":[],"categories":[2057,8],"tags":[459,5173,865,2389,2512,393,5175,2880],"_links":{"self":[{"href":"https:\/\/bisbalpenedes.com\/web\/wp-json\/wp\/v2\/posts\/21418"}],"collection":[{"href":"https:\/\/bisbalpenedes.com\/web\/wp-json\/wp\/v2\/posts"}],"about":[{"href":"https:\/\/bisbalpenedes.com\/web\/wp-json\/wp\/v2\/types\/post"}],"author":[{"embeddable":true,"href":"https:\/\/bisbalpenedes.com\/web\/wp-json\/wp\/v2\/users\/4"}],"replies":[{"embeddable":true,"href":"https:\/\/bisbalpenedes.com\/web\/wp-json\/wp\/v2\/comments?post=21418"}],"version-history":[{"count":2,"href":"https:\/\/bisbalpenedes.com\/web\/wp-json\/wp\/v2\/posts\/21418\/revisions"}],"predecessor-version":[{"id":21422,"href":"https:\/\/bisbalpenedes.com\/web\/wp-json\/wp\/v2\/posts\/21418\/revisions\/21422"}],"wp:featuredmedia":[{"embeddable":true,"href":"https:\/\/bisbalpenedes.com\/web\/wp-json\/wp\/v2\/media\/21419"}],"wp:attachment":[{"href":"https:\/\/bisbalpenedes.com\/web\/wp-json\/wp\/v2\/media?parent=21418"}],"wp:term":[{"taxonomy":"category","embeddable":true,"href":"https:\/\/bisbalpenedes.com\/web\/wp-json\/wp\/v2\/categories?post=21418"},{"taxonomy":"post_tag","embeddable":true,"href":"https:\/\/bisbalpenedes.com\/web\/wp-json\/wp\/v2\/tags?post=21418"}],"curies":[{"name":"wp","href":"https:\/\/api.w.org\/{rel}","templated":true}]}}