{"id":21414,"date":"2022-04-01T19:37:31","date_gmt":"2022-04-01T17:37:31","guid":{"rendered":"https:\/\/bisbalpenedes.com\/web\/?p=21414"},"modified":"2022-04-01T21:43:41","modified_gmt":"2022-04-01T19:43:41","slug":"aquest-dissabte-la-casa-de-la-vila-silluminara-de-blau-amb-motiu-del-dia-mundial-de-conscienciacio-sobre-lautisme","status":"publish","type":"post","link":"https:\/\/bisbalpenedes.com\/web\/2022\/04\/01\/aquest-dissabte-la-casa-de-la-vila-silluminara-de-blau-amb-motiu-del-dia-mundial-de-conscienciacio-sobre-lautisme\/","title":{"rendered":"Aquest dissabte La Casa de la Vila s&#8217;il\u00b7luminar\u00e0 de Blau amb motiu del Dia Mundial de Conscienciaci\u00f3 sobre l\u2019Autisme"},"content":{"rendered":"\n<p>Avui, dissabte 2 d&#8217;abril, \u00e9s el Dia Mundial de Conscienciaci\u00f3 sobre l\u2019Autisme i l\u2019Ajuntament se suma a aquesta commemoraci\u00f3. Per aquest motiu, aquest vespre la Casa de la Vila s\u2019il\u00b7luminar\u00e0 de color blau.Per a m\u00e9s informaci\u00f3 sobre l\u2019Autisme podeu accedir al web de l\u2019Associaci\u00f3 Aprenem Autisme: <a rel=\"noreferrer noopener\" href=\"https:\/\/www.associacioaprenem.org\/es\/\" target=\"_blank\">https:\/\/www.associacioaprenem.org\/es\/<\/a><\/p>\n\n\n\n<hr class=\"wp-block-separator\"\/>\n\n\n\n<p><br>Hoy, s\u00e1bado 2 de abril, es el D\u00eda Mundial de Concienciaci\u00f3n sobre el Autismo y el Ayuntamiento se suma a esta conmemoraci\u00f3n. Por este motivo, al anochecer, la casa consistorial se iluminar\u00e1 de color azul. Para m\u00e1s informaci\u00f3n sobre el Autismo pod\u00e9is acceder a la web de la Asociaci\u00f3n Aprenem Autisme: <a rel=\"noreferrer noopener\" href=\"https:\/\/www.associacioaprenem.org\/es\/\" target=\"_blank\">https:\/\/www.associacioaprenem.org\/es\/<\/a><\/p>\n","protected":false},"excerpt":{"rendered":"<p>Avui, dissabte 2 d&#8217;abril, \u00e9s el Dia Mundial de Conscienciaci\u00f3 sobre l\u2019Autisme i l\u2019Ajuntament se suma a aquesta commemoraci\u00f3. Per aquest motiu, aquest vespre la Casa de la Vila s\u2019il\u00b7luminar\u00e0 &hellip; <a href=\"https:\/\/bisbalpenedes.com\/web\/2022\/04\/01\/aquest-dissabte-la-casa-de-la-vila-silluminara-de-blau-amb-motiu-del-dia-mundial-de-conscienciacio-sobre-lautisme\/\" class=\"more-link\">Read More<\/a><\/p>\n","protected":false},"author":4,"featured_media":21429,"comment_status":"closed","ping_status":"closed","sticky":false,"template":"","format":"standard","meta":[],"categories":[2402,8],"tags":[4431,5172,4430,393],"_links":{"self":[{"href":"https:\/\/bisbalpenedes.com\/web\/wp-json\/wp\/v2\/posts\/21414"}],"collection":[{"href":"https:\/\/bisbalpenedes.com\/web\/wp-json\/wp\/v2\/posts"}],"about":[{"href":"https:\/\/bisbalpenedes.com\/web\/wp-json\/wp\/v2\/types\/post"}],"author":[{"embeddable":true,"href":"https:\/\/bisbalpenedes.com\/web\/wp-json\/wp\/v2\/users\/4"}],"replies":[{"embeddable":true,"href":"https:\/\/bisbalpenedes.com\/web\/wp-json\/wp\/v2\/comments?post=21414"}],"version-history":[{"count":1,"href":"https:\/\/bisbalpenedes.com\/web\/wp-json\/wp\/v2\/posts\/21414\/revisions"}],"predecessor-version":[{"id":21416,"href":"https:\/\/bisbalpenedes.com\/web\/wp-json\/wp\/v2\/posts\/21414\/revisions\/21416"}],"wp:featuredmedia":[{"embeddable":true,"href":"https:\/\/bisbalpenedes.com\/web\/wp-json\/wp\/v2\/media\/21429"}],"wp:attachment":[{"href":"https:\/\/bisbalpenedes.com\/web\/wp-json\/wp\/v2\/media?parent=21414"}],"wp:term":[{"taxonomy":"category","embeddable":true,"href":"https:\/\/bisbalpenedes.com\/web\/wp-json\/wp\/v2\/categories?post=21414"},{"taxonomy":"post_tag","embeddable":true,"href":"https:\/\/bisbalpenedes.com\/web\/wp-json\/wp\/v2\/tags?post=21414"}],"curies":[{"name":"wp","href":"https:\/\/api.w.org\/{rel}","templated":true}]}}