{"id":21405,"date":"2022-03-31T17:58:35","date_gmt":"2022-03-31T15:58:35","guid":{"rendered":"https:\/\/bisbalpenedes.com\/web\/?p=21405"},"modified":"2022-03-31T17:58:35","modified_gmt":"2022-03-31T15:58:35","slug":"entrevista-a-lalcaldessa-agnes-ferre-sobre-temes-municipals-al-programa-de-televisio-ull-al-dia-detv-2","status":"publish","type":"post","link":"https:\/\/bisbalpenedes.com\/web\/2022\/03\/31\/entrevista-a-lalcaldessa-agnes-ferre-sobre-temes-municipals-al-programa-de-televisio-ull-al-dia-detv-2\/","title":{"rendered":"Entrevista a l\u2019alcaldessa Agn\u00e8s Ferr\u00e9 -sobre temes municipals- al programa de televisi\u00f3 Ull al Dia d\u2019ETV"},"content":{"rendered":"\n<p>El programa l&#8217;Ull al dia d&#8217;ETV ha entrevistat l&#8217;alcaldessa de La Bisbal del Pened\u00e8s, Agn\u00e8s Ferr\u00e9, aquest mes de mar\u00e7. L&#8217;entrevista s\u2019ha centrat en el conflicte a Ucra\u00efna, la moci\u00f3 municipalista per donar suport a les mesures contra l&#8217;exclusi\u00f3 financera que es va aprovar al darrer Ple ordinari per unanimitat, el projecte de la LAAT -al qual s&#8217;oposa l&#8217;Ajuntament-, la celebraci\u00f3 dels Tres Tombs i la commemoraci\u00f3 del Dia Internacional de la Dona, entre altres.Enlla\u00e7 a l&#8217;entrevista: <a rel=\"noreferrer noopener\" href=\"https:\/\/etv.alacarta.cat\/l-ull-al-dia\/capitol\/agnes-ferre_22032022\" target=\"_blank\">https:\/\/etv.alacarta.cat\/l-ull-al-dia\/capitol\/agnes-ferre_22032022<\/a><\/p>\n\n\n\n<hr class=\"wp-block-separator\"\/>\n\n\n\n<p>El programa l&#8217;Ull al dia de ETV ha entrevistado a la alcaldesa de La Bisbal Pened\u00e8s, Agn\u00e8s Ferr\u00e9, este mes de marzo. La entrevista se ha centrado en el conflicto en Ucrania, la moci\u00f3n municipalista para apoyar las medidas contra la exclusi\u00f3n financiera que se aprob\u00f3 en el \u00faltimo Pleno ordinario por unanimidad, el proyecto de la LAAT -al cual se opone el Ayuntamiento-, la celebraci\u00f3n de los Tres Tombs y la conmemoraci\u00f3n del D\u00eda Internacional de la Mujer, entre otros.Enlace a la entrevista: <a href=\"https:\/\/etv.alacarta.cat\/l-ull-al-dia\/capitol\/agnes-ferre_22032022\" target=\"_blank\" rel=\"noreferrer noopener\">https:\/\/etv.alacarta.cat\/l-ull-al-dia\/capitol\/agnes-ferre_22032022<\/a><\/p>\n","protected":false},"excerpt":{"rendered":"<p>El programa l&#8217;Ull al dia d&#8217;ETV ha entrevistat l&#8217;alcaldessa de La Bisbal del Pened\u00e8s, Agn\u00e8s Ferr\u00e9, aquest mes de mar\u00e7. L&#8217;entrevista s\u2019ha centrat en el conflicte a Ucra\u00efna, la moci\u00f3 &hellip; <a href=\"https:\/\/bisbalpenedes.com\/web\/2022\/03\/31\/entrevista-a-lalcaldessa-agnes-ferre-sobre-temes-municipals-al-programa-de-televisio-ull-al-dia-detv-2\/\" class=\"more-link\">Read More<\/a><\/p>\n","protected":false},"author":4,"featured_media":21406,"comment_status":"closed","ping_status":"closed","sticky":false,"template":"","format":"standard","meta":[],"categories":[2057,8],"tags":[1151,2092,2471,5171,393],"_links":{"self":[{"href":"https:\/\/bisbalpenedes.com\/web\/wp-json\/wp\/v2\/posts\/21405"}],"collection":[{"href":"https:\/\/bisbalpenedes.com\/web\/wp-json\/wp\/v2\/posts"}],"about":[{"href":"https:\/\/bisbalpenedes.com\/web\/wp-json\/wp\/v2\/types\/post"}],"author":[{"embeddable":true,"href":"https:\/\/bisbalpenedes.com\/web\/wp-json\/wp\/v2\/users\/4"}],"replies":[{"embeddable":true,"href":"https:\/\/bisbalpenedes.com\/web\/wp-json\/wp\/v2\/comments?post=21405"}],"version-history":[{"count":1,"href":"https:\/\/bisbalpenedes.com\/web\/wp-json\/wp\/v2\/posts\/21405\/revisions"}],"predecessor-version":[{"id":21407,"href":"https:\/\/bisbalpenedes.com\/web\/wp-json\/wp\/v2\/posts\/21405\/revisions\/21407"}],"wp:featuredmedia":[{"embeddable":true,"href":"https:\/\/bisbalpenedes.com\/web\/wp-json\/wp\/v2\/media\/21406"}],"wp:attachment":[{"href":"https:\/\/bisbalpenedes.com\/web\/wp-json\/wp\/v2\/media?parent=21405"}],"wp:term":[{"taxonomy":"category","embeddable":true,"href":"https:\/\/bisbalpenedes.com\/web\/wp-json\/wp\/v2\/categories?post=21405"},{"taxonomy":"post_tag","embeddable":true,"href":"https:\/\/bisbalpenedes.com\/web\/wp-json\/wp\/v2\/tags?post=21405"}],"curies":[{"name":"wp","href":"https:\/\/api.w.org\/{rel}","templated":true}]}}