{"id":21397,"date":"2022-04-01T07:00:00","date_gmt":"2022-04-01T05:00:00","guid":{"rendered":"https:\/\/bisbalpenedes.com\/web\/?p=21397"},"modified":"2022-03-31T15:47:09","modified_gmt":"2022-03-31T13:47:09","slug":"el-dissabte-30-dabril-el-cmc-acollira-la-projeccio-de-la-pellicula-mediterraneo-del-cicle-gaudi","status":"publish","type":"post","link":"https:\/\/bisbalpenedes.com\/web\/2022\/04\/01\/el-dissabte-30-dabril-el-cmc-acollira-la-projeccio-de-la-pellicula-mediterraneo-del-cicle-gaudi\/","title":{"rendered":"El dissabte 30 d\u2019abril el CMC acollir\u00e0 la projecci\u00f3 de la pel\u00b7l\u00edcula \u201cMediterr\u00e1neo\u201d del Cicle Gaud\u00ed"},"content":{"rendered":"\n<figure class=\"wp-block-embed is-type-video is-provider-youtube wp-block-embed-youtube wp-embed-aspect-16-9 wp-has-aspect-ratio\"><div class=\"wp-block-embed__wrapper\">\n<iframe loading=\"lazy\" title=\"Cicle Gaud\u00ed: &quot;Mediterr\u00e1neo&quot;\" width=\"1170\" height=\"658\" src=\"https:\/\/www.youtube.com\/embed\/TmRt_HjHIG4?feature=oembed\" frameborder=\"0\" allow=\"accelerometer; autoplay; clipboard-write; encrypted-media; gyroscope; picture-in-picture\" allowfullscreen><\/iframe>\n<\/div><\/figure>\n\n\n\n<p>Aquest mes d\u2019abril projectarem la pel\u00b7l\u00edcula\u00a0<strong>\u201cMediterr\u00e1neo\u201d del Cicle Gaud\u00ed.<\/strong> Com \u00e9s habitual, es projectar\u00e0 a\u00a0<strong>l\u2019Auditori Salb\u00e0 del CMC.<\/strong>\u00a0La projecci\u00f3 tindr\u00e0 lloc el\u00a0<strong>dissabte 30 d\u2019abril, a les 19h, <\/strong>i les entrades tenen un preu de 4,5\u20ac -o 3\u20ac presentant el carnet de la Biblioteca P\u00fablica de la Bisbal del Pened\u00e8s.<\/p>\n\n\n\n<p>La recaptaci\u00f3 de les entrades va a parar a l\u2019entitat que gestiona la venda de les entrades i, l\u2019ordre, es decideix per sorteig. Aquest mes \u00e9s el torn de Senderistes Bisbalencs.<\/p>\n\n\n\n<p><strong>FITXA T\u00c8CNICA<\/strong><\/p>\n\n\n\n<p>Direcci\u00f3: Maercel Barrena<\/p>\n\n\n\n<p>Gui\u00f3: Danielle Schleif, Marcel Barrena, \u00d3scar Camps<\/p>\n\n\n\n<p>Direcci\u00f3 de fotografia: Kiko de la Rica<\/p>\n\n\n\n<p>Estrena: Octubre 2021<\/p>\n\n\n\n<p>Durada: 112 min.<\/p>\n\n\n\n<p>G\u00e8nere: Drama<\/p>\n\n\n\n<p>Versi\u00f3: Original en castell\u00e0<\/p>\n\n\n\n<p>Int\u00e8rpr\u00e8ts: Eduard Fern\u00e1ndez, Dani Rovira, Anna Castillo, Sergi L\u00f3pez, \u00c0lex Monner, Melika Foroutan, Patricia L\u00f3pez Arnaiz, Vassilis Bisbikis, Giannis Niaros, Drosos Skotis, Yiota Festa, Constantin Symsiris.<\/p>\n\n\n\n<p><strong>SINOPSI<\/strong><\/p>\n\n\n\n<p>Ens remuntem fins a l\u2019any 2015 quan l\u2019\u00d2scar i el Gerard viatgen fins a l\u2019illa de Lesbos, a Gr\u00e8cia, impactats per la fotografia d\u2019un nen ofegat en les aig\u00fces del Mediterrani.<\/p>\n\n\n\n<p>En arribar descobreixen que milers de persones arrisquen les seves vides cada dia creuant la mar fugint de conflictes armats en condicions prec\u00e0ries. No obstant aix\u00f2, ning\u00fa fa res per salvar les seves vides. Al costat d\u2019altres membres de l\u2019equip, lluitaran per donar suport a persones que el necessiten. Una hist\u00f2ria basada en fets reals sobre el naixement de Proactiva Open Arms.<\/p>\n\n\n\n<hr class=\"wp-block-separator\"\/>\n\n\n\n<p><strong>CASTELLANO |<\/strong>\u00a0Este mes de abril proyectaremos la pel\u00edcula <strong>\u201cMediterr\u00e1neo\u201d del Cicle Gaud\u00ed. <\/strong>Como es habitual, se proyectar\u00e1 en el <strong>Auditorio Salb\u00e0 del CMC.<\/strong> La proyecci\u00f3n tendr\u00e1 lugar el <strong>s\u00e1bado 30 de abril, a las 19h,<\/strong> y las entradas tienen un precio de 4,5\u20ac o 3\u20ac presentando el carn\u00e9 de la Biblioteca P\u00fablica de la Bisbal del Pened\u00e8s.<\/p>\n\n\n\n<p>La recaudaci\u00f3n de las entradas ir\u00e1 a parar a la entidad que gestiona la venta de entradas y, el orden, se decide por sorteo. Este mes es el turno de Senderistes Bisbalencs.<\/p>\n\n\n\n<p><strong>FICHA T\u00c9CNICA<\/strong><\/p>\n\n\n\n<p>Direcci\u00f3n: Maercel Barrena<\/p>\n\n\n\n<p>Gui\u00f3n: Danielle Schleif, Marcel Barrena, \u00d3scar Camps<\/p>\n\n\n\n<p>Direcci\u00f3n de fotograf\u00eda: Kiko de la Rica<\/p>\n\n\n\n<p>Estreno: Octubre 2021<\/p>\n\n\n\n<p>Duraci\u00f3n: 112 min<\/p>\n\n\n\n<p>G\u00e9nero: Drama<\/p>\n\n\n\n<p>Versi\u00f3n: Original en castellano<\/p>\n\n\n\n<p>Int\u00e9rpretes: Eduard Fern\u00e1ndez, Dani Rovira, Anna Castillo, Sergi L\u00f3pez, \u00c0lex Monner, Melika Foroutan, Patricia L\u00f3pez Arnaiz, Vassilis, Bisbikis, Giannis Niaros, Drosos Skotis, Yiota Festa, Constantin Symsiris.<\/p>\n\n\n\n<p><strong>SINOPSIS<\/strong><\/p>\n\n\n\n<p>Nos remontamos hasta el a\u00f1o 2015 cuando \u00d3scar y Gerard viajan hasta la isla de Lesbos, en Grecia, impactados por la fotograf\u00eda de un ni\u00f1o ahogado en las aguas del Mediterr\u00e1neo.<\/p>\n\n\n\n<p>Al llegar descubren que miles de personas arriesgan sus vidas cada d\u00eda cruzando el mar huyendo de conflictos armados en condiciones precarias. No obstante, nadie hace nada por salvar sus vidas. Al lado de otros miembros del equipo, luchar\u00e1n por apoyar a las personas que lo necesitan. Una historia basada en hechos reales sobre el nacimiento de Proactiva Open Arms.<\/p>\n","protected":false},"excerpt":{"rendered":"<p>Aquest mes d\u2019abril projectarem la pel\u00b7l\u00edcula\u00a0\u201cMediterr\u00e1neo\u201d del Cicle Gaud\u00ed. Com \u00e9s habitual, es projectar\u00e0 a\u00a0l\u2019Auditori Salb\u00e0 del CMC.\u00a0La projecci\u00f3 tindr\u00e0 lloc el\u00a0dissabte 30 d\u2019abril, a les 19h, i les entrades &hellip; <a href=\"https:\/\/bisbalpenedes.com\/web\/2022\/04\/01\/el-dissabte-30-dabril-el-cmc-acollira-la-projeccio-de-la-pellicula-mediterraneo-del-cicle-gaudi\/\" class=\"more-link\">Read More<\/a><\/p>\n","protected":false},"author":4,"featured_media":21398,"comment_status":"closed","ping_status":"closed","sticky":false,"template":"","format":"standard","meta":[],"categories":[2942,13,8],"tags":[459,308,813,307,226,393,5166,771],"_links":{"self":[{"href":"https:\/\/bisbalpenedes.com\/web\/wp-json\/wp\/v2\/posts\/21397"}],"collection":[{"href":"https:\/\/bisbalpenedes.com\/web\/wp-json\/wp\/v2\/posts"}],"about":[{"href":"https:\/\/bisbalpenedes.com\/web\/wp-json\/wp\/v2\/types\/post"}],"author":[{"embeddable":true,"href":"https:\/\/bisbalpenedes.com\/web\/wp-json\/wp\/v2\/users\/4"}],"replies":[{"embeddable":true,"href":"https:\/\/bisbalpenedes.com\/web\/wp-json\/wp\/v2\/comments?post=21397"}],"version-history":[{"count":1,"href":"https:\/\/bisbalpenedes.com\/web\/wp-json\/wp\/v2\/posts\/21397\/revisions"}],"predecessor-version":[{"id":21399,"href":"https:\/\/bisbalpenedes.com\/web\/wp-json\/wp\/v2\/posts\/21397\/revisions\/21399"}],"wp:featuredmedia":[{"embeddable":true,"href":"https:\/\/bisbalpenedes.com\/web\/wp-json\/wp\/v2\/media\/21398"}],"wp:attachment":[{"href":"https:\/\/bisbalpenedes.com\/web\/wp-json\/wp\/v2\/media?parent=21397"}],"wp:term":[{"taxonomy":"category","embeddable":true,"href":"https:\/\/bisbalpenedes.com\/web\/wp-json\/wp\/v2\/categories?post=21397"},{"taxonomy":"post_tag","embeddable":true,"href":"https:\/\/bisbalpenedes.com\/web\/wp-json\/wp\/v2\/tags?post=21397"}],"curies":[{"name":"wp","href":"https:\/\/api.w.org\/{rel}","templated":true}]}}