{"id":21379,"date":"2022-03-29T19:20:17","date_gmt":"2022-03-29T17:20:17","guid":{"rendered":"https:\/\/bisbalpenedes.com\/web\/?p=21379"},"modified":"2022-03-29T19:20:17","modified_gmt":"2022-03-29T17:20:17","slug":"el-canon-de-concessio-del-servei-dabastament-daigua-del-2021-es-destinara-a-inversions-a-la-xarxa-daigua","status":"publish","type":"post","link":"https:\/\/bisbalpenedes.com\/web\/2022\/03\/29\/el-canon-de-concessio-del-servei-dabastament-daigua-del-2021-es-destinara-a-inversions-a-la-xarxa-daigua\/","title":{"rendered":"El c\u00e0non de concessi\u00f3 del servei d&#8217;abastament d&#8217;aigua del 2021 es destinar\u00e0 a inversions a la xarxa d&#8217;aigua"},"content":{"rendered":"\n<p>La Junta de Govern del 28 de mar\u00e7 ha aprovat la liquidaci\u00f3 del c\u00e0non de la concessi\u00f3 del servei d&#8217;aigua corresponent a l&#8217;any 2021. La cl\u00e0usula 3\u00aa del contracte per a la gesti\u00f3 del servei d&#8217;abastament d&#8217;aigua potable i clavegueram de la Bisbal del Pened\u00e8s que l&#8217;any 2009 es va signar entre Aqualia Gesti\u00f3n del Agua SA i l&#8217;Ajuntament de la Bisbal del Pened\u00e8s estableix que &#8220;el c\u00e0non de concessi\u00f3 s&#8217;obtindr\u00e0 com a resultat d&#8217;aplicar als m3 facturats durant l&#8217;any, una quantitat de 0,04\u20ac\/m3. El concessionari, si ho considera convenient, podr\u00e0 posar una altra quantitat&#8221;.<\/p>\n\n\n\n<p>L&#8217;import del 2021 ascendeix a 11.554,80\u20ac i l&#8217;Ajuntament de La Bisbal del Pened\u00e8s el destinar\u00e0 a inversions a la xarxa d&#8217;aigua.<\/p>\n\n\n\n<hr class=\"wp-block-separator\"\/>\n\n\n\n<p>La Junta de Gobierno del 28 de marzo ha aprobado la liquidaci\u00f3n del canon de concesi\u00f3n del servicio de agua correspondiente al a\u00f1o 2021. La cl\u00e1usula 3\u00aa del contrato para la gesti\u00f3n del servicio de abastecimiento de agua potable y alcantarillado de la Bisbal del Pened\u00e8s que el a\u00f1o 2009 se firm\u00f3 entre Aqualia Gesti\u00f3n del Agua SA y el Ayuntamiento de la Bisbal del Pened\u00e8s establece que &#8220;el canon de concesi\u00f3n se obtendr\u00e1 como resultado de aplicar a los m3 facturados durante el a\u00f1o, una cantidad de 0,04\u20ac\/m3. El concesionario, si lo considera conveniente, podr\u00e1 poner otra cantidad&#8221;.<\/p>\n\n\n\n<p>El importe del 2021 asciende a 11.554,80\u20ac y el Ayuntamiento de la Bisbal del Pened\u00e8s lo destinar\u00e1 a inversiones en la red de agua.<\/p>\n","protected":false},"excerpt":{"rendered":"<p>La Junta de Govern del 28 de mar\u00e7 ha aprovat la liquidaci\u00f3 del c\u00e0non de la concessi\u00f3 del servei d&#8217;aigua corresponent a l&#8217;any 2021. La cl\u00e0usula 3\u00aa del contracte per &hellip; <a href=\"https:\/\/bisbalpenedes.com\/web\/2022\/03\/29\/el-canon-de-concessio-del-servei-dabastament-daigua-del-2021-es-destinara-a-inversions-a-la-xarxa-daigua\/\" class=\"more-link\">Read More<\/a><\/p>\n","protected":false},"author":4,"featured_media":21380,"comment_status":"closed","ping_status":"closed","sticky":false,"template":"","format":"standard","meta":[],"categories":[8,3352],"tags":[649,5163,1000,393,3134],"_links":{"self":[{"href":"https:\/\/bisbalpenedes.com\/web\/wp-json\/wp\/v2\/posts\/21379"}],"collection":[{"href":"https:\/\/bisbalpenedes.com\/web\/wp-json\/wp\/v2\/posts"}],"about":[{"href":"https:\/\/bisbalpenedes.com\/web\/wp-json\/wp\/v2\/types\/post"}],"author":[{"embeddable":true,"href":"https:\/\/bisbalpenedes.com\/web\/wp-json\/wp\/v2\/users\/4"}],"replies":[{"embeddable":true,"href":"https:\/\/bisbalpenedes.com\/web\/wp-json\/wp\/v2\/comments?post=21379"}],"version-history":[{"count":1,"href":"https:\/\/bisbalpenedes.com\/web\/wp-json\/wp\/v2\/posts\/21379\/revisions"}],"predecessor-version":[{"id":21381,"href":"https:\/\/bisbalpenedes.com\/web\/wp-json\/wp\/v2\/posts\/21379\/revisions\/21381"}],"wp:featuredmedia":[{"embeddable":true,"href":"https:\/\/bisbalpenedes.com\/web\/wp-json\/wp\/v2\/media\/21380"}],"wp:attachment":[{"href":"https:\/\/bisbalpenedes.com\/web\/wp-json\/wp\/v2\/media?parent=21379"}],"wp:term":[{"taxonomy":"category","embeddable":true,"href":"https:\/\/bisbalpenedes.com\/web\/wp-json\/wp\/v2\/categories?post=21379"},{"taxonomy":"post_tag","embeddable":true,"href":"https:\/\/bisbalpenedes.com\/web\/wp-json\/wp\/v2\/tags?post=21379"}],"curies":[{"name":"wp","href":"https:\/\/api.w.org\/{rel}","templated":true}]}}