{"id":21368,"date":"2022-03-29T17:10:31","date_gmt":"2022-03-29T15:10:31","guid":{"rendered":"https:\/\/bisbalpenedes.com\/web\/?p=21368"},"modified":"2022-03-29T17:10:52","modified_gmt":"2022-03-29T15:10:52","slug":"avui-shan-plantat-plantes-aromatiques-al-darrere-del-local-social-de-can-gordei-es-una-activitat-que-estava-prevista-per-al-dia-8-de-marc-pero-que-no-es-va-poder-fer-perque-plovia","status":"publish","type":"post","link":"https:\/\/bisbalpenedes.com\/web\/2022\/03\/29\/avui-shan-plantat-plantes-aromatiques-al-darrere-del-local-social-de-can-gordei-es-una-activitat-que-estava-prevista-per-al-dia-8-de-marc-pero-que-no-es-va-poder-fer-perque-plovia\/","title":{"rendered":"Avui s&#8217;han plantat plantes arom\u00e0tiques al darrere del local social de Can Gordei &#8211; \u00c9s una activitat que estava prevista per al dia 8 de mar\u00e7 per\u00f2 que no es va poder fer perqu\u00e8 plovia"},"content":{"rendered":"\n<p>Avui dimarts 29 de mar\u00e7 la Comissi\u00f3 de Festes \u2018La Carcaj\u00e1\u2019 de Can Gordei, l\u2019Associaci\u00f3 de Dones de la Roca Foradada i l\u2019Associaci\u00f3 de la Gent Gran de la Bisbal s\u2019han trobat amb la regidora de Benestar Social, Paqui Cepas, al darrere de la zona esportiva del local de Can Gordei, al punt on s\u2019ha dut a terme la ruta d\u2019acc\u00e9s en el marc del Pressupost Participatiu 2021.<br>L\u2019objectiu de la trobada era dur a terme la plantaci\u00f3 de plantes aut\u00f2ctones que va quedar pendent de fer el passat 8 de mar\u00e7, Dia Internacional de la Dona, ja que aquell dia plovia.<br>Des d\u2019aqu\u00ed agra\u00efm la participaci\u00f3 de les tres entitats i tamb\u00e9 la col\u00b7laboraci\u00f3 d\u2019Aqualia, ja que l\u2019empresa \u00e9s qui ens ha cedit tot el material per fer la plantaci\u00f3.<\/p>\n\n\n\n<figure class=\"wp-block-image size-large\"><img src=\"blob:https:\/\/bisbalpenedes.com\/9a19df83-1aa3-470b-ae35-22686ac798f0\" alt=\"\"\/><\/figure>\n\n\n\n<hr class=\"wp-block-separator\"\/>\n\n\n\n<p>Hoy martes 29 de marzo la Comisi\u00f3n de Fiestas \u2018La Carcaj\u00e1\u2019 de Can Gordei, la Associaci\u00f3 de Dones de la Roca Foradada y la Associaci\u00f3 de la Gent Gran de la Bisbal se han reunido con la concejala de Bienestar Social, Paqui Cepas, detr\u00e1s de la zona deportiva del local de Can Gordei, en el punto en el que se ha llevado a cabo la ruta de acceso en el marco del Presupuesto Participativo 2021.<br>El objetivo del encuentro era llevar a cabo la plantaci\u00f3n de plantas aut\u00f3ctonas que qued\u00f3 pendiente de hacer el pasado 8 de marzo, D\u00eda Internacional de la Mujer, ya que aquel d\u00eda llov\u00eda.<br>Desde aqu\u00ed agradecemos la participaci\u00f3n de las tres entidades y tambi\u00e9n la colaboraci\u00f3n de Aqualia, ya que la empresa es quien nos ha cedido todo el material para hacer la plantaci\u00f3n.<\/p>\n","protected":false},"excerpt":{"rendered":"<p>Avui dimarts 29 de mar\u00e7 la Comissi\u00f3 de Festes \u2018La Carcaj\u00e1\u2019 de Can Gordei, l\u2019Associaci\u00f3 de Dones de la Roca Foradada i l\u2019Associaci\u00f3 de la Gent Gran de la Bisbal &hellip; <a href=\"https:\/\/bisbalpenedes.com\/web\/2022\/03\/29\/avui-shan-plantat-plantes-aromatiques-al-darrere-del-local-social-de-can-gordei-es-una-activitat-que-estava-prevista-per-al-dia-8-de-marc-pero-que-no-es-va-poder-fer-perque-plovia\/\" class=\"more-link\">Read More<\/a><\/p>\n","protected":false},"author":4,"featured_media":21369,"comment_status":"closed","ping_status":"closed","sticky":false,"template":"","format":"standard","meta":[],"categories":[3851,8],"tags":[4387,459,198,231,232,393],"_links":{"self":[{"href":"https:\/\/bisbalpenedes.com\/web\/wp-json\/wp\/v2\/posts\/21368"}],"collection":[{"href":"https:\/\/bisbalpenedes.com\/web\/wp-json\/wp\/v2\/posts"}],"about":[{"href":"https:\/\/bisbalpenedes.com\/web\/wp-json\/wp\/v2\/types\/post"}],"author":[{"embeddable":true,"href":"https:\/\/bisbalpenedes.com\/web\/wp-json\/wp\/v2\/users\/4"}],"replies":[{"embeddable":true,"href":"https:\/\/bisbalpenedes.com\/web\/wp-json\/wp\/v2\/comments?post=21368"}],"version-history":[{"count":3,"href":"https:\/\/bisbalpenedes.com\/web\/wp-json\/wp\/v2\/posts\/21368\/revisions"}],"predecessor-version":[{"id":21373,"href":"https:\/\/bisbalpenedes.com\/web\/wp-json\/wp\/v2\/posts\/21368\/revisions\/21373"}],"wp:featuredmedia":[{"embeddable":true,"href":"https:\/\/bisbalpenedes.com\/web\/wp-json\/wp\/v2\/media\/21369"}],"wp:attachment":[{"href":"https:\/\/bisbalpenedes.com\/web\/wp-json\/wp\/v2\/media?parent=21368"}],"wp:term":[{"taxonomy":"category","embeddable":true,"href":"https:\/\/bisbalpenedes.com\/web\/wp-json\/wp\/v2\/categories?post=21368"},{"taxonomy":"post_tag","embeddable":true,"href":"https:\/\/bisbalpenedes.com\/web\/wp-json\/wp\/v2\/tags?post=21368"}],"curies":[{"name":"wp","href":"https:\/\/api.w.org\/{rel}","templated":true}]}}