{"id":21359,"date":"2022-03-28T20:52:38","date_gmt":"2022-03-28T18:52:38","guid":{"rendered":"https:\/\/bisbalpenedes.com\/web\/?p=21359"},"modified":"2022-03-28T20:55:24","modified_gmt":"2022-03-28T18:55:24","slug":"els-serveis-socials-del-consell-comarcal-del-baix-penedes-donen-compte-a-lajuntament-de-la-bisbal-del-penedes-de-totes-les-gestions-realitzades-durant-el-2021","status":"publish","type":"post","link":"https:\/\/bisbalpenedes.com\/web\/2022\/03\/28\/els-serveis-socials-del-consell-comarcal-del-baix-penedes-donen-compte-a-lajuntament-de-la-bisbal-del-penedes-de-totes-les-gestions-realitzades-durant-el-2021\/","title":{"rendered":"Els Serveis Socials del Consell Comarcal del Baix Pened\u00e8s donen compte a l&#8217;Ajuntament de La Bisbal del Pened\u00e8s de totes les gestions realitzades durant el 2021"},"content":{"rendered":"\n<p>El passat dimecres 23 de mar\u00e7 es va reunir la mesa social de l&#8217;Ajuntament de la Bisbal del Pened\u00e8s amb l&#8217;objectiu d&#8217;abordar els assumptes que es tracten, cada mes, en les convocat\u00f2ries ordin\u00e0ries. A m\u00e9s, en aquesta reuni\u00f3 el Consell Comarcal va presentar el resum de les actuacions realitzades, l&#8217;any 2021, en el marc del conveni que l&#8217;ajuntament bisbalenc t\u00e9 amb el Consell Comarcal en l&#8217;\u00e0rea de Serveis Socials. Aquest conveni inclou els serveis dels professionals i serveis socials b\u00e0sics, el Servei d&#8217;Atenci\u00f3 a la Dona, el Servei d&#8217;acolliment residencial d&#8217;urg\u00e8ncia, el transport adaptat, els Serveis d&#8217;Intervenci\u00f3 Socioeducativa, els educadors socials per a adolescents, els serveis d&#8217;immigraci\u00f3, el Servei Integral d&#8217;Atenci\u00f3 a la Dona, el Centre obert (durant el curs escolar) i el servei contra la viol\u00e8ncia masclista. Tenint en compte totes les actuacions, durant el 2021 s&#8217;han at\u00e8s m\u00e9s de 200 ve\u00efns de la Bisbal des de l&#8217;\u00e0rea de serveis socials.<\/p>\n\n\n\n<p>La Mesa social es convoca una vegada al mes de manera ordin\u00e0ria i est\u00e0 formada per l&#8217;alcaldessa de la Bisbal del Pened\u00e8s, Agn\u00e8s Ferr\u00e9; la regidora de Benestar Social, Paqui Cepas; la t\u00e8cnica d&#8217;Ocupaci\u00f3 del SOM Bisbal, Arantzazu Longares; la treballadora social del Consell Comarcal del Baix Pened\u00e8s, Irene Boada; i l&#8217;educadora social del Consell Comarcal, Isabel Vilanova. A m\u00e9s, a la mesa celebrada el passat dimecres tamb\u00e9 s&#8217;hi van incorporar la directora t\u00e8cnica del Servei B\u00e0sic d&#8217;Atenci\u00f3 Social del Consell Comarcal, Maribel Zabal; i la t\u00e8cnica comunicativa i treballadora social del Consell Comarcal, Joana Naranjo.<\/p>\n\n\n\n<p>Recordem a la ciutadania que les persones interessades a contactar amb Serveis Socials han de personar-se a l&#8217;Ajuntament de la Bisbal del Pened\u00e8s o telefonar (977 688 438) per demanar hora.<\/p>\n\n\n\n<hr class=\"wp-block-separator\"\/>\n\n\n\n<p>El pasado mi\u00e9rcoles 23 de marzo se reuni\u00f3 la mesa social del Ayuntamiento de la Bisbal del Pened\u00e8s con el objetivo de abordar los asuntos que se tratan, cada mes, en las convocatorias ordinarias. Adem\u00e1s, en esta reuni\u00f3n el Consell Comarcal present\u00f3 el resumen de las actuaciones realizadas, en el a\u00f1o 2021, en el marco del convenio que el ayuntamiento bisbalense tiene con el Consell Comarcal en el \u00e1rea de Servicios Sociales. Este convenio incluye los servicios de los profesionales y servicios sociales b\u00e1sicos, el Servicio de Atenci\u00f3n a la Mujer, el Servicio de acogimiento residencial de urgencia, el transporte adaptado, los Servicios de Intervenci\u00f3n Socioeducativa, los educadores sociales para adolescentes, los servicios de inmigraci\u00f3n, el Servicio Integral de Atenci\u00f3n a la Mujer, el Centro abierto (durante el curso escolar) y el servicio contra la violencia machista. Teniendo en cuenta todas las actuaciones, durante el 2021 se ha atendido a m\u00e1s de 200 vecinos de la Bisbal desde el \u00e1rea de servicios sociales.<\/p>\n\n\n\n<p>La Mesa social se convoca una vez al mes de forma ordinaria y est\u00e1 formada por la alcaldesa de la Bisbal del Pened\u00e8s, Agn\u00e8s Ferr\u00e9; la concejala de Bienestar Social, Paqui Cepas; la t\u00e9cnica de Ocupaci\u00f3n del SOM Bisbal, Arantzazu Longares; la trabajadora social del Consell Comarcal del Baix Pened\u00e8s, Irene Boada; y la educadora social del Consell Comarcal, Irene Vilanova. Adem\u00e1s, en la mesa celebrada el pasado mi\u00e9rcoles tambi\u00e9n se incorporaron la directora t\u00e9cnica del Servicio B\u00e1sico de Atenci\u00f3n Social del Consell Comarcal, Maribel Zabal; y la t\u00e9cnica comunicativa y trabajadora social del Consell Comarcal, Joana Naranjo.<\/p>\n\n\n\n<p>Recordamos a la ciudadan\u00eda que las personas interesadas en contactar con Servicios Sociales deben personarse el Ayuntamiento de la Bisbal del Pened\u00e8s o telefonear (977 688 438) para pedir hora.<\/p>\n","protected":false},"excerpt":{"rendered":"<p>El passat dimecres 23 de mar\u00e7 es va reunir la mesa social de l&#8217;Ajuntament de la Bisbal del Pened\u00e8s amb l&#8217;objectiu d&#8217;abordar els assumptes que es tracten, cada mes, en &hellip; <a href=\"https:\/\/bisbalpenedes.com\/web\/2022\/03\/28\/els-serveis-socials-del-consell-comarcal-del-baix-penedes-donen-compte-a-lajuntament-de-la-bisbal-del-penedes-de-totes-les-gestions-realitzades-durant-el-2021\/\" class=\"more-link\">Read More<\/a><\/p>\n","protected":false},"author":4,"featured_media":21360,"comment_status":"closed","ping_status":"closed","sticky":false,"template":"","format":"standard","meta":[],"categories":[3851,8,17],"tags":[459,1056,393,268],"_links":{"self":[{"href":"https:\/\/bisbalpenedes.com\/web\/wp-json\/wp\/v2\/posts\/21359"}],"collection":[{"href":"https:\/\/bisbalpenedes.com\/web\/wp-json\/wp\/v2\/posts"}],"about":[{"href":"https:\/\/bisbalpenedes.com\/web\/wp-json\/wp\/v2\/types\/post"}],"author":[{"embeddable":true,"href":"https:\/\/bisbalpenedes.com\/web\/wp-json\/wp\/v2\/users\/4"}],"replies":[{"embeddable":true,"href":"https:\/\/bisbalpenedes.com\/web\/wp-json\/wp\/v2\/comments?post=21359"}],"version-history":[{"count":4,"href":"https:\/\/bisbalpenedes.com\/web\/wp-json\/wp\/v2\/posts\/21359\/revisions"}],"predecessor-version":[{"id":21364,"href":"https:\/\/bisbalpenedes.com\/web\/wp-json\/wp\/v2\/posts\/21359\/revisions\/21364"}],"wp:featuredmedia":[{"embeddable":true,"href":"https:\/\/bisbalpenedes.com\/web\/wp-json\/wp\/v2\/media\/21360"}],"wp:attachment":[{"href":"https:\/\/bisbalpenedes.com\/web\/wp-json\/wp\/v2\/media?parent=21359"}],"wp:term":[{"taxonomy":"category","embeddable":true,"href":"https:\/\/bisbalpenedes.com\/web\/wp-json\/wp\/v2\/categories?post=21359"},{"taxonomy":"post_tag","embeddable":true,"href":"https:\/\/bisbalpenedes.com\/web\/wp-json\/wp\/v2\/tags?post=21359"}],"curies":[{"name":"wp","href":"https:\/\/api.w.org\/{rel}","templated":true}]}}