{"id":21356,"date":"2022-03-28T10:35:14","date_gmt":"2022-03-28T08:35:14","guid":{"rendered":"https:\/\/bisbalpenedes.com\/web\/?p=21356"},"modified":"2022-03-28T10:35:14","modified_gmt":"2022-03-28T08:35:14","slug":"avui-dilluns-28-de-marc-sha-obert-el-termini-per-presentar-sollicituds-al-consell-comarcal-del-baix-penedes-per-al-servei-de-transport-escolar-per-al-curs-2022-23","status":"publish","type":"post","link":"https:\/\/bisbalpenedes.com\/web\/2022\/03\/28\/avui-dilluns-28-de-marc-sha-obert-el-termini-per-presentar-sollicituds-al-consell-comarcal-del-baix-penedes-per-al-servei-de-transport-escolar-per-al-curs-2022-23\/","title":{"rendered":"Avui dilluns 28 de mar\u00e7 s&#8217;ha obert el termini per presentar sol\u00b7licituds al Consell Comarcal del Baix Pened\u00e8s per al Servei de Transport escolar per al curs 2022-23"},"content":{"rendered":"\n<p>Avui dilluns 28 de mar\u00e7 de 2022 s\u2019obre el termini per presentar sol\u00b7licituds per al Servei de Transport Escolar per al curs 2022-23, adre\u00e7at a alumnes d\u2019Educaci\u00f3 Infantil i Prim\u00e0ria (EIPRI \u2013 Transport escolar no obligatori dins del municipi), d\u2019ESO dins de mapa escolar i d\u2019Educaci\u00f3 Especial (transport obligatori entre municipis) i alumnes de batxillerat, cicles formatius i d\u2019ESO fora del mapa escolar (transport no obligatori).<\/p>\n\n\n\n<p>La presentaci\u00f3 de sol\u00b7licituds s\u2019ha de fer de forma telem\u00e0tica, a trav\u00e9s de la seu electr\u00f2nica de la p\u00e0gina web del Departament d\u2019Ensenyament del Consell Comarcal del Baix Pened\u00e8s ( <a href=\"https:\/\/ccbp.eadministracio.cat\/info.0\">https:\/\/ccbp.eadministracio.cat\/info.0<\/a> ) on trobareu l\u2019enlla\u00e7 per accedir al tr\u00e0mit corresponent. Haureu d\u2019adjuntar:<\/p>\n\n\n\n<ul><li><strong>El volant d\u2019empadronament de l\u2019alumne <\/strong>(nom\u00e9s en alumnes d\u2019ESO dins de mapa escolar i que siguin de nova incorporaci\u00f3)<\/li><li><strong>DNI\/NIE\/Passaport de l\u2019alumne,<\/strong> o en el seu defecte, el llibre de fam\u00edlia (nom\u00e9s en alumnes de nova incorporaci\u00f3)<\/li><li><strong>DNI\/NIE\/Passaport del pare\/mare\/tutor legal<\/strong> (nom\u00e9s en alumnes de nova incorporaci\u00f3)<\/li><li><strong>Certificat de titularitat bancari<\/strong> per poder fer efectiu el cobrament de la quota del servei (nom\u00e9s en els serveis de transport no obligatori i en cas de no haver-lo presentat anteriorment)<\/li><li><strong>Cust\u00f2dia compartida<\/strong> (en el cas d\u2019utilitzar diferents parades i\/o l\u00ednies), s\u2019haur\u00e0 d\u2019adjuntar sent\u00e8ncia i calendari dels dies de la cust\u00f2dia.<\/li><\/ul>\n\n\n\n<p>Si es fan servir dues l\u00ednies diferents, s\u2019haur\u00e0 de fer una sol\u00b7licitud per cada l\u00ednia i es pagaran per separat, amb les corresponents reduccions per a germans.<\/p>\n\n\n\n<p>En el servei de transport no obligatori, el m\u00e8tode d\u2019admissi\u00f3 establert ser\u00e0 seguint de l\u2019ordre dels registres d\u2019entrada (N\u00famero de Registre d\u2019Entrada\/Dia\/Mes\/Hora). En el cas de les l\u00ednies que quedin completes es passar\u00e0 a formar part d\u2019una llista d\u2019espera seguint l\u2019ordre esmentat anteriorment.<\/p>\n\n\n\n<p>No es garantir\u00e0 la pla\u00e7a a l\u2019inici del curs d\u2019aquelles sol\u00b7licituds presentades posteriorment al 31 de juliol de 2022. Quant a les places per als alumnes de batxillerat i cicles formatius, aquestes es confirmaran una vegada iniciat el curs escolar, quan es disposi del nombre de places sobrants dels alumnes d\u2019ESO, tot i que poden presentar la sol\u00b7licitud des del mateix dia que la resta de l\u2019alumnat.<\/p>\n\n\n\n<p>Per ampliar la informaci\u00f3 podeu accedir a <a href=\"http:\/\/ccbp.cat\/recerca\/serveis\/ciutada\/educacio\/transport-escolar\">http:\/\/ccbp.cat\/recerca\/serveis\/ciutada\/educacio\/transport-escolar<\/a><\/p>\n\n\n\n<hr class=\"wp-block-separator\"\/>\n\n\n\n<p><strong>CASTELLANO |<\/strong> Hoy lunes 28 de marzo de 2022 se abre el plazo para presentar solicitudes para el Servicio de Transporte Escolar para el curso 2022-23, dirigido a alumnos de Educaci\u00f3n Infantil y Primaria (EIPRI \u2013 Transporte escolar no obligatorio dentro del municipio), de ESO dentro del mapa escolar y de Educaci\u00f3n Especial (transporte obligatorio entre municipios) y alumnos de bachillerato, ciclos formativos y de ESO fuera del mapa escolar (transporte no obligatorio).<\/p>\n\n\n\n<p>La presentaci\u00f3n de solicitudes se tiene que hacer de forma telem\u00e1tica, a trav\u00e9s de la sede electr\u00f3nica de la p\u00e1gina web del Departamento de Educaci\u00f3n del Consell comarcal del Baix Pened\u00e8s ( <a href=\"https:\/\/ccbp.eadministracio.cat\/info.0\">https:\/\/ccbp.eadministracio.cat\/info.0<\/a> ) donde encontrar\u00e9is el enlace para acceder al tr\u00e1mite correspondiente. Tendr\u00e9is que adjuntar:<\/p>\n\n\n\n<ul><li><strong>El volante de empadronamiento del alumno<\/strong> (solamente en alumnos de ESO dentro del mapa escolar y que sean de nueva incorporaci\u00f3n).<\/li><li><strong>DNI\/NIE\/Pasaporte del alumno<\/strong>, o en su defecto, el libro de familia (solamente en alumnos de nueva incorporaci\u00f3n).<\/li><li><strong>DNI\/NIE\/Pasaporte del padre\/madre\/tutor legal <\/strong>(solamente en alumnos de nueva incorporaci\u00f3n)<\/li><li><strong>Certificado de titularidad bancario<\/strong> para poder hacer efectivo el cobro de la cuota del servicio (solamente en los servicios de transporte no obligatorio y en caso de no haberlo presentado anteriormente)<\/li><li><strong>Custodia compartida<\/strong> (en el caso de utilizar distintas paradas y\/o l\u00edneas), se tendr\u00e1 que adjuntar la sentencia y el calendario de los d\u00edas de la custodia.<\/li><\/ul>\n\n\n\n<p>Si se usan dos l\u00edneas distintas, se tendr\u00e1 que hacer una solicitud por cada l\u00ednea y se pagar\u00e1n por separado, con las correspondientes reducciones para hermanos.<\/p>\n\n\n\n<p>En el servicio de transporte no obligatorio, el m\u00e9todo de admisi\u00f3n establecido ser\u00e1 siguiendo el orden de los registros de entrada (N\u00famero de Registro de Entrada\/D\u00eda\/Mes\/Hora). En el caso de las l\u00edneas que queden completas se pasar\u00e1 a formar parte de una lista de espera siguiendo el orden citado anteriormente.<\/p>\n\n\n\n<p>No se garantizar\u00e1 la plaza al inicio del curso de aquellas solicitudes presentadas posteriormente al 31 de julio de 2022. En cuanto a las plazas para los alumnos de bachillerato y ciclos formativos, estas se confirmar\u00e1n una vez iniciado el curso escolar, cuando se disponga del n\u00famero de plazas sobrantes de los alumnos de ESO, aunque pueden presentar la solicitud desde el mismo d\u00eda que el resto del alumnado.<\/p>\n\n\n\n<p>Para ampliar la informaci\u00f3n pod\u00e9is acceder a <a href=\"http:\/\/ccbp.cat\/recerca\/serveis\/ciutada\/educacio\/transport-escolar\">http:\/\/ccbp.cat\/recerca\/serveis\/ciutada\/educacio\/transport-escolar<\/a><\/p>\n","protected":false},"excerpt":{"rendered":"<p>Avui dilluns 28 de mar\u00e7 de 2022 s\u2019obre el termini per presentar sol\u00b7licituds per al Servei de Transport Escolar per al curs 2022-23, adre\u00e7at a alumnes d\u2019Educaci\u00f3 Infantil i Prim\u00e0ria &hellip; <a href=\"https:\/\/bisbalpenedes.com\/web\/2022\/03\/28\/avui-dilluns-28-de-marc-sha-obert-el-termini-per-presentar-sollicituds-al-consell-comarcal-del-baix-penedes-per-al-servei-de-transport-escolar-per-al-curs-2022-23\/\" class=\"more-link\">Read More<\/a><\/p>\n","protected":false},"author":4,"featured_media":6391,"comment_status":"closed","ping_status":"closed","sticky":false,"template":"","format":"standard","meta":[],"categories":[16,3456,8],"tags":[1056,4406,65,566,393,356],"_links":{"self":[{"href":"https:\/\/bisbalpenedes.com\/web\/wp-json\/wp\/v2\/posts\/21356"}],"collection":[{"href":"https:\/\/bisbalpenedes.com\/web\/wp-json\/wp\/v2\/posts"}],"about":[{"href":"https:\/\/bisbalpenedes.com\/web\/wp-json\/wp\/v2\/types\/post"}],"author":[{"embeddable":true,"href":"https:\/\/bisbalpenedes.com\/web\/wp-json\/wp\/v2\/users\/4"}],"replies":[{"embeddable":true,"href":"https:\/\/bisbalpenedes.com\/web\/wp-json\/wp\/v2\/comments?post=21356"}],"version-history":[{"count":1,"href":"https:\/\/bisbalpenedes.com\/web\/wp-json\/wp\/v2\/posts\/21356\/revisions"}],"predecessor-version":[{"id":21357,"href":"https:\/\/bisbalpenedes.com\/web\/wp-json\/wp\/v2\/posts\/21356\/revisions\/21357"}],"wp:featuredmedia":[{"embeddable":true,"href":"https:\/\/bisbalpenedes.com\/web\/wp-json\/wp\/v2\/media\/6391"}],"wp:attachment":[{"href":"https:\/\/bisbalpenedes.com\/web\/wp-json\/wp\/v2\/media?parent=21356"}],"wp:term":[{"taxonomy":"category","embeddable":true,"href":"https:\/\/bisbalpenedes.com\/web\/wp-json\/wp\/v2\/categories?post=21356"},{"taxonomy":"post_tag","embeddable":true,"href":"https:\/\/bisbalpenedes.com\/web\/wp-json\/wp\/v2\/tags?post=21356"}],"curies":[{"name":"wp","href":"https:\/\/api.w.org\/{rel}","templated":true}]}}