{"id":21345,"date":"2022-03-25T12:59:41","date_gmt":"2022-03-25T10:59:41","guid":{"rendered":"https:\/\/bisbalpenedes.com\/web\/?p=21345"},"modified":"2022-03-25T12:59:41","modified_gmt":"2022-03-25T10:59:41","slug":"el-regidor-de-sanitat-entrega-a-lescola-ull-de-vent-els-estotjos-del-programa-dents-fortes-i-sanes","status":"publish","type":"post","link":"https:\/\/bisbalpenedes.com\/web\/2022\/03\/25\/el-regidor-de-sanitat-entrega-a-lescola-ull-de-vent-els-estotjos-del-programa-dents-fortes-i-sanes\/","title":{"rendered":"El regidor de Sanitat entrega a l&#8217;Escola Ull de Vent els estotjos del programa Dents Fortes i Sanes"},"content":{"rendered":"\n<p>El regidor de Sanitat, Feliu Gil, ha fet entrega dels estotjos del programa Dents Fortes i Sanes al director de l&#8217;Escola Ull de Vent, \u00c0ngel Espinosa, aquesta setmana. El material que s&#8217;entrega als alumnes est\u00e0 format per un estoig de pl\u00e0stic perforat -per evitar la humitat- amb un espai reservat per identificar-lo amb el nom i la classe de l&#8217;infant. Dins de l&#8217;estoig hi va un raspall petit de filaments suaus i un tub de pasta dental fluorada. A m\u00e9s, s&#8217;inclou un fullet\u00f3 amb l&#8217;explicaci\u00f3 de com mantenir una bona higiene bucodental.<\/p>\n\n\n\n<p>El programa Dents Fortes i Sanes \u00e9s una iniciativa de l&#8217;Ag\u00e8ncia de Salut P\u00fablica de Catalunya per a la prevenci\u00f3 de la c\u00e0ries. \u00c9s un programa adre\u00e7at exclusivament als escolars de primer de prim\u00e0ria i se centra en potenciar el raspallat de les dents com a h\u00e0bit de salut bucodental essencial.<\/p>\n\n\n\n<hr class=\"wp-block-separator\"\/>\n\n\n\n<p>El concejal de Sanidad, Feliu Gil, ha entregado de los estuches del programa Dientes Fuertes y Sanos al director de la Escuela Ull de Vent, \u00c0ngel Espinosa, esta semana. El material que se entrega a los alumnos est\u00e1 formado por un estuche de pl\u00e1stico perforado -para evitar la humedad- con un espacio reservado para identificar-lo con el nombre y la clase del alumno. Dentro del estuche hay un cepillo peque\u00f1o de filamentos suaves y un tubo de pasta dental fluorada. Adem\u00e1s, se incluye un folleto con la explicaci\u00f3n de c\u00f3mo mantener una buena higiene bucodental.<\/p>\n\n\n\n<p>El programa Dientes Fuertes y Sanos es una iniciativa de la Agencia de Salud P\u00fablica de Catalunya para la prevenci\u00f3n de la caries. Es un programa dirigido exclusivamente a los escolares de primero de primaria y se centra en potenciar el cepillado de los dientes como h\u00e1bito de salud bucodental esencial.<\/p>\n\n\n\n<p><\/p>\n","protected":false},"excerpt":{"rendered":"<p>El regidor de Sanitat, Feliu Gil, ha fet entrega dels estotjos del programa Dents Fortes i Sanes al director de l&#8217;Escola Ull de Vent, \u00c0ngel Espinosa, aquesta setmana. El material &hellip; <a href=\"https:\/\/bisbalpenedes.com\/web\/2022\/03\/25\/el-regidor-de-sanitat-entrega-a-lescola-ull-de-vent-els-estotjos-del-programa-dents-fortes-i-sanes\/\" class=\"more-link\">Read More<\/a><\/p>\n","protected":false},"author":4,"featured_media":21346,"comment_status":"closed","ping_status":"closed","sticky":false,"template":"","format":"standard","meta":[],"categories":[8,14],"tags":[5161,337,393,5160],"_links":{"self":[{"href":"https:\/\/bisbalpenedes.com\/web\/wp-json\/wp\/v2\/posts\/21345"}],"collection":[{"href":"https:\/\/bisbalpenedes.com\/web\/wp-json\/wp\/v2\/posts"}],"about":[{"href":"https:\/\/bisbalpenedes.com\/web\/wp-json\/wp\/v2\/types\/post"}],"author":[{"embeddable":true,"href":"https:\/\/bisbalpenedes.com\/web\/wp-json\/wp\/v2\/users\/4"}],"replies":[{"embeddable":true,"href":"https:\/\/bisbalpenedes.com\/web\/wp-json\/wp\/v2\/comments?post=21345"}],"version-history":[{"count":1,"href":"https:\/\/bisbalpenedes.com\/web\/wp-json\/wp\/v2\/posts\/21345\/revisions"}],"predecessor-version":[{"id":21347,"href":"https:\/\/bisbalpenedes.com\/web\/wp-json\/wp\/v2\/posts\/21345\/revisions\/21347"}],"wp:featuredmedia":[{"embeddable":true,"href":"https:\/\/bisbalpenedes.com\/web\/wp-json\/wp\/v2\/media\/21346"}],"wp:attachment":[{"href":"https:\/\/bisbalpenedes.com\/web\/wp-json\/wp\/v2\/media?parent=21345"}],"wp:term":[{"taxonomy":"category","embeddable":true,"href":"https:\/\/bisbalpenedes.com\/web\/wp-json\/wp\/v2\/categories?post=21345"},{"taxonomy":"post_tag","embeddable":true,"href":"https:\/\/bisbalpenedes.com\/web\/wp-json\/wp\/v2\/tags?post=21345"}],"curies":[{"name":"wp","href":"https:\/\/api.w.org\/{rel}","templated":true}]}}