{"id":21339,"date":"2022-03-24T21:12:44","date_gmt":"2022-03-24T19:12:44","guid":{"rendered":"https:\/\/bisbalpenedes.com\/web\/?p=21339"},"modified":"2022-03-24T21:12:44","modified_gmt":"2022-03-24T19:12:44","slug":"sha-convocat-una-junta-de-govern-per-al-dilluns-28-de-marc-amb-un-punt-amb-competencia-delegada-del-ple","status":"publish","type":"post","link":"https:\/\/bisbalpenedes.com\/web\/2022\/03\/24\/sha-convocat-una-junta-de-govern-per-al-dilluns-28-de-marc-amb-un-punt-amb-competencia-delegada-del-ple\/","title":{"rendered":"S\u2019ha convocat una Junta de Govern per al dilluns 28 de mar\u00e7 amb un punt amb compet\u00e8ncia delegada del Ple"},"content":{"rendered":"\n<p>S\u2019ha convocat una Junta de Govern Local pel dilluns 28 de mar\u00e7 i, entre les propostes que s\u2019eleven a la Junta, n\u2019hi ha una amb compet\u00e8ncia del Ple delegada a la Junta de Govern:<\/p>\n\n\n\n<ul><li>Aprovaci\u00f3 inicial de les modificacions del projecte de remodelaci\u00f3 i ampliaci\u00f3 del pavell\u00f3 del poliesportiu municipal (fases 1.1 i 1.2), consistent en la revisi\u00f3 dels amidaments, el pressupost i els pl\u00e0nols<\/li><\/ul>\n\n\n\n<p>Les sessions de la Junta de Govern Local no s\u00f3n p\u00fabliques, per\u00f2 quan actua amb compet\u00e8ncies delegades del Ple, la sessi\u00f3 se sotmet als mateixos requisits de publicitat que les sessions del Ple, que s\u00f3n p\u00fabliques. Aix\u00ed ho va declarar la STS 161\/2013, de 26 de setembre. Per aquest motiu, <strong>el dilluns 28 de mar\u00e7, a les 19:30h, s\u2019obriran les portes de la sala de Plens perqu\u00e8, qui ho desitgi, pugui assistir com a p\u00fablic<\/strong> a l\u2019explicaci\u00f3 i votaci\u00f3 d\u2019aquests punts de la Junta de Govern.<\/p>\n\n\n\n<p>Per tot plegat, s\u2019ha fet arribar la informaci\u00f3 d\u2019aquestes propostes als regidors i regidores de l\u2019oposici\u00f3, convidant-los\/les assistir com a p\u00fablic. Tot i que aquests punts s\u2019obren a l\u2019assist\u00e8ncia de p\u00fablic, tamb\u00e9 es gravaran i es publicar\u00e0 el v\u00eddeo durant els propers dies per garantir la seva publicitat.<\/p>\n\n\n\n<hr class=\"wp-block-separator\"\/>\n\n\n\n<p><strong>CASTELLANO |<\/strong> Se ha convocado la Junta de Gobierno Local para el lunes 28 de marzo y, entre las propuestas que se elevan a la Junta, hay una con competencia del Pleno delegada a la Junta de Gobierno:<\/p>\n\n\n\n<ul><li>Aprobaci\u00f3n inicial de las modificaciones del proyecto de remodelaci\u00f3n y ampliaci\u00f3n del pabell\u00f3n del polideportivo municipal (fases 1.1. y 1.2.) consistente en la revisi\u00f3n de las mediciones, el presupuesto y los planos.<\/li><\/ul>\n\n\n\n<p>Las sesiones de la Junta de Gobierno Local no son p\u00fablicas, pero cuando act\u00faa con competencias delegadas del Pleno, la sesi\u00f3n se somete a los mismos requisitos de publicidad que las sesiones del Pleno, que son p\u00fablicas. As\u00ed lo declar\u00f3 la STS 161\/2013, del 26 de septiembre. Por este motivo, el lunes 28 de marzo, a las 19:30h, se abrir\u00e1n las puertas de la sala de Plenos para que, quien lo desee, pueda asistir como p\u00fablico a la explicaci\u00f3n y votaci\u00f3n de estos puntos de la Junta de Gobierno.<\/p>\n\n\n\n<p>Por todo ello, se les ha hecho llegar la informaci\u00f3n de estas propuestas a los concejales y concejalas de la oposici\u00f3n, invit\u00e1ndoles\/as a asistir como p\u00fablico. Aunque estos puntos se abren a la asistencia de p\u00fablico, tambi\u00e9n se grabar\u00e1n y se publicar\u00e1 el v\u00eddeo durante los pr\u00f3ximos d\u00edas para garantizar su publicidad.<\/p>\n","protected":false},"excerpt":{"rendered":"<p>S\u2019ha convocat una Junta de Govern Local pel dilluns 28 de mar\u00e7 i, entre les propostes que s\u2019eleven a la Junta, n\u2019hi ha una amb compet\u00e8ncia del Ple delegada a &hellip; <a href=\"https:\/\/bisbalpenedes.com\/web\/2022\/03\/24\/sha-convocat-una-junta-de-govern-per-al-dilluns-28-de-marc-amb-un-punt-amb-competencia-delegada-del-ple\/\" class=\"more-link\">Read More<\/a><\/p>\n","protected":false},"author":4,"featured_media":21102,"comment_status":"closed","ping_status":"closed","sticky":false,"template":"","format":"standard","meta":[],"categories":[3085,8],"tags":[686,777,393,2444,483],"_links":{"self":[{"href":"https:\/\/bisbalpenedes.com\/web\/wp-json\/wp\/v2\/posts\/21339"}],"collection":[{"href":"https:\/\/bisbalpenedes.com\/web\/wp-json\/wp\/v2\/posts"}],"about":[{"href":"https:\/\/bisbalpenedes.com\/web\/wp-json\/wp\/v2\/types\/post"}],"author":[{"embeddable":true,"href":"https:\/\/bisbalpenedes.com\/web\/wp-json\/wp\/v2\/users\/4"}],"replies":[{"embeddable":true,"href":"https:\/\/bisbalpenedes.com\/web\/wp-json\/wp\/v2\/comments?post=21339"}],"version-history":[{"count":1,"href":"https:\/\/bisbalpenedes.com\/web\/wp-json\/wp\/v2\/posts\/21339\/revisions"}],"predecessor-version":[{"id":21340,"href":"https:\/\/bisbalpenedes.com\/web\/wp-json\/wp\/v2\/posts\/21339\/revisions\/21340"}],"wp:featuredmedia":[{"embeddable":true,"href":"https:\/\/bisbalpenedes.com\/web\/wp-json\/wp\/v2\/media\/21102"}],"wp:attachment":[{"href":"https:\/\/bisbalpenedes.com\/web\/wp-json\/wp\/v2\/media?parent=21339"}],"wp:term":[{"taxonomy":"category","embeddable":true,"href":"https:\/\/bisbalpenedes.com\/web\/wp-json\/wp\/v2\/categories?post=21339"},{"taxonomy":"post_tag","embeddable":true,"href":"https:\/\/bisbalpenedes.com\/web\/wp-json\/wp\/v2\/tags?post=21339"}],"curies":[{"name":"wp","href":"https:\/\/api.w.org\/{rel}","templated":true}]}}