{"id":21330,"date":"2022-03-25T11:21:18","date_gmt":"2022-03-25T09:21:18","guid":{"rendered":"https:\/\/bisbalpenedes.com\/web\/?p=21330"},"modified":"2022-03-25T11:22:37","modified_gmt":"2022-03-25T09:22:37","slug":"ja-sha-publicat-ledicio-dels-mesos-de-marc-i-abril-de-2022-de-la-revista-municipal-torre-de-guaita","status":"publish","type":"post","link":"https:\/\/bisbalpenedes.com\/web\/2022\/03\/25\/ja-sha-publicat-ledicio-dels-mesos-de-marc-i-abril-de-2022-de-la-revista-municipal-torre-de-guaita\/","title":{"rendered":"Ja s&#8217;ha publicat l&#8217;edici\u00f3 dels mesos de mar\u00e7 i abril de 2022 de la revista municipal Torre de Guaita"},"content":{"rendered":"\n<p>Ja s&#8217;ha publicat l&#8217;edici\u00f3 dels mesos de mar\u00e7 i abril de 2022 de la revista municipal Torre de Guaita i s&#8217;ha comen\u00e7at a repartir el format en paper.<\/p>\n\n\n\n<div class=\"wp-block-file\"><a href=\"https:\/\/bisbalpenedes.com\/web\/wp-content\/uploads\/2022\/03\/Torre-de-guaita-2022-03-1.pdf\">Feu clic per veure-la en l\u00ednia<\/a><a href=\"https:\/\/bisbalpenedes.com\/web\/wp-content\/uploads\/2022\/03\/Torre-de-guaita-2022-03-1.pdf\" class=\"wp-block-file__button\" download>Baixada<\/a><\/div>\n\n\n\n<hr class=\"wp-block-separator\"\/>\n\n\n\n<p>Ya se ha publicado la edici\u00f3n de los meses de marzo y abril de 2022 de la revista municipal Torre de Guaita y se ha empezado a repartir el formato en papel.<\/p>\n\n\n\n<p>Haced clic para verla en l\u00ednea <\/p>\n\n\n\n<div class=\"wp-block-file\"><a href=\"https:\/\/bisbalpenedes.com\/web\/wp-content\/uploads\/2022\/03\/Torre-de-guaita-2022-03-1.pdf\">Feu clic per veure-la en l\u00ednia<\/a><a href=\"https:\/\/bisbalpenedes.com\/web\/wp-content\/uploads\/2022\/03\/Torre-de-guaita-2022-03-1.pdf\" class=\"wp-block-file__button\" download>Descarga<\/a><\/div>\n\n\n\n<p><\/p>\n","protected":false},"excerpt":{"rendered":"<p>Ja s&#8217;ha publicat l&#8217;edici\u00f3 dels mesos de mar\u00e7 i abril de 2022 de la revista municipal Torre de Guaita i s&#8217;ha comen\u00e7at a repartir el format en paper. Ya se &hellip; <a href=\"https:\/\/bisbalpenedes.com\/web\/2022\/03\/25\/ja-sha-publicat-ledicio-dels-mesos-de-marc-i-abril-de-2022-de-la-revista-municipal-torre-de-guaita\/\" class=\"more-link\">Read More<\/a><\/p>\n","protected":false},"author":4,"featured_media":21331,"comment_status":"closed","ping_status":"closed","sticky":false,"template":"","format":"standard","meta":[],"categories":[8,2607],"tags":[459,393,2609,2608],"_links":{"self":[{"href":"https:\/\/bisbalpenedes.com\/web\/wp-json\/wp\/v2\/posts\/21330"}],"collection":[{"href":"https:\/\/bisbalpenedes.com\/web\/wp-json\/wp\/v2\/posts"}],"about":[{"href":"https:\/\/bisbalpenedes.com\/web\/wp-json\/wp\/v2\/types\/post"}],"author":[{"embeddable":true,"href":"https:\/\/bisbalpenedes.com\/web\/wp-json\/wp\/v2\/users\/4"}],"replies":[{"embeddable":true,"href":"https:\/\/bisbalpenedes.com\/web\/wp-json\/wp\/v2\/comments?post=21330"}],"version-history":[{"count":4,"href":"https:\/\/bisbalpenedes.com\/web\/wp-json\/wp\/v2\/posts\/21330\/revisions"}],"predecessor-version":[{"id":21344,"href":"https:\/\/bisbalpenedes.com\/web\/wp-json\/wp\/v2\/posts\/21330\/revisions\/21344"}],"wp:featuredmedia":[{"embeddable":true,"href":"https:\/\/bisbalpenedes.com\/web\/wp-json\/wp\/v2\/media\/21331"}],"wp:attachment":[{"href":"https:\/\/bisbalpenedes.com\/web\/wp-json\/wp\/v2\/media?parent=21330"}],"wp:term":[{"taxonomy":"category","embeddable":true,"href":"https:\/\/bisbalpenedes.com\/web\/wp-json\/wp\/v2\/categories?post=21330"},{"taxonomy":"post_tag","embeddable":true,"href":"https:\/\/bisbalpenedes.com\/web\/wp-json\/wp\/v2\/tags?post=21330"}],"curies":[{"name":"wp","href":"https:\/\/api.w.org\/{rel}","templated":true}]}}