{"id":21322,"date":"2022-03-23T20:45:24","date_gmt":"2022-03-23T18:45:24","guid":{"rendered":"https:\/\/bisbalpenedes.com\/web\/?p=21322"},"modified":"2022-03-23T20:45:48","modified_gmt":"2022-03-23T18:45:48","slug":"aquest-dilluns-21-de-marc-ha-tingut-lloc-el-ple-ordinari-de-lajuntament-de-la-bisbal-del-penedes","status":"publish","type":"post","link":"https:\/\/bisbalpenedes.com\/web\/2022\/03\/23\/aquest-dilluns-21-de-marc-ha-tingut-lloc-el-ple-ordinari-de-lajuntament-de-la-bisbal-del-penedes\/","title":{"rendered":"Aquest dilluns 21 de mar\u00e7 ha tingut lloc el Ple ordinari de l&#8217;Ajuntament de la Bisbal del Pened\u00e8s"},"content":{"rendered":"\n<figure class=\"wp-block-embed is-type-video is-provider-youtube wp-block-embed-youtube wp-embed-aspect-16-9 wp-has-aspect-ratio\"><div class=\"wp-block-embed__wrapper\">\n<iframe loading=\"lazy\" title=\"Ajuntament de la Bisbal del Pened\u00e8s. Ple ordinari de 21 de mar\u00e7 de 2022\" width=\"1170\" height=\"658\" src=\"https:\/\/www.youtube.com\/embed\/hs0fW1ucgtI?feature=oembed\" frameborder=\"0\" allow=\"accelerometer; autoplay; clipboard-write; encrypted-media; gyroscope; picture-in-picture\" allowfullscreen><\/iframe>\n<\/div><\/figure>\n\n\n\n<p>Aquest dilluns 21 de mar\u00e7 s&#8217;ha celebrat el Ple ordinari de l&#8217;Ajuntament de la Bisbal del Pened\u00e8s corresponent a aquest trimestre.<\/p>\n\n\n\n<p>S&#8217;hi han tractat els seg\u00fcents punts:<\/p>\n\n\n\n<p><strong>1.Acta Ple ordinari 21 de desembre de 2021<\/strong><\/p>\n\n\n\n<p>S&#8217;ha aprovat per unanimitat<\/p>\n\n\n\n<p><strong>2.Acta Ple extraordinari 30 de desembre de 2021<\/strong><\/p>\n\n\n\n<p>S&#8217;ha aprovat per unanimitat<\/p>\n\n\n\n<p><strong>3.Acta Ple extraordinari 24 de febrer de 2022<\/strong><\/p>\n\n\n\n<p>S&#8217;ha aprovat amb els vots a favor de Comprom\u00eds amb la Bisbal (6), PSC (1), Units per la Bisbal-FIC (1), Ara la Bisbal (1) i ERC-AM (1) i l&#8217;abstenci\u00f3 d&#8217;un regidor del PSC (Daniel Caballero), que s&#8217;ha volgut abstenir pel fet que no va assistir a aquell Ple.<\/p>\n\n\n\n<p><strong>4.Acta Ple extraordinari 14 de mar\u00e7 de 2022<\/strong><\/p>\n\n\n\n<p>S&#8217;ha aprovat amb els vots a favor de Comprom\u00eds amb la Bisbal (6), PSC (2), Units per la Bisbal-FIC (1) i ERC-AM (1) i l&#8217;abstenci\u00f3 de la regidora d&#8217;Ara la Bisbal (Maguy Antol\u00edn), que s&#8217;ha volgut abstenir pel fet que no va assistir en aquell Ple.<\/p>\n\n\n\n<p><strong>5.Expedient 97\/2022 Increment retributiu de la massa salarial del personal laboral pel 2022<\/strong><\/p>\n\n\n\n<p>S&#8217;ha aprovat per unanimitat.<\/p>\n\n\n\n<p>La massa salarial \u00e9s la suma global de remuneracions que l\u2019Ajuntament paga, de manera peri\u00f2dica, als seus treballadors com a retribuci\u00f3 a la feina que realitzen.<\/p>\n\n\n\n<p>L\u2019article 103 bis.1 de la Llei 7\/1985, del 2 d\u2019abril, reguladora de les bases del r\u00e8gim local, estableix: \u201cLes Corporacions Locals aprovaran anualment la massa salarial del personal laboral del sector p\u00fablic local respectant els l\u00edmits i les condicions que s\u2019estableixin amb car\u00e0cter b\u00e0sic en la corresponent Llei de Pressupostos Generals de l\u2019Estat\u201d.<\/p>\n\n\n\n<p>De conformitat amb l\u2019article anterior, la massa salarial del personal laboral de l\u2019Ajuntament de la Bisbal del Pened\u00e8s per aquest 2022 \u00e9s de 648.022,31\u20ac, desglossada de la seg\u00fcent manera:<\/p>\n\n\n\n<p>Personal laboral fix: 167.088,71\u20ac<\/p>\n\n\n\n<p>Personal laboral temporal: 480.933,60\u20ac<\/p>\n\n\n\n<p>L\u2019increment aplicat \u00e9s el que s\u2019ha fixat a la LPGE (Llei de Pressupostos General de l\u2019Estat) del 2022, que \u00e9s com a m\u00e0xim d\u2019un 2% (l\u2019increment aprovat pot ser igual o inferior al 2% i l\u2019Ajuntament de la Bisbal del Pened\u00e8s ha aplicat el m\u00e0xim)<\/p>\n\n\n\n<p>L\u2019increment se li aplica al funcionariat i al personal laboral. Quant al funcionariat, l\u2019increment va quedar aplicat quan es va aprovar definitivament la Llei de Pressupostos Generals de l\u2019Estat del 2022. En el cas del personal laboral, aquest increment s\u2019ha de passar per Ple. Val a dir que aquest increment va ser acordat, pr\u00e8viament, en la Mesa de negociaci\u00f3 del 20 de desembre de 2021 i condicionat a l\u2019aprovaci\u00f3 definitiva de la LPGE 2022.<strong><\/strong><\/p>\n\n\n\n<p><strong>6.Expedient 328\/2022 Reconeixement de compatibilitat d\u2019un treballador municipal<\/strong><\/p>\n\n\n\n<p>S&#8217;ha aprovat per unanimitat.<\/p>\n\n\n\n<p>S\u2019ha aprovat la compatibilitat per a exercir activitats privades que un treballador de la brigada municipal va sol\u00b7licitar el 31 de gener per poder impartir cursos de formaci\u00f3 d\u2019inform\u00e0tica adre\u00e7ats a persones grans els dimarts a la tarda, fins al 31 de maig de 2022.<\/p>\n\n\n\n<p>El reconeixement de la compatibilitat s\u2019ha pogut aprovar perqu\u00e8 es compleixen tots els requisits necessaris.<\/p>\n\n\n\n<p><strong>7.Expedient 238\/2022 Bases per la concessi\u00f3 de subvencions d\u2019ensenyament<\/strong><\/p>\n\n\n\n<p>S&#8217;ha aprovat amb els volts a favor de Comprom\u00eds amb la Bisbal (6), el vot en contra d&#8217;Ara la Bisbal (1) i les abstencions del PSC (2), Units per la Bisbal-FIC (1) i ERC-AM (1)<\/p>\n\n\n\n<p>S\u2019aproven inicialment les bases reguladores per a la concessi\u00f3 de subvencions d\u2019ensenyament. Es tracta de la unificaci\u00f3 de les bases reguladores de les subvencions del transport escolar del Consell Comarcal del Baix Pened\u00e8s, les del menjador escolar i els llibres de text de l\u2019institut, despr\u00e9s que els textos hagin estat revisats. De fet, les bases vigents fins ara es van aprovar el 2016 i s\u2019han anat modificant.<\/p>\n\n\n\n<p>Les subvencions no varien i les condicions tampoc. En el moment que estiguin aprovades definitivament, es convocaran les corresponents convocat\u00f2ries per al curs 2021\/22.<\/p>\n\n\n\n<p><strong>8.Expedient 242\/2022 Bases per la concessi\u00f3 de subvencions del foment a la ocupaci\u00f3<\/strong><\/p>\n\n\n\n<p>S&#8217;ha aprovat amb els vots a favor de Comprom\u00eds amb la Bisbal (6) i el PSC (2) i les abstencions d&#8217;Units per la Bisbal-FIC (1), Ara la Bisbal (1) i ERC-AM (1).<\/p>\n\n\n\n<p>S\u2019han aprovat inicialment les bases reguladores per a la concessi\u00f3 del foment a l\u2019ocupaci\u00f3. Es tracta d\u2019una unificaci\u00f3 del text, actualitzat, de dues subvencions: la subvenci\u00f3 per a la creaci\u00f3 de llocs de treball per a empreses ubicades a la Bisbal i la subvenci\u00f3 per a nous aut\u00f2noms. Les condicions per sol\u00b7licitar aquestes subvencions no varien. Una vegada s\u2019aprovin definitivament les bases, es convocaran les corresponents convocat\u00f2ries per a nous llocs de treball i nous aut\u00f2noms del 2021.<\/p>\n\n\n\n<p><strong>9.Expedient 534\/2022 Modificaci\u00f3 de les bases d\u2019execuci\u00f3 del pressupost 2022<\/strong><\/p>\n\n\n\n<p>S&#8217;ha aprovat amb els volts a favor de Comprom\u00eds amb la Bisbal (6) i els vots en contra del PSC (2), Units per la Bisbal-FIC (1), Ara la Bisbal (1) i ERC-AM (1).<\/p>\n\n\n\n<p>S&#8217;ha aprovat inicialment la modificaci\u00f3 de la base 10 de les bases d&#8217;execuci\u00f3 del pressupost 2022, que regula el nivell de vinculaci\u00f3 jur\u00eddica afegint un apartat tercer, per agilitzar actuacions a realitzar tant d&#8217;inversi\u00f3 com de despesa:<\/p>\n\n\n\n<p>&#8220;Tercer: en els casos en qu\u00e8, existint cr\u00e8dit pressupostari dins d&#8217;un nivell de vinculaci\u00f3 jur\u00eddica, es pretengui imputar despeses dins del mateix nivell de vinculaci\u00f3 jur\u00eddica a una aplicaci\u00f3<br>que no figuri oberta en la comptabilitat per no comptar amb dotaci\u00f3 pressupost\u00e0ria inicial, no ser\u00e0 necessari tramitar cap modificaci\u00f3 de cr\u00e8dit i es podr\u00e0 donar d&#8217;alta la nova aplicaci\u00f3<br>pressupost\u00e0ria en tramitar-se l&#8217;autoritzaci\u00f3 de la despesa, quedant ratificada la creaci\u00f3 de l&#8217;aplicaci\u00f3 per l&#8217;acte administratiu d&#8217;autoritzaci\u00f3 de la despesa (document comptable A;AD o ADO en cas d&#8217;acumulaci\u00f3 de fases).<\/p>\n\n\n\n<p>Per a la creaci\u00f3 de l&#8217;aplicaci\u00f3 pressupost\u00e0ria ser\u00e0 suficient que en el primer document comptable (A, AD, ADO) que es tramiti amb c\u00e0rrec a tals conceptes, consti tal circumst\u00e0ncia mitjan\u00e7ant una dilig\u00e8ncia\u201d.<\/p>\n\n\n\n<p><strong>PART DE CONTROL:<\/strong><\/p>\n\n\n\n<p><strong>10.Expedient 170\/2022 Donar compte del pla anual del control intern financer del 2022<\/strong><\/p>\n\n\n\n<p>No es vota.<\/p>\n\n\n\n<p>S\u2019ha donat compte del pla anual del control intern financer per al 2022, en compliment de l\u2019art. 31.3 del RD 424\/2017 que regula el r\u00e8gim jur\u00eddic del control intern en les entitats del sector p\u00fablic local. L\u2019objectiu \u00e9s verificar el funcionament dels serveis en l\u2019aspecte econ\u00f2mic financer per comprovar el compliment de la normativa i directrius que els regeixen i, en general, que la seva gesti\u00f3 s\u2019ajusta als principis de bona gesti\u00f3 financera, comprovant que la gesti\u00f3 dels recursos p\u00fablics es troba orientada per l\u2019efic\u00e0cia, l\u2019efici\u00e8ncia, l\u2019economia, la qualitat i la transpar\u00e8ncia, i pels principis d\u2019estabilitat pressupost\u00e0ria i sostenibilitat financera en l\u2019\u00fas dels recursos p\u00fablics locals. Aquest control financer es du a terme a trav\u00e9s del control permanent i l\u2019auditoria p\u00fablica. Tamb\u00e9 s\u2019elaborar\u00e0 un resum anual del qual es donar\u00e0 compte al Ple i a la intervenci\u00f3 general de l\u2019administraci\u00f3 de l\u2019Estat, dins del primer quadrimestre de cada any i que contindr\u00e0 els resultats m\u00e9s significatius derivats de les actuacions de control financer i de funci\u00f3 interventora realitzades en l\u2019exercici anterior.<\/p>\n\n\n\n<p><strong>11.Expedient 170\/2022 Donar compte de l&#8217;informe de morositat anual del 2021<\/strong><\/p>\n\n\n\n<p>No es vota<\/p>\n\n\n\n<p>Es dona compte de l\u2019informe d\u2019Intervenci\u00f3 sobre el control de la morositat en l\u2019exercici 2021. Es tracta d\u2019un informe sobre la relaci\u00f3 d\u2019operacions de pagament satisfetes tant dins com fora del termini legal establert i el grau de compliment de la normativa en mat\u00e8ria de morositat. El 20 de gener de 2022 es va presentar l\u2019informe al Ministeri d\u2019Hisenda. Aquest informe conclou que es compleix amb la normativa de morositat.<\/p>\n\n\n\n<p><strong>12.Expedient 2211\/2021 Donar compte de l&#8217;informe del c\u00e0lcul de l&#8217;estabilitat pressupost\u00e0ria de la modificaci\u00f3 de cr\u00e8dit 3PLE\/2021<\/strong><\/p>\n\n\n\n<p>No es vota<\/p>\n\n\n\n<p>Es dona compte de l\u2019informe d\u2019intervenci\u00f3 de la modificaci\u00f3 de cr\u00e8dit 3PLE\/2021, que es va aprovar en el Ple extraordinari del 29 de novembre de 2021. Aquesta modificaci\u00f3 aplicava 51.861,10\u20ac del romanent de tresoreria a la renovaci\u00f3 d\u2019equips inform\u00e0tics i a la realitzaci\u00f3 d\u2019inversions a l\u2019EDAR de l\u2019Esplai.<\/p>\n\n\n\n<p>Es dona compte d\u2019aquest informe en el Ple ordinari perqu\u00e8, en el moment de la modificaci\u00f3 de cr\u00e8dit, no es complia l\u2019objectiu d\u2019estabilitat pressupost\u00e0ria, ja que hi havia bona part el pressUpost 2021 no executat pel fet que les obres del poliesportiu municipal no s\u2019han iniciat. No obstant aix\u00f2, el tancament de l\u2019any s\u00ed que compleix l\u2019estabilitat pressupost\u00e0ria.<\/p>\n\n\n\n<p><strong>13.Expedient 490\/2022 Donar compte del pla pressupostari a mitj\u00e0 termini 2023\/2025<\/strong><\/p>\n\n\n\n<p>No es vota<\/p>\n\n\n\n<p>Es dona compte del per\u00edode mitj\u00e0 de pagament del 4t trimestre de 2021, que \u00e9s de 16,08 dies. Es compleix amb el per\u00edode mitj\u00e0, ja que el m\u00e0xim \u00e9s de 30 dies. Tamb\u00e9 es compleix amb la obligaci\u00f3 de presentar aquesta informaci\u00f3, perqu\u00e8 es va enviar al Ministeri d\u2019Hisenda i Administracions P\u00fabliques el 19 de gener de 2022.<\/p>\n\n\n\n<p><strong>14.Expedient 221\/2022 Donar compte del per\u00edode mitj\u00e0 de pagament del 4rt trimestre de 2021<\/strong><\/p>\n\n\n\n<p>No es vota<\/p>\n\n\n\n<p>Es dona compte al Ple de l\u2019informe d\u2019intervenci\u00f3 sobre l\u2019execuci\u00f3 trimestral del pressupost corresponent al 4t trimestre de 2021. Es tracta d\u2019un informe de conformitat amb la Llei org\u00e0nica 2\/2012, del 27 d\u2019abril, d\u2019estabilitat pressupost\u00e0ria i sostenibilitat financera. Tamb\u00e9 es compleix amb l\u2019obligaci\u00f3 de remissi\u00f3 telem\u00e0tica de la informaci\u00f3 requerida, dins dels terminis establerts, ja que es va enviar al Ministeri d\u2019Hisenda i Administracions P\u00fabliques el 27 de gener de 2022.<\/p>\n\n\n\n<p><strong>15.Expedient 241\/2022 Donar compte de l&#8217;execuci\u00f3 del pressupost del 4rt trimestre del 2021<\/strong><\/p>\n\n\n\n<p>No es vota<\/p>\n\n\n\n<p>Es dona compte al Ple de l&#8217;Informe d&#8217;intervenci\u00f3 sobre l&#8217;execuci\u00f3 trimestral del pressupost corresponent al 4t trimestre de 2021. Es tracta d&#8217;un informe de conformitat amb la Llei org\u00e0nica 2\/2012, del 27 d&#8217;abril, d&#8217;estabilitat pressupost\u00e0ria i sostenibilitat financera. L&#8217;Ajuntament compleix amb l&#8217;obligaci\u00f3 de remissi\u00f3 telem\u00e0tica de la informaci\u00f3 requerida, dins dels terminis establerts, ja que es va enviar al Ministeri d&#8217;Hisenda i Administracions P\u00fabliques el 27 de gener de 2022.<\/p>\n\n\n\n<p><strong>16.Donar compte dels Decrets d\u2019alcaldia<\/strong><\/p>\n\n\n\n<p>No es vota<\/p>\n\n\n\n<p><strong>17.Donar compte de les Juntes de Govern Local<\/strong><\/p>\n\n\n\n<p>No es vota<\/p>\n\n\n\n<p><strong>18.Expedient 664\/2022 Moci\u00f3 per donar suport a les mesures contra l&#8217;exclusi\u00f3 financera, presentada pel grup de Comprom\u00eds amb la Bisbal<\/strong><\/p>\n\n\n\n<p>S&#8217;ha aprovat per unanimitat.<\/p>\n\n\n\n<p>S&#8217;ha aprovat una moci\u00f3, amb els seg\u00fcents acords:<\/p>\n\n\n\n<p><strong>&#8220;ACORDS<\/strong><\/p>\n\n\n\n<p><br><strong>Primer.-<\/strong> Mostrar la preocupaci\u00f3 de l\u2019Ajuntament de La Bisbal del Pened\u00e8s per la situaci\u00f3 d\u2019exclusi\u00f3 financera en qu\u00e8 es troba la gent gran del nostre pa\u00eds i bona part del nostre territori.<\/p>\n\n\n\n<p><strong>Segon.-<\/strong> Denunciar la gesti\u00f3 feta per part de les entitats financeres que, malgrat tenir beneficis i en alguns casos ajuts del sector p\u00fablic, no han incorporat a la gesti\u00f3 de les seves entitats el dret a la inclusi\u00f3 financera tant de persones com de territoris. Aquesta exclusi\u00f3 \u00e9s la conseq\u00fc\u00e8ncia de prioritzar els resultats financers i obviar la responsabilitat social corporativa envers els seus clients i el territori on viuen.<\/p>\n\n\n\n<p><strong>Tercer.-<\/strong> Instar les diferents institucions i administracions amb compet\u00e8ncies en l\u2019\u00e0mbit financer, a actuar de manera immediata per revertir la situaci\u00f3 impulsant mesures tant en l\u2019\u00e0mbit legislatiu com en el de la gesti\u00f3 per revertir la situaci\u00f3.<\/p>\n\n\n\n<p><strong>Quart.-<\/strong> Instar al Govern de l\u2019Estat a vetllar per al compliment per part de les entitats financeres tant del Real Decret Llei 1\/2021 de protecci\u00f3 dels<br>consumidors i usuaris per fer front a situacions de vulnerabilitat social i<br>econ\u00f2mica, com del Protocol estrat\u00e8gic per a refor\u00e7ar el comprom\u00eds social i<br>sostenible de la Banca signat el passat 21 de febrer. L\u2019objectiu \u00e9s refor\u00e7ar<br>l\u2019atenci\u00f3 a la gent gran, especialment de manera presencial, ampliar els serveis de caixa i adaptar els serveis bancaris a les necessitats de la gent gran.<\/p>\n\n\n\n<p><strong>Cinqu\u00e8.-<\/strong> Donar suport a la iniciativa del Govern de la Generalitat que ha<br>presentat una Proposici\u00f3 de Llei per a garantir el servei de caixer autom\u00e0tic en els municipis en risc d\u2019exclusi\u00f3 financera. Aquesta garantia s\u2019haur\u00e0 de fer, tal com es descriu en el text de la proposta, a c\u00e0rrec de les pr\u00f2pies entitats financeres de manera volunt\u00e0ria o a trav\u00e9s de la creaci\u00f3 d\u2019un fons que hauran de dotar les pr\u00f2pies entitats. En cap cas, aquest servei b\u00e0sic ha d\u2019estar finan\u00e7at amb diners p\u00fablics.<\/p>\n\n\n\n<p><strong>Sis\u00e8.-<\/strong> Instar als partits pol\u00edtics amb representaci\u00f3 al Congr\u00e9s dels Diputats que presentin, tramitin i aprovin la Proposici\u00f3 de Llei que impulsa el Govern de la Generalitat.<\/p>\n\n\n\n<p><strong>Set\u00e8.-<\/strong> Comunicar aquests acords al Parlament de Catalunya, al Govern de la Generalitat, al Congr\u00e9s dels Diputats i a la Federaci\u00f3 d\u2019Associacions de Gent Gran de Catalunya\u201d<\/p>\n\n\n\n<p><strong>PRECS I PREGUNTES<\/strong><\/p>\n\n\n\n<p>Al final del Ple es va donar resposta a les preguntes formulades pels grups municipals a l&#8217;oposici\u00f3 en el Ple ordinari de desembre de 2021 i es va prendre nota de les que van formular.<\/p>\n\n\n\n<hr class=\"wp-block-separator\"\/>\n\n\n\n<p><strong>CASTELLANO |<\/strong> Este lunes 21 de marzo se ha celebrado el Pleno ordinario del Ayuntamiento de la Bisbal del Pened\u00e8s correspondiente a este trimestre.<\/p>\n\n\n\n<p>Se han tratado los siguientes puntos:<\/p>\n\n\n\n<p><strong>1.Acta<\/strong><strong> Pleno<\/strong><strong> <\/strong><strong>ordinario<\/strong><strong> 21 de diciembre de 2021<\/strong><strong><\/strong><\/p>\n\n\n\n<p>Se ha aprobado por unanimidad<\/p>\n\n\n\n<p><strong>2.Acta <\/strong><strong>Pleno <\/strong><strong>extraordinario 30 de diciembre de 2021<\/strong><strong><\/strong><\/p>\n\n\n\n<p>Se ha aprobado por unanimidad<\/p>\n\n\n\n<p><strong>3.Acta <\/strong><strong>Pleno<\/strong><strong> extraordinario 24 de febrero de 2022<\/strong><strong><\/strong><\/p>\n\n\n\n<p>Se ha aprobado con los votos a favor de Comprom\u00eds amb la Bisbal (6), PSC (1), Units per la Bisbal-FIC (1), Ara la Bisbal (1) y ERC-AM (1) y la abstenci\u00f3n de un concejal del PSC (Daniel Caballero), que se ha querido abstener por el hecho de que no asisti\u00f3 a aquel Pleno.<\/p>\n\n\n\n<p><strong>4.Acta <\/strong><strong>Pleno<\/strong><strong> extraordinario 14 de marzo de 2022<\/strong><strong><\/strong><\/p>\n\n\n\n<p>Se ha aprobado con los votos a favor de Comprom\u00eds amb la Bisbal (6), PSC (2), Units per la Bisbal-FIC (1) y ERC-AM (1) y la abstenci\u00f3n de la concejala de Ara la Bisbal (Maguy Antol\u00edn), que se ha querido abstener por el hecho de que no asisti\u00f3 en aquel Pleno.<\/p>\n\n\n\n<p><strong>5.Expediente 97\/2022 Incremento retributivo de la masa salarial del personal laboral por el 2022<\/strong><strong><\/strong><\/p>\n\n\n\n<p>Se ha aprobado por unanimidad.<\/p>\n\n\n\n<p>La masa salarial es la suma global de remuneraciones que el Ayuntamiento paga, de manera peri\u00f3dica, a sus trabajadores como retribuci\u00f3n al trabajo que realizan.<\/p>\n\n\n\n<p>El art\u00edculo 103 bis.1 de la Ley 7\/1985, del 2 de abril, reguladora de las bases del r\u00e9gimen local, establece: \u201cLas Corporaciones Locales aprobar\u00e1n anualmente la masa salarial del personal laboral del sector p\u00fablico local respetando los l\u00edmites y las condiciones que se establezcan con car\u00e1cter b\u00e1sico en la correspondiente Ley de Presupuestos Generales del Estado\u201d.<\/p>\n\n\n\n<p>En conformidad con el art\u00edculo anterior, la masa salarial del personal laboral del Ayuntamiento de la Bisbal del Pened\u00e8s por este 2022 es de 648.022,31\u20ac, desglosada de la siguiente manera:<\/p>\n\n\n\n<p>Personal laboral fijo: 167.088,71\u20ac<\/p>\n\n\n\n<p>Personal laboral temporal: 480.933,60\u20ac<\/p>\n\n\n\n<p>El incremento aplicado es el que se ha fijado a la LPGE (Ley de Presupuestos General del Estado) del 2022, que es como m\u00e1ximo de un 2% (el incremento aprobado puede ser igual o inferior al 2% y el Ayuntamiento de la Bisbal del Pened\u00e8s ha aplicado el m\u00e1ximo)<\/p>\n\n\n\n<p>El incremento se le aplica al funcionariado y al personal laboral. En cuanto al funcionariado, el incremento qued\u00f3 aplicado cuando se aprob\u00f3 definitivamente la Ley de Presupuestos Generales del Estado del 2022. En el caso del personal laboral, este incremento se tiene que pasar por Pleno. Cabe decir que este incremento fue acordado, previamente, en la Mesa de negociaci\u00f3n del 20 de diciembre de 2021 y condicionado a la aprobaci\u00f3n definitiva de la LPGE 2022.<\/p>\n\n\n\n<p><strong>6.Expediente 328\/2022 Reconocimiento de compatibilidad de un trabajador municipal<\/strong><strong><\/strong><\/p>\n\n\n\n<p>Se ha aprobado por unanimidad.<\/p>\n\n\n\n<p>Se ha aprobado la compatibilidad para ejercer actividades privadas que un trabajador de la brigada municipal solicit\u00f3 el 31 de enero para poder impartir cursos de formaci\u00f3n de inform\u00e1tica dirigidos a personas mayores los martes por la tarde, hasta el 31 de mayo de 2022.<\/p>\n\n\n\n<p>El reconocimiento de la compatibilidad se ha podido aprobar porque se cumplen todos los requisitos necesarios.<\/p>\n\n\n\n<p><strong>7.Expediente 238\/2022 Bases por la concesi\u00f3n de subvenciones de e<\/strong><strong>ducaci\u00f3n<\/strong><\/p>\n\n\n\n<p>Se ha aprobado con los voltios a favor de Comprom\u00eds amb la Bisbal (6), el voto en contra de Ara la Bisbal (1) y las abstenciones del PSC (2), Units por la Bisbal-FIC (1) y ERC-AM (1)<\/p>\n\n\n\n<p>Se aprueban inicialmente las bases reguladoras para la concesi\u00f3n de subvenciones de educaci\u00f3n. Se trata de la unificaci\u00f3n de las bases reguladoras de las subvenciones del transporte escolar del Consell Comarcal del Baix Pened\u00e8s, las del comedor escolar y los libros de texto del instituto, despu\u00e9s de que los textos hayan sido revisados. De hecho, las bases vigentes hasta ahora se aprobaron el 2016 y se han ido modificando.<\/p>\n\n\n\n<p>Las subvenciones no var\u00edan y las condiciones tampoco. En el momento que est\u00e9n aprobadas definitivamente, se convocar\u00e1n las correspondientes convocatorias para el curso 2021\/22.<\/p>\n\n\n\n<p><strong>8.Expediente 242\/2022 Bases por la concesi\u00f3n de subvenciones del fomento a la ocupaci\u00f3n<\/strong><strong><\/strong><\/p>\n\n\n\n<p>Se ha aprobado con los votos a favor de Comprom\u00eds amb la Bisbal (6) y el PSC (2) y las abstenciones de Units per la Bisbal-FIC (1), Ara la Bisbal (1) y ERC-AM (1).<\/p>\n\n\n\n<p>Se han aprobado inicialmente las bases reguladoras para la concesi\u00f3n del fomento a la ocupaci\u00f3n. Se trata de una unificaci\u00f3n del texto, actualizado, de dos subvenciones: la subvenci\u00f3n para la creaci\u00f3n de puestos de trabajo para empresas ubicadas en la Bisbal y la subvenci\u00f3n para nuevos aut\u00f3nomos. Las condiciones para solicitar estas subvenciones no var\u00edan. Una vez se aprueben definitivamente las bases, se convocar\u00e1n las correspondientes convocatorias para nuevos puestos de trabajo y nuevos aut\u00f3nomos del 2021.<\/p>\n\n\n\n<p><strong>9.Expediente 534\/2022 Modificaci\u00f3n de las bases de ejecuci\u00f3n del presupuesto 2022<\/strong><strong><\/strong><\/p>\n\n\n\n<p>Se ha aprobado con los voltios a favor de Comprom\u00eds amb la Bisbal (6) y los votos en contra del PSC (2), Units por la Bisbal-FIC (1), Ara la Bisbal (1) y ERC-AM (1).<\/p>\n\n\n\n<p>Se ha aprobado inicialmente la modificaci\u00f3n de la base 10 de las bases de ejecuci\u00f3n del presupuesto 2022, que regula el nivel de vinculaci\u00f3n jur\u00eddica, a\u00f1adiendo un apartado tercero para agilizar actuaciones a realizar tanto de inversi\u00f3n como de gasto:<\/p>\n\n\n\n<p>&#8220;Tercero: en los casos en que, existiendo cr\u00e9dito presupuestario dentro de un nivel de vinculaci\u00f3n jur\u00eddica, se pretendan imputar gastos dentro del mismo nivel de vinculaci\u00f3n jur\u00eddica a una aplicaci\u00f3n que no figure abierta en la contabilidad por no contar con dotaci\u00f3n presupuestaria inicial, no ser\u00e1 necesario tramitar ninguna modificaci\u00f3n de cr\u00e9dito y se podr\u00e1 dar de alta la nueva aplicaci\u00f3n presupuestaria al tramitarse la autorizaci\u00f3n del gasto, quedando ratificada la creaci\u00f3n de la aplicaci\u00f3n por el acto administrativo de autorizaci\u00f3n del gasto (documento contable A;AD o ADO en caso de acumulaci\u00f3n de fases).<\/p>\n\n\n\n<p>Para la creaci\u00f3n de la aplicaci\u00f3n presupuestaria ser\u00e1 suficiente que en el primer documento contable (A, AD, ADO) que se tramite con cargo a tales conceptos, conste tal circunstancia mediante una diligencia\u201d.<\/p>\n\n\n\n<p><strong>PARTE DE CONTROL:<\/strong><strong><\/strong><\/p>\n\n\n\n<p><strong>10.Expediente 170\/2022 Dar cuenta del plan anual del control interno financiero del 2022<\/strong><strong><\/strong><\/p>\n\n\n\n<p>No se vota.<\/p>\n\n\n\n<p>Se ha dado cuenta del plan anual del control interno financiero para el 2022, en cumplimiento del arte. 31.3 del RD 424\/2017 que regula el r\u00e9gimen jur\u00eddico del control interno en las entidades del sector p\u00fablico local. El objetivo es verificar el funcionamiento de los servicios en el aspecto econ\u00f3mico financiero para comprobar el cumplimiento de la normativa y directrices que los rigen y, en general, que su gesti\u00f3n se ajusta a los principios de buena gesti\u00f3n financiera, comprobando que la gesti\u00f3n de los recursos p\u00fablicos se encuentra orientada por la eficacia, la eficiencia, la econom\u00eda, la calidad y la transparencia, y por los principios de estabilidad presupuestaria y sostenibilidad financiera en el uso de los recursos p\u00fablicos locales. Este control financiero se lleva a cabo a trav\u00e9s del control permanente y la auditor\u00eda p\u00fablica. Tambi\u00e9n se elaborar\u00e1 un resumen anual del cual se dar\u00e1 cuenta al Pleno y a la intervenci\u00f3n general de la administraci\u00f3n del Estado, dentro del primer cuatrimestre de cada a\u00f1o y que contendr\u00e1 los resultados m\u00e1s significativos derivados de las actuaciones de control financiero y de funci\u00f3n interventora realizadas en el ejercicio anterior.<\/p>\n\n\n\n<p><strong>11.Expediente 170\/2022 Dar cuenta del informe de morosidad anual del 2021<\/strong><strong><\/strong><\/p>\n\n\n\n<p>No se vota<\/p>\n\n\n\n<p>Se da cuenta del informe de Intervenci\u00f3n sobre el control de la morosidad en el ejercicio 2021. Se trata de un informe sobre la relaci\u00f3n de operaciones de pago satisfechas tanto dentro de como fuera del plazo legal establecido y el grado de cumplimiento de la normativa en materia de morosidad. El 20 de enero de 2022 se present\u00f3 el informe al Ministerio de Hacienda. Este informe concluye que se cumple con la normativa de morosidad.<\/p>\n\n\n\n<p><strong>12.Expediente 2211\/2021 Dar cuenta del informe del c\u00e1lculo de la estabilidad presupuestaria de la modificaci\u00f3n de cr\u00e9dito 3PLE\/2021<\/strong><strong><\/strong><\/p>\n\n\n\n<p>No se vota<\/p>\n\n\n\n<p>Se da cuenta del informe de intervenci\u00f3n de la modificaci\u00f3n de cr\u00e9dito 3PLE\/2021, que se aprob\u00f3 en el Pleno extraordinario del 29 de noviembre de 2021. Esta modificaci\u00f3n aplicaba 51.861,10\u20ac del remanente de tesorer\u00eda a la renovaci\u00f3n de equipos inform\u00e1ticos y a la realizaci\u00f3n de inversiones a la EDAR del Esparcimiento.<\/p>\n\n\n\n<p>Se da cuenta de este informe en el Pleno ordinario porque, en el momento de la modificaci\u00f3n de cr\u00e9dito, no se cumpl\u00eda el objetivo de estabilidad presupuestaria, puesto que hab\u00eda buena parte lo presupuesto 2021 no ejecutado por el hecho que las obras del polideportivo municipal no se han iniciado. Sin embargo, el cierre del a\u00f1o s\u00ed que cumple la estabilidad presupuestaria.<\/p>\n\n\n\n<p><strong>13.Expediente 490\/2022 Dar cuenta del plan presupuestario a medio plazo 2023\/2025<\/strong><strong><\/strong><\/p>\n\n\n\n<p>No se vota<\/p>\n\n\n\n<p>Se da cuenta del periodo medio de pago del 4.\u00ba trimestre de 2021, que es de 16,08 d\u00edas. Se cumple con el periodo mediano, puesto que el m\u00e1ximo es de 30 d\u00edas. Tambi\u00e9n se cumple con la obligaci\u00f3n de presentar esta informaci\u00f3n, porque se envi\u00f3 al Ministerio de Hacienda y Administraciones P\u00fablicas el 19 de enero de 2022.<\/p>\n\n\n\n<p><strong>14.Expediente 221\/2022 Dar cuenta del periodo medio de pago del 4.\u00ba trimestre de 2021<\/strong><strong><\/strong><\/p>\n\n\n\n<p>No se vota<\/p>\n\n\n\n<p>Se da cuenta al Pleno del informe de intervenci\u00f3n sobre la ejecuci\u00f3n trimestral del presupuesto correspondiente en el 4.\u00ba trimestre de 2021. Se trata de un informe en conformidad con la Ley Org\u00e1nica 2\/2012, del 27 de abril, de estabilidad presupuestaria y sostenibilidad financiera. Tambi\u00e9n se cumple con la obligaci\u00f3n de remisi\u00f3n telem\u00e1tica de la informaci\u00f3n requerida, dentro de los plazos establecidos, puesto que se envi\u00f3 al Ministerio de Hacienda y Administraciones P\u00fablicas el 27 de enero de 2022.<\/p>\n\n\n\n<p><strong>15.Expediente 241\/2022 Dar cuenta de la ejecuci\u00f3n del presupuesto del 4.\u00ba trimestre del 2021<\/strong><strong><\/strong><\/p>\n\n\n\n<p>No se vota<\/p>\n\n\n\n<p>Se da cuenta al Pleno del Informe de intervenci\u00f3n sobre la ejecuci\u00f3n trimestral del presupuesto correspondiente al 4.\u00ba trimestre de 2021. Se trata de un informe en conformidad con la Ley Org\u00e1nica 2\/2012, del 27 de abril, de estabilidad presupuestaria y sostenibilidad financiera. El Ayuntamiento cumple con la obligaci\u00f3n de remisi\u00f3n telem\u00e1tica de la informaci\u00f3n requerida, dentro de los plazos establecidos, puesto que se envi\u00f3 al Ministerio de Hacienda y Administraciones P\u00fablicas el 27 de enero de 2022.<\/p>\n\n\n\n<p><strong>16.Dar cuenta de los Decretos de alcald\u00eda<\/strong><strong><\/strong><\/p>\n\n\n\n<p>No se vota<\/p>\n\n\n\n<p><strong>17.Dar cuenta de las Juntas de Gobierno Local<\/strong><strong><\/strong><\/p>\n\n\n\n<p>No se vota<\/p>\n\n\n\n<p><strong>18.Expediente 664\/2022 Moci\u00f3n para apoyar a las medidas contra la exclusi\u00f3n financiera, presentada por el grupo de Comprom\u00eds con la Bisbal<\/strong><strong><\/strong><\/p>\n\n\n\n<p>Se ha aprobado por unanimidad.<\/p>\n\n\n\n<p>Se ha aprobado una moci\u00f3n, con los siguientes acuerdos:<\/p>\n\n\n\n<p>&#8220;ACUERDOS<\/p>\n\n\n\n<p><strong>Primero.-<\/strong> Mostrar la preocupaci\u00f3n del Ayuntamiento de La Bisbal del Pened\u00e8s por la situaci\u00f3n de exclusi\u00f3n financiera en que se encuentra la gente mayor de nuestro pa\u00eds y buena parte de nuestro territorio.<\/p>\n\n\n\n<p><strong>Segundo.-<\/strong> Denunciar la gesti\u00f3n hecha por parte de las entidades financieras que, a pesar de tener beneficios y en algunos casos ayudas del sector p\u00fablico, no han incorporado a la gesti\u00f3n de sus entidades el derecho a la inclusi\u00f3n financiera tanto de personas como de territorios. Esta exclusi\u00f3n es la consecuencia de priorizar los resultados financieros y obviar la responsabilidad social corporativa hacia sus clientes y el territorio donde viven.<\/p>\n\n\n\n<p><strong>Tercero.-<\/strong> Instar a las diferentes instituciones y administraciones con competencias en el \u00e1mbito financiero, a actuar de manera inmediata para revertir la situaci\u00f3n, impulsando medidas tanto en el \u00e1mbito legislativo como en el de la gesti\u00f3n para revertir la situaci\u00f3n.<\/p>\n\n\n\n<p><strong>Quart.-<\/strong> Instar al Gobierno del Estado a velar para el cumplimiento por parte de las entidades financieras, tanto del Real Decreto Ley 1\/2021 de protecci\u00f3n de los consumidores y usuarios para hacer frente a situaciones de vulnerabilidad social y econ\u00f3mica, como del Protocolo estrat\u00e9gico para reforzar el compromiso social y sostenible<\/p>\n\n\n\n<p>de la Banca firmado el pasado 21 de febrero. El objetivo es reforzar<\/p>\n\n\n\n<p>la atenci\u00f3n a la gente mayor, especialmente de manera presencial, ampliar los servicios de caja y adaptar los servicios bancarios a las necesidades de la gente mayor.<\/p>\n\n\n\n<p><strong>Quinto.-<\/strong> Apoyar la iniciativa del Gobierno de la Generalitat que ha<\/p>\n\n\n\n<p>presentado una Proposici\u00f3n de Ley para garantizar el servicio de cajero autom\u00e1tico en los municipios en riesgo de exclusi\u00f3n financiera. Esta garant\u00eda se tendr\u00e1 que llevar a cabo, tal y como se describe en el texto de la propuesta, a cargo de las propias entidades financieras de manera voluntaria o a trav\u00e9s de la creaci\u00f3n de un fondo que tendr\u00e1n que dotar las propias entidades. En ning\u00fan caso, este servicio b\u00e1sico tiene que estar financiado con dinero p\u00fablico.<\/p>\n\n\n\n<p><strong>Sexto.-<\/strong> Instar a los partidos pol\u00edticos con representaci\u00f3n en el Congreso de los Diputados que presenten, tramiten y aprueben la Proposici\u00f3n de Ley que impulsa el Gobierno de la Generalitat.<\/p>\n\n\n\n<p><strong>S\u00e9ptimo.-<\/strong> Comunicar estos acuerdos en el Parlamento de Catalu\u00f1a, en el Gobierno de la Generalitat, en el Congreso de los Diputados y a la Federaci\u00f3n de Asociaciones de Gente mayor de Catalu\u00f1a\u201d.<\/p>\n\n\n\n<p><strong>RUEGOS Y PREGUNTAS<\/strong><\/p>\n\n\n\n<p>Al final del Pleno se dio respuesta a las preguntas formuladas por los grupos municipales a la oposici\u00f3n en el Pleno ordinario de diciembre de 2021 y se tom\u00f3 nota de las que formularon.<\/p>\n","protected":false},"excerpt":{"rendered":"<p>Aquest dilluns 21 de mar\u00e7 s&#8217;ha celebrat el Ple ordinari de l&#8217;Ajuntament de la Bisbal del Pened\u00e8s corresponent a aquest trimestre. S&#8217;hi han tractat els seg\u00fcents punts: 1.Acta Ple ordinari &hellip; <a href=\"https:\/\/bisbalpenedes.com\/web\/2022\/03\/23\/aquest-dilluns-21-de-marc-ha-tingut-lloc-el-ple-ordinari-de-lajuntament-de-la-bisbal-del-penedes\/\" class=\"more-link\">Read More<\/a><\/p>\n","protected":false},"author":4,"featured_media":21323,"comment_status":"closed","ping_status":"closed","sticky":false,"template":"","format":"standard","meta":[],"categories":[8,2250],"tags":[393,139,249],"_links":{"self":[{"href":"https:\/\/bisbalpenedes.com\/web\/wp-json\/wp\/v2\/posts\/21322"}],"collection":[{"href":"https:\/\/bisbalpenedes.com\/web\/wp-json\/wp\/v2\/posts"}],"about":[{"href":"https:\/\/bisbalpenedes.com\/web\/wp-json\/wp\/v2\/types\/post"}],"author":[{"embeddable":true,"href":"https:\/\/bisbalpenedes.com\/web\/wp-json\/wp\/v2\/users\/4"}],"replies":[{"embeddable":true,"href":"https:\/\/bisbalpenedes.com\/web\/wp-json\/wp\/v2\/comments?post=21322"}],"version-history":[{"count":3,"href":"https:\/\/bisbalpenedes.com\/web\/wp-json\/wp\/v2\/posts\/21322\/revisions"}],"predecessor-version":[{"id":21326,"href":"https:\/\/bisbalpenedes.com\/web\/wp-json\/wp\/v2\/posts\/21322\/revisions\/21326"}],"wp:featuredmedia":[{"embeddable":true,"href":"https:\/\/bisbalpenedes.com\/web\/wp-json\/wp\/v2\/media\/21323"}],"wp:attachment":[{"href":"https:\/\/bisbalpenedes.com\/web\/wp-json\/wp\/v2\/media?parent=21322"}],"wp:term":[{"taxonomy":"category","embeddable":true,"href":"https:\/\/bisbalpenedes.com\/web\/wp-json\/wp\/v2\/categories?post=21322"},{"taxonomy":"post_tag","embeddable":true,"href":"https:\/\/bisbalpenedes.com\/web\/wp-json\/wp\/v2\/tags?post=21322"}],"curies":[{"name":"wp","href":"https:\/\/api.w.org\/{rel}","templated":true}]}}