{"id":21312,"date":"2022-03-23T18:11:53","date_gmt":"2022-03-23T16:11:53","guid":{"rendered":"https:\/\/bisbalpenedes.com\/web\/?p=21312"},"modified":"2022-03-23T18:11:53","modified_gmt":"2022-03-23T16:11:53","slug":"la-bisbal-del-penedes-allotjara-lesprint-intermedi-de-letapa-5-de-la-101a-volta-ciclista-a-catalunya-el-proper-divendres","status":"publish","type":"post","link":"https:\/\/bisbalpenedes.com\/web\/2022\/03\/23\/la-bisbal-del-penedes-allotjara-lesprint-intermedi-de-letapa-5-de-la-101a-volta-ciclista-a-catalunya-el-proper-divendres\/","title":{"rendered":"La Bisbal del Pened\u00e8s allotjar\u00e0 l&#8217;esprint intermedi de l&#8217;etapa 5 de la 101a Volta Ciclista a Catalunya el proper divendres"},"content":{"rendered":"\n<p>L&#8217;avinguda Generalitat de la Bisbal del Pened\u00e8s allotjar\u00e0 l&#8217;esprint intermedi de l&#8217;etapa 5 de la 101a Volta Ciclista a Catalunya el proper divendres 25 de mar\u00e7, aproximadament al voltant de les 16:15h (15 minuts amunt o avall).<\/p>\n\n\n\n<p>La volta vindr\u00e0 de Rodony\u00e0 per la T-240, es far\u00e0 l&#8217;esprint a l&#8217;avinguda de la Generalitat -a l&#8217;al\u00e7ada del n\u00famero 23- i els ciclistes continuaran per la T-240 cap al Papiolet. Al seu pas per la Bisbal, podreu veure el millors ciclistes professionals del m\u00f3n. Us animem a venir a veure aquest gran espectacle esportiu!<\/p>\n\n\n\n<p>En cada etapa de la Volta Ciclista a Catalunya hi ha 2 esprints intermedis puntuables ubicats durant l&#8217;etapa. En total, hi ha 14 esprints intermedis a la &#8220;Volta&#8221;, un dels quals \u00e9s el que estar\u00e0 ubicat a la Bisbal del Pened\u00e8s.<\/p>\n\n\n\n<p>Tenint en compte aquest esdeveniment esportiu, <strong>l&#8217;avinguda de la Generalitat es tallar\u00e0 al tr\u00e0nsit durant una estona, aproximadament entre les 16:00 i les 16:35h.<\/strong> Disculpeu les mol\u00e8sties.<\/p>\n\n\n\n<p>Per a m\u00e9s informaci\u00f3 sobre la &#8220;Volta&#8221; podeu accedir a l&#8217;enlla\u00e7: <a href=\"https:\/\/www.voltacatalunya.cat\/ca\/l-etapa-5\">https:\/\/www.voltacatalunya.cat\/ca\/l-etapa-5<\/a><strong><\/strong><\/p>\n\n\n\n<hr class=\"wp-block-separator\"\/>\n\n\n\n<p><strong>CASTELLANO |<\/strong>&nbsp;La avenida Generalitat de la Bisbal del Pened\u00e8s alojar\u00e1 el esprint intermedio de la etapa 5 de la 101a Volta Cicista de Catalunya el pr\u00f3ximo viernes 25 de marzo, aproximadamente sobre las 16:15h (15 minutos arriba o abajo).<\/p>\n\n\n\n<p>La vuelta vendr\u00e1 de Rodony\u00e0 por la T-240, se har\u00e1 el esprint en la avenida de la Generalitat -a la altura del n\u00famero 23- y los ciclistas continuar\u00e1n por la T-240 hacia el Papiolet. A su paso por la Bisbal, podr\u00e9is ver a los mejores ciclistas profesionales del mundo. \u00a1Os animamos a venir a ver este gran espect\u00e1culo deportivo!<\/p>\n\n\n\n<p>En cada etapa de la Volta Ciclista de Catalunya hay 2 esprints intermedios puntuables ubicados durante la etapa. En total, hay 14 esprints intermedios en la &#8220;Volta&#8221;, uno de los cuales es el que estar\u00e1 ubicado en la Bisbal del Pened\u00e8s.<\/p>\n\n\n\n<p>Teniendo en cuenta este evento deportivo, <strong>la avenida de la Generalitat se cortar\u00e1 al tr\u00e1fico durante un rato, aproximadamente entre las 16:00h y las 16:35h.<\/strong> Disculpad las molestias.<\/p>\n\n\n\n<p>Para m\u00e1s informaci\u00f3n sobre la &#8220;Volta&#8221; pod\u00e9is acceder al enlace: <a href=\"https:\/\/www.voltacatalunya.cat\/ca\/l-etapa-5\">https:\/\/www.voltacatalunya.cat\/ca\/l-etapa-5<\/a><\/p>\n","protected":false},"excerpt":{"rendered":"<p>L&#8217;avinguda Generalitat de la Bisbal del Pened\u00e8s allotjar\u00e0 l&#8217;esprint intermedi de l&#8217;etapa 5 de la 101a Volta Ciclista a Catalunya el proper divendres 25 de mar\u00e7, aproximadament al voltant de &hellip; <a href=\"https:\/\/bisbalpenedes.com\/web\/2022\/03\/23\/la-bisbal-del-penedes-allotjara-lesprint-intermedi-de-letapa-5-de-la-101a-volta-ciclista-a-catalunya-el-proper-divendres\/\" class=\"more-link\">Read More<\/a><\/p>\n","protected":false},"author":4,"featured_media":21315,"comment_status":"closed","ping_status":"closed","sticky":false,"template":"","format":"standard","meta":[],"categories":[8],"tags":[],"_links":{"self":[{"href":"https:\/\/bisbalpenedes.com\/web\/wp-json\/wp\/v2\/posts\/21312"}],"collection":[{"href":"https:\/\/bisbalpenedes.com\/web\/wp-json\/wp\/v2\/posts"}],"about":[{"href":"https:\/\/bisbalpenedes.com\/web\/wp-json\/wp\/v2\/types\/post"}],"author":[{"embeddable":true,"href":"https:\/\/bisbalpenedes.com\/web\/wp-json\/wp\/v2\/users\/4"}],"replies":[{"embeddable":true,"href":"https:\/\/bisbalpenedes.com\/web\/wp-json\/wp\/v2\/comments?post=21312"}],"version-history":[{"count":1,"href":"https:\/\/bisbalpenedes.com\/web\/wp-json\/wp\/v2\/posts\/21312\/revisions"}],"predecessor-version":[{"id":21316,"href":"https:\/\/bisbalpenedes.com\/web\/wp-json\/wp\/v2\/posts\/21312\/revisions\/21316"}],"wp:featuredmedia":[{"embeddable":true,"href":"https:\/\/bisbalpenedes.com\/web\/wp-json\/wp\/v2\/media\/21315"}],"wp:attachment":[{"href":"https:\/\/bisbalpenedes.com\/web\/wp-json\/wp\/v2\/media?parent=21312"}],"wp:term":[{"taxonomy":"category","embeddable":true,"href":"https:\/\/bisbalpenedes.com\/web\/wp-json\/wp\/v2\/categories?post=21312"},{"taxonomy":"post_tag","embeddable":true,"href":"https:\/\/bisbalpenedes.com\/web\/wp-json\/wp\/v2\/tags?post=21312"}],"curies":[{"name":"wp","href":"https:\/\/api.w.org\/{rel}","templated":true}]}}