{"id":2131,"date":"2017-03-22T03:44:23","date_gmt":"2017-03-21T21:44:23","guid":{"rendered":"http:\/\/bisbalpenedes.com\/web\/?p=2131"},"modified":"2017-03-22T13:46:31","modified_gmt":"2017-03-22T07:46:31","slug":"aquest-dimarts-21-de-marc-ha-tingut-lloc-la-cloenda-del-curs-de-catala-de-nivell-b1","status":"publish","type":"post","link":"https:\/\/bisbalpenedes.com\/web\/2017\/03\/22\/aquest-dimarts-21-de-marc-ha-tingut-lloc-la-cloenda-del-curs-de-catala-de-nivell-b1\/","title":{"rendered":"Aquest dimarts 21 de mar\u00e7 ha tingut lloc la cloenda del curs de catal\u00e0 de nivell B2"},"content":{"rendered":"<p><img loading=\"lazy\" class=\"size-medium wp-image-2134 alignleft\" title=\"FOTO 3\" src=\"http:\/\/bisbalpenedes.com\/web\/wp-content\/uploads\/2017\/03\/FOTO-3-300x168.jpg\" alt=\"\" width=\"300\" height=\"168\" srcset=\"https:\/\/bisbalpenedes.com\/web\/wp-content\/uploads\/2017\/03\/FOTO-3-300x168.jpg 300w, https:\/\/bisbalpenedes.com\/web\/wp-content\/uploads\/2017\/03\/FOTO-3-600x338.jpg 600w, https:\/\/bisbalpenedes.com\/web\/wp-content\/uploads\/2017\/03\/FOTO-3-1024x576.jpg 1024w\" sizes=\"(max-width: 300px) 100vw, 300px\" \/><\/p>\n<div>\n<p style=\"text-align: left;\"><span style=\"text-align: justify;\">Aquest dimarts 21 de mar\u00e7 ha finalitzat el primer curs de catal\u00e0 de nivell B2 que s\u2019ha ofert a La Bisbal del Pened\u00e8s a trav\u00e9s del Consorci de Normalitzaci\u00f3 Ling\u00fc\u00edstica (CPNL) vehiculat a trav\u00e9s de la Regidoria d\u2019Ocupaci\u00f3.<\/span><\/p>\n<div>\n<p style=\"text-align: justify;\">Al curs, que va comen\u00e7ar al setembre de 2016 amb el nivell B1 i que ha estat impartit per la professora Montse Espar, hi han participat alumnes de diversos pa\u00efsos, alguns d\u2019ells entenien el catal\u00e0, d\u2019altres ni l\u2019entenien ni el parlaven. dels 16 alumnes que van participar al primer curs, 9 han decidit continuar aprenent el catal\u00e0 passades les festes de Nadal acollint-se al programa del nivell B2.<\/p>\n<p style=\"text-align: justify;\">Aquest dimarts 21 de mar\u00e7 ha estat el darrer dia del curs i des de l\u2019Ajuntament s\u2019ha organitzat una excursi\u00f3 per visitar els safaretjos, que la majoria d\u2019alumnes no coneixien. All\u00e0, l\u2019historiador local Jordi Ferran els ha fet coneixedors de la hist\u00f2ria d\u2019aquest indret de La Bisbal de forma totalment altruista.<\/p>\n<p style=\"text-align: justify;\">Durant la tarda, a m\u00e9s, diversos alumnes s\u2019han animat a participar en l\u2019acte organitzat amb motiu del Dia Mundial de la Poesia, organitzat des de la Regidoria de Cultura de l\u2019Ajuntament de La Bisbal del Pened\u00e8s. All\u00e0 han recitat \u201cEl poema\u201d de l\u2019autora mallorquina Ant\u00f2nia Vicens en diverses lleng\u00fces com ara l\u2019itali\u00e0, el portugu\u00e8s, l\u2019\u00e0rab, el roman\u00e8s, el rus, el franc\u00e8s o l\u2019euskera.<\/p>\n<p><img loading=\"lazy\" class=\"size-medium wp-image-2132\" title=\"FOTO 1\" src=\"http:\/\/bisbalpenedes.com\/web\/wp-content\/uploads\/2017\/03\/FOTO-1-300x168.jpg\" alt=\"\" width=\"300\" height=\"168\" srcset=\"https:\/\/bisbalpenedes.com\/web\/wp-content\/uploads\/2017\/03\/FOTO-1-300x168.jpg 300w, https:\/\/bisbalpenedes.com\/web\/wp-content\/uploads\/2017\/03\/FOTO-1-600x338.jpg 600w, https:\/\/bisbalpenedes.com\/web\/wp-content\/uploads\/2017\/03\/FOTO-1-1024x576.jpg 1024w\" sizes=\"(max-width: 300px) 100vw, 300px\" \/><a href=\"http:\/\/bisbalpenedes.com\/web\/wp-content\/uploads\/2017\/03\/FOTO-2.jpg\"><img loading=\"lazy\" class=\"size-medium wp-image-2133\" title=\"FOTO 2\" src=\"http:\/\/bisbalpenedes.com\/web\/wp-content\/uploads\/2017\/03\/FOTO-2-300x168.jpg\" alt=\"\" width=\"300\" height=\"168\" srcset=\"https:\/\/bisbalpenedes.com\/web\/wp-content\/uploads\/2017\/03\/FOTO-2-300x168.jpg 300w, https:\/\/bisbalpenedes.com\/web\/wp-content\/uploads\/2017\/03\/FOTO-2-600x338.jpg 600w, https:\/\/bisbalpenedes.com\/web\/wp-content\/uploads\/2017\/03\/FOTO-2-1024x576.jpg 1024w\" sizes=\"(max-width: 300px) 100vw, 300px\" \/><\/a><a href=\"http:\/\/bisbalpenedes.com\/web\/wp-content\/uploads\/2017\/03\/FOTO-4.jpg\"><img loading=\"lazy\" class=\"size-medium wp-image-2135 alignnone\" title=\"FOTO 4\" src=\"http:\/\/bisbalpenedes.com\/web\/wp-content\/uploads\/2017\/03\/FOTO-4-300x168.jpg\" alt=\"\" width=\"300\" height=\"168\" srcset=\"https:\/\/bisbalpenedes.com\/web\/wp-content\/uploads\/2017\/03\/FOTO-4-300x168.jpg 300w, https:\/\/bisbalpenedes.com\/web\/wp-content\/uploads\/2017\/03\/FOTO-4-600x338.jpg 600w, https:\/\/bisbalpenedes.com\/web\/wp-content\/uploads\/2017\/03\/FOTO-4-1024x576.jpg 1024w\" sizes=\"(max-width: 300px) 100vw, 300px\" \/><\/a><\/p>\n<\/div>\n<\/div>\n","protected":false},"excerpt":{"rendered":"<p>Aquest dimarts 21 de mar\u00e7 ha finalitzat el primer curs de catal\u00e0 de nivell B2 que s\u2019ha ofert a La Bisbal del Pened\u00e8s a trav\u00e9s del Consorci de Normalitzaci\u00f3 Ling\u00fc\u00edstica &hellip; <a href=\"https:\/\/bisbalpenedes.com\/web\/2017\/03\/22\/aquest-dimarts-21-de-marc-ha-tingut-lloc-la-cloenda-del-curs-de-catala-de-nivell-b1\/\" class=\"more-link\">Read More<\/a><\/p>\n","protected":false},"author":4,"featured_media":2136,"comment_status":"closed","ping_status":"closed","sticky":false,"template":"","format":"standard","meta":[],"categories":[4,9],"tags":[253,251,252],"_links":{"self":[{"href":"https:\/\/bisbalpenedes.com\/web\/wp-json\/wp\/v2\/posts\/2131"}],"collection":[{"href":"https:\/\/bisbalpenedes.com\/web\/wp-json\/wp\/v2\/posts"}],"about":[{"href":"https:\/\/bisbalpenedes.com\/web\/wp-json\/wp\/v2\/types\/post"}],"author":[{"embeddable":true,"href":"https:\/\/bisbalpenedes.com\/web\/wp-json\/wp\/v2\/users\/4"}],"replies":[{"embeddable":true,"href":"https:\/\/bisbalpenedes.com\/web\/wp-json\/wp\/v2\/comments?post=2131"}],"version-history":[{"count":8,"href":"https:\/\/bisbalpenedes.com\/web\/wp-json\/wp\/v2\/posts\/2131\/revisions"}],"predecessor-version":[{"id":2138,"href":"https:\/\/bisbalpenedes.com\/web\/wp-json\/wp\/v2\/posts\/2131\/revisions\/2138"}],"wp:featuredmedia":[{"embeddable":true,"href":"https:\/\/bisbalpenedes.com\/web\/wp-json\/wp\/v2\/media\/2136"}],"wp:attachment":[{"href":"https:\/\/bisbalpenedes.com\/web\/wp-json\/wp\/v2\/media?parent=2131"}],"wp:term":[{"taxonomy":"category","embeddable":true,"href":"https:\/\/bisbalpenedes.com\/web\/wp-json\/wp\/v2\/categories?post=2131"},{"taxonomy":"post_tag","embeddable":true,"href":"https:\/\/bisbalpenedes.com\/web\/wp-json\/wp\/v2\/tags?post=2131"}],"curies":[{"name":"wp","href":"https:\/\/api.w.org\/{rel}","templated":true}]}}