{"id":21309,"date":"2022-03-23T17:46:14","date_gmt":"2022-03-23T15:46:14","guid":{"rendered":"https:\/\/bisbalpenedes.com\/web\/?p=21309"},"modified":"2022-03-23T17:46:14","modified_gmt":"2022-03-23T15:46:14","slug":"el-cmc-acollira-la-presentacio-del-darrer-llibre-del-bisbalenc-julio-l-calderon-el-dissabte-2-dabril","status":"publish","type":"post","link":"https:\/\/bisbalpenedes.com\/web\/2022\/03\/23\/el-cmc-acollira-la-presentacio-del-darrer-llibre-del-bisbalenc-julio-l-calderon-el-dissabte-2-dabril\/","title":{"rendered":"El CMC acollir\u00e0 la presentaci\u00f3 del darrer llibre del bisbalenc Julio L. Calder\u00f3n el dissabte 2 d&#8217;abril"},"content":{"rendered":"\n<p>El dissabte 2 d&#8217;abril, a les 12h, l&#8217;auditori Salb\u00e0 del Centre Municipal de Cultura (CMC) acollir\u00e0 la presentaci\u00f3 del darrer llibre del bisbalenc Julio L. Calder\u00f3n, titulat &#8220;So\u00f1ando despierto&#8221;. Segons l&#8217;autor, es tracta d&#8217;una aventura a trav\u00e9s de la hist\u00f2ria de la nostra esp\u00e8cie, des dels seus inicis fins al seu final, fent parada en les estacions que han marcat l&#8217;esdevenir de la societat actual, observada des d&#8217;un prisma diferent, el d&#8217;all\u00f2 prohibit, ocult i pag\u00e0&#8221;.<\/p>\n\n\n\n<hr class=\"wp-block-separator\"\/>\n\n\n\n<p>El s\u00e1bado 2 de abril, a las 12h, el auditorio Salb\u00e0 del Centre Municipal de Cultura (CMC) acoger\u00e1 la presentaci\u00f3n del \u00faltimo libro del bisbalense Julio L. Calder\u00f3n, titulado &#8220;So\u00f1ando despierto&#8221;. Seg\u00fan el autor, se trata de una aventura a trav\u00e9s de la historia de nuestra especie, desde sus inicios hasta su final, en las estaciones que han marcado el acontecer de la sociedad actual, observada desde un prisma distinto, el de lo prohibido, oculto y pagano&#8221;.<br><\/p>\n","protected":false},"excerpt":{"rendered":"<p>El dissabte 2 d&#8217;abril, a les 12h, l&#8217;auditori Salb\u00e0 del Centre Municipal de Cultura (CMC) acollir\u00e0 la presentaci\u00f3 del darrer llibre del bisbalenc Julio L. Calder\u00f3n, titulat &#8220;So\u00f1ando despierto&#8221;. Segons &hellip; <a href=\"https:\/\/bisbalpenedes.com\/web\/2022\/03\/23\/el-cmc-acollira-la-presentacio-del-darrer-llibre-del-bisbalenc-julio-l-calderon-el-dissabte-2-dabril\/\" class=\"more-link\">Read More<\/a><\/p>\n","protected":false},"author":4,"featured_media":21310,"comment_status":"closed","ping_status":"closed","sticky":false,"template":"","format":"standard","meta":[],"categories":[2942,13,8],"tags":[225,5156,393,2825,47,5157],"_links":{"self":[{"href":"https:\/\/bisbalpenedes.com\/web\/wp-json\/wp\/v2\/posts\/21309"}],"collection":[{"href":"https:\/\/bisbalpenedes.com\/web\/wp-json\/wp\/v2\/posts"}],"about":[{"href":"https:\/\/bisbalpenedes.com\/web\/wp-json\/wp\/v2\/types\/post"}],"author":[{"embeddable":true,"href":"https:\/\/bisbalpenedes.com\/web\/wp-json\/wp\/v2\/users\/4"}],"replies":[{"embeddable":true,"href":"https:\/\/bisbalpenedes.com\/web\/wp-json\/wp\/v2\/comments?post=21309"}],"version-history":[{"count":1,"href":"https:\/\/bisbalpenedes.com\/web\/wp-json\/wp\/v2\/posts\/21309\/revisions"}],"predecessor-version":[{"id":21311,"href":"https:\/\/bisbalpenedes.com\/web\/wp-json\/wp\/v2\/posts\/21309\/revisions\/21311"}],"wp:featuredmedia":[{"embeddable":true,"href":"https:\/\/bisbalpenedes.com\/web\/wp-json\/wp\/v2\/media\/21310"}],"wp:attachment":[{"href":"https:\/\/bisbalpenedes.com\/web\/wp-json\/wp\/v2\/media?parent=21309"}],"wp:term":[{"taxonomy":"category","embeddable":true,"href":"https:\/\/bisbalpenedes.com\/web\/wp-json\/wp\/v2\/categories?post=21309"},{"taxonomy":"post_tag","embeddable":true,"href":"https:\/\/bisbalpenedes.com\/web\/wp-json\/wp\/v2\/tags?post=21309"}],"curies":[{"name":"wp","href":"https:\/\/api.w.org\/{rel}","templated":true}]}}