{"id":21305,"date":"2022-03-22T21:18:20","date_gmt":"2022-03-22T19:18:20","guid":{"rendered":"https:\/\/bisbalpenedes.com\/web\/?p=21305"},"modified":"2022-03-22T21:18:20","modified_gmt":"2022-03-22T19:18:20","slug":"el-bisbalenc-ion-velez-rep-un-premi-com-a-finalista-del-concurs-digital-de-dibuix-daqualia","status":"publish","type":"post","link":"https:\/\/bisbalpenedes.com\/web\/2022\/03\/22\/el-bisbalenc-ion-velez-rep-un-premi-com-a-finalista-del-concurs-digital-de-dibuix-daqualia\/","title":{"rendered":"El bisbalenc Ion V\u00e9lez rep un premi com a finalista del Concurs Digital de Dibuix d&#8217;Aqualia"},"content":{"rendered":"\n<p>Avui dimarts 22 de mar\u00e7, l&#8217;alcaldessa de la Bisbal del Pened\u00e8s, Agn\u00e8s Ferr\u00e9; la regidora d&#8217;Ensenyament i del servei d&#8217;Abastament d&#8217;Aigua, Leo Uceda; i el responsable d&#8217;Aqualia al municipi, Pau Gonz\u00e1lez; han lliurat un Smartwatch a Ion V\u00e9lez, alumne de l&#8217;Escola Ull de Vent de la Bisbal, per quedar finalista en la categoria individual del Concurs Digital de Dibuix d&#8217;Aqualia. El seu treball sobre el cicle integral de l&#8217;aigua i els Objectius de Desenvolupament Sostenible (ODS) ha estat triat entre els dels m\u00e9s de 10.500 alumnes de 3r i 4t de prim\u00e0ria participants en tot l&#8217;estat espanyol.<\/p>\n\n\n\n<p>L&#8217;alcaldessa ha felicitat l&#8217;alumne i ha destacat la import\u00e0ncia de l&#8217;aigua en el nostre dia a dia i &#8220;la feina que hi ha per portar-la a totes les cases, que sovint no valorem&#8221;. A m\u00e9s, ha explicat que &#8220;iniciatives com aquesta permeten que els m\u00e9s joves del municipi prenguin consci\u00e8ncia sobre l&#8217;\u00fas responsable de l&#8217;aigua per cuidar el planeta&#8221;.<\/p>\n\n\n\n<p>Per la seva banda, Pau Gonz\u00e1lez, responsable d&#8217;Aqualia a la Bisbal, ha explicat que &#8220;el concurs \u00e9s un referent en la promoci\u00f3 de valors, totalment consolidat a Catalunya. La participaci\u00f3 en la darrera edici\u00f3 va cr\u00e9ixer m\u00e9s d&#8217;un 58%, fet que demostra la total consolidaci\u00f3 del concurs i la implicaci\u00f3 d&#8217;escoles, fam\u00edlies i infants amb aquesta eina educativa&#8221;.<\/p>\n\n\n\n<p><strong>El 22 de mar\u00e7 \u00e9s el Dia Mundial de l&#8217;Aigua<\/strong> i s&#8217;ha aprofitat aquesta jornada per entregar-li el premi a aquest alumne. A m\u00e9s, aquest vespre, la fa\u00e7ana de l&#8217;Ajuntament de la Bisbal del Pened\u00e8s s&#8217;il\u00b7luminar\u00e0 de color blau en el marc d&#8217;aquesta commemoraci\u00f3. Enguany el lema del Dia Mundial de l&#8217;aigua \u00e9s &#8220;Groundwater:making the invisible visible&#8221; (Aig\u00fces subterr\u00e0nies: fent visible all\u00f2 invisible), un pas important per obtenir l&#8217;atenci\u00f3 necess\u00e0ria cap als recursos de l&#8217;aigua subterr\u00e0nia, de cara a l&#8217;agenda mundial, perqu\u00e8 aquestes aig\u00fces puguin beneficiar la societat ara i cap al futur.<\/p>\n\n\n\n<p>Per a m\u00e9s informaci\u00f3 podeu accedir al web: <a href=\"https:\/\/aca.gencat.cat\/ca\/laca\/campanyes-i-divulgacio\/dia-mundial-de-laigua\/\">https:\/\/aca.gencat.cat\/ca\/laca\/campanyes-i-divulgacio\/dia-mundial-de-laigua\/<\/a><\/p>\n\n\n\n<p><strong>En marxa la nova edici\u00f3 del Concurs de Dibuix: les Aqua-Olimp\u00edades<\/strong><\/p>\n\n\n\n<p>Enguany, novament, Aqualia tira endavant el Concurs Digital de Dibuix Infantil a trav\u00e9s del web <a href=\"http:\/\/www.aqualiaiods6.cat\/\">www.aqualiaiods6.cat<\/a>. El concurs es vehicula a trav\u00e9s d&#8217;uns personatges imaginaris, l&#8217;Aqual i l&#8217;ODS 6, que animen els m\u00e9s menuts a sumar-se a un repte Aqua-Ol\u00edmp\u00edc i promoure, entre tots, l&#8217;\u00fas sostenible de l&#8217;aigua. Tot aix\u00f2 permetr\u00e0 explicar als m\u00e9s petits l&#8217;Agenda 2030 i els objectius de Desenvolupament Sostenible (ODS).<\/p>\n\n\n\n<p>Els participants opten a aconseguir 10 premis individuals, 10 bicicletes, una per a cada infant guanyador; 250 premis per als nens i nenes finalistes, consistents cadascun d&#8217;ells una targeta per a material esportiu; i 1 premi col\u00b7lectiu per a un col\u00b7legi, consistent en una targeta de 1.000 euros per a material educatiu. El nom dels guanyadors es difondr\u00e0, a partir del 5 de juny del 2022 (Dia Mundial del Medi Ambient), a trav\u00e9s del web d&#8217;Aqualia (<a href=\"http:\/\/www.aqualia.com\" data-type=\"URL\" data-id=\"www.aqualia.com\">www.aqualia.com<\/a>), al web del Concurs i a trav\u00e9s del compte de Twitter @aqualia.<\/p>\n\n\n\n<hr class=\"wp-block-separator\"\/>\n\n\n\n<p><strong>CASTELLANO |&nbsp;<\/strong>Hoy martes 22 de marzo, la alcaldesa de la Bisbal del Pened\u00e8s, Agn\u00e8s Ferr\u00e9; la concejala de Educaci\u00f3n y del servicio de Abastecimiento de Agua, Leo Uceda; y el responsable de Aqualia en el municipio, Pau Gonz\u00e1lez, han entregado un Smartwatch a Ion V\u00e9lez, alumno de la Escuela Ull de Vent de la Bisbal, por quedar finalista en la categor\u00eda individual del Concurso Digital de Dibujo de Aqualia. Su trabajo sobre el ciclo integral del agua y los Objetivos de Desarrollo Sostenible (ODS) ha sido elegido entre los de m\u00e1s de 10.500 alumnos de 3\u00ba y 4\u00ba de primaria participantes en todo el estado espa\u00f1ol.<\/p>\n\n\n\n<p>La alcaldesa ha felicitado al alumno y ha destacado la importancia del agua en nuestro d\u00eda a d\u00eda y &#8220;el trabajo que hay para llevarla a todas las casas, que a menudo no se valora&#8221;. Adem\u00e1s, ha explicado que &#8220;iniciativas como esta permite que los m\u00e1s j\u00f3venes del municipio tomen consciencia sobre el uso responsable del agua para cuidar el planeta&#8221;.<\/p>\n\n\n\n<p>Por su parte, Pau Gonz\u00e1lez, responsable de Aqualia en la Bisbal, ha explicado que &#8220;el concurso es un referente en la promoci\u00f3n de valores, totalmente consolidado en Catalunya. La participaci\u00f3n en la \u00faltima edici\u00f3n creci\u00f3 m\u00e1s de un 58%, hecho que demuestra la total consolidaci\u00f3n del concurso y la implicaci\u00f3n de colegios, familias y ni\u00f1os y ni\u00f1as con esta herramienta educativa&#8221;.<\/p>\n\n\n\n<p><strong>El 22 de marzo es el D\u00eda Mundial del Agua<\/strong> y se ha aprovechado esta jornada para entregarle el premio a este alumno. Adem\u00e1s, esta noche, la fachada del Ayuntamiento de la Bisbal del Pened\u00e8s se iluminar\u00e1 de color azul en el marco de esta conmemoraci\u00f3n. Este a\u00f1o el lema del D\u00eda Mundial del agua es &#8220;Groundwater: making the invisible visible&#8221; (Aguas subterr\u00e1neas: haciendo visible lo invisible), un paso importante para obtener la atenci\u00f3n necesaria hacia los recursos del agua subterr\u00e1nea, de cara a la agenda mundial, para que estas aguas puedan beneficiar a la sociedad de ahora y hacia el futuro.<\/p>\n\n\n\n<p>Para m\u00e1s informaci\u00f3n pod\u00e9is acceder a la web:&nbsp; <a href=\"https:\/\/aca.gencat.cat\/ca\/laca\/campanyes-i-divulgacio\/dia-mundial-de-laigua\/\">https:\/\/aca.gencat.cat\/ca\/laca\/campanyes-i-divulgacio\/dia-mundial-de-laigua\/<\/a><\/p>\n\n\n\n<p>En marcha la nueva edici\u00f3n del Concurs de Dibujo: las Aqua-Olimpiadas<\/p>\n\n\n\n<p>Este a\u00f1o, de nuevo, Aqualia lleva a cabo el Concurso Digital de Dibujo Infantil a trav\u00e9s de la web www.aqualiaiods6.cat. El concurso se vehicula a trav\u00e9s de unos personajes imaginarios, Aqual y ODS6, que animan a los m\u00e1s peque\u00f1os a sumarse a un reto Aqua Ol\u00edmpico y promover, entre todos, el uso sostenible del agua. Todo ello permitir\u00e1 explicarles a los m\u00e1s peque\u00f1os la Agenda 2030 y los objetivos de Desarrollo Sostenible (ODS).<\/p>\n\n\n\n<p>Los participantes optan a conseguir 10 premios individuales, 10 bicicletas, una para cada ni\u00f1o ganador; 250 premios para los ni\u00f1os y ni\u00f1as finalistas, consistentes cada uno de ellos en una tarjeta para material deportivo; y 1 premio colectivo para una escuela, consistente en una tarjeta de 1.000 euros para material educativo. El nombre de los ganadores se difundir\u00e1, a partir del 5 de junio de 2022 (D\u00eda Mundial del Medio Ambiente), a trav\u00e9s de la web de Aqualia (<a href=\"http:\/\/www.aqualia.com\" data-type=\"URL\" data-id=\"www.aqualia.com\">www.aqualia.com<\/a>), en la web del Concurso y a trav\u00e9s de la cuneta de Twitter de @aqualia.<\/p>\n","protected":false},"excerpt":{"rendered":"<p>Avui dimarts 22 de mar\u00e7, l&#8217;alcaldessa de la Bisbal del Pened\u00e8s, Agn\u00e8s Ferr\u00e9; la regidora d&#8217;Ensenyament i del servei d&#8217;Abastament d&#8217;Aigua, Leo Uceda; i el responsable d&#8217;Aqualia al municipi, Pau &hellip; <a href=\"https:\/\/bisbalpenedes.com\/web\/2022\/03\/22\/el-bisbalenc-ion-velez-rep-un-premi-com-a-finalista-del-concurs-digital-de-dibuix-daqualia\/\" class=\"more-link\">Read More<\/a><\/p>\n","protected":false},"author":4,"featured_media":21306,"comment_status":"closed","ping_status":"closed","sticky":false,"template":"","format":"standard","meta":[],"categories":[3456,8,3352],"tags":[649,4380,4409,3062,393],"_links":{"self":[{"href":"https:\/\/bisbalpenedes.com\/web\/wp-json\/wp\/v2\/posts\/21305"}],"collection":[{"href":"https:\/\/bisbalpenedes.com\/web\/wp-json\/wp\/v2\/posts"}],"about":[{"href":"https:\/\/bisbalpenedes.com\/web\/wp-json\/wp\/v2\/types\/post"}],"author":[{"embeddable":true,"href":"https:\/\/bisbalpenedes.com\/web\/wp-json\/wp\/v2\/users\/4"}],"replies":[{"embeddable":true,"href":"https:\/\/bisbalpenedes.com\/web\/wp-json\/wp\/v2\/comments?post=21305"}],"version-history":[{"count":2,"href":"https:\/\/bisbalpenedes.com\/web\/wp-json\/wp\/v2\/posts\/21305\/revisions"}],"predecessor-version":[{"id":21308,"href":"https:\/\/bisbalpenedes.com\/web\/wp-json\/wp\/v2\/posts\/21305\/revisions\/21308"}],"wp:featuredmedia":[{"embeddable":true,"href":"https:\/\/bisbalpenedes.com\/web\/wp-json\/wp\/v2\/media\/21306"}],"wp:attachment":[{"href":"https:\/\/bisbalpenedes.com\/web\/wp-json\/wp\/v2\/media?parent=21305"}],"wp:term":[{"taxonomy":"category","embeddable":true,"href":"https:\/\/bisbalpenedes.com\/web\/wp-json\/wp\/v2\/categories?post=21305"},{"taxonomy":"post_tag","embeddable":true,"href":"https:\/\/bisbalpenedes.com\/web\/wp-json\/wp\/v2\/tags?post=21305"}],"curies":[{"name":"wp","href":"https:\/\/api.w.org\/{rel}","templated":true}]}}