{"id":21298,"date":"2022-03-22T15:02:03","date_gmt":"2022-03-22T13:02:03","guid":{"rendered":"https:\/\/bisbalpenedes.com\/web\/?p=21298"},"modified":"2022-03-22T15:05:37","modified_gmt":"2022-03-22T13:05:37","slug":"shan-aprovat-les-bases-per-treure-a-concurs-el-bar-del-local-social-de-la-miralba","status":"publish","type":"post","link":"https:\/\/bisbalpenedes.com\/web\/2022\/03\/22\/shan-aprovat-les-bases-per-treure-a-concurs-el-bar-del-local-social-de-la-miralba\/","title":{"rendered":"S&#8217;han aprovat les bases per treure a concurs el bar del local social de la Miralba"},"content":{"rendered":"\n<p>El passat 16 de mar\u00e7 es van aprovar -inicialment-, mitjan\u00e7ant Decret d&#8217;alcaldia, les bases reguladores que regeixen la llic\u00e8ncia del bar del local social de la Miralba. Aquesta aprovaci\u00f3 arriba despr\u00e9s que el 2 de mar\u00e7 s&#8217;aprov\u00e9s definitivament la modificaci\u00f3 de diverses ordenances fiscals, entre les quals es trobava la que permet iniciar el procediment per poder licitar el bar del local social de La Miralba.<\/p>\n\n\n\n<p>Les bases aprovades inicialment estaran s&#8217;exposades al p\u00fablic fins al 21 d&#8217;abril. Si, arribada aquesta data, no s&#8217;han presentat al\u00b7legacions, s&#8217;aprovaran definitivament i ja es podr\u00e0 iniciar el procediment de concurs de la gesti\u00f3 del servei de bar del local social de La Miralba.<\/p>\n\n\n\n<p>L&#8217;alcaldessa de la Bisbal del Pened\u00e8s, Agn\u00e8s Ferr\u00e9, ha explicat que &#8220;si tot va b\u00e9, abans de l&#8217;estiu el local social de La Miralba ja podr\u00e0 tenir el bar obert&#8221;.<\/p>\n\n\n\n<p>Enlla\u00e7 a l&#8217;anunci del BOPT: &nbsp;<a href=\"https:\/\/www.diputaciodetarragona.cat\/ebop\/index.php?op=anunci&amp;id=2354&amp;ebop_any=2022\">https:\/\/www.diputaciodetarragona.cat\/ebop\/index.php?op=anunci&amp;id=2354&amp;ebop_any=2022<\/a><\/p>\n\n\n\n<hr class=\"wp-block-separator\"\/>\n\n\n\n<p>El pasado 16 de marzo se aprob\u00f3 -inicialmente-, mediante decreto de alcald\u00eda, las bases reguladoras que rigen la licencia del bar del local social de la Miralba. Esta aprobaci\u00f3n llega despu\u00e9s de que el 2 de marzo se aprobase definitivamente la modificaci\u00f3n de varias ordenanzas fiscales, entre las cuales se encontraba la que permite iniciar el procedimiento para poder licitar el bar del local social de La Miralba.<\/p>\n\n\n\n<p>Las bases aprobadas inicialmente estar\u00e1n expuestas al p\u00fablico hasta el 21 de abril. Si, llegada esta fecha, no se han presentado alegaciones, se aprobar\u00e1n definitivamente y ya se podr\u00e1 iniciar el procedimiento de concurso de la gesti\u00f3n del servicio de bar del local social de La Miralba.<\/p>\n\n\n\n<p>La alcaldesa de la Bisbal del Pened\u00e8s, Agn\u00e8s Ferr\u00e9, ha explicado que &#8220;si todo va bien, antes del verano el local social de La Miralba ya podr\u00e1 tener el bar abierto&#8221;.<\/p>\n\n\n\n<p>Enlace al anuncio del BOPT: <a href=\"https:\/\/www.diputaciodetarragona.cat\/ebop\/index.php?op=anunci&amp;id=2354&amp;ebop_any=2022\">https:\/\/www.diputaciodetarragona.cat\/ebop\/index.php?op=anunci&amp;id=2354&amp;ebop_any=2022<\/a><\/p>\n","protected":false},"excerpt":{"rendered":"<p>El passat 16 de mar\u00e7 es van aprovar -inicialment-, mitjan\u00e7ant Decret d&#8217;alcaldia, les bases reguladores que regeixen la llic\u00e8ncia del bar del local social de la Miralba. Aquesta aprovaci\u00f3 arriba &hellip; <a href=\"https:\/\/bisbalpenedes.com\/web\/2022\/03\/22\/shan-aprovat-les-bases-per-treure-a-concurs-el-bar-del-local-social-de-la-miralba\/\" class=\"more-link\">Read More<\/a><\/p>\n","protected":false},"author":4,"featured_media":21301,"comment_status":"closed","ping_status":"closed","sticky":false,"template":"","format":"standard","meta":[],"categories":[1047,4287,8],"tags":[459,675,393,246,267,283],"_links":{"self":[{"href":"https:\/\/bisbalpenedes.com\/web\/wp-json\/wp\/v2\/posts\/21298"}],"collection":[{"href":"https:\/\/bisbalpenedes.com\/web\/wp-json\/wp\/v2\/posts"}],"about":[{"href":"https:\/\/bisbalpenedes.com\/web\/wp-json\/wp\/v2\/types\/post"}],"author":[{"embeddable":true,"href":"https:\/\/bisbalpenedes.com\/web\/wp-json\/wp\/v2\/users\/4"}],"replies":[{"embeddable":true,"href":"https:\/\/bisbalpenedes.com\/web\/wp-json\/wp\/v2\/comments?post=21298"}],"version-history":[{"count":1,"href":"https:\/\/bisbalpenedes.com\/web\/wp-json\/wp\/v2\/posts\/21298\/revisions"}],"predecessor-version":[{"id":21300,"href":"https:\/\/bisbalpenedes.com\/web\/wp-json\/wp\/v2\/posts\/21298\/revisions\/21300"}],"wp:featuredmedia":[{"embeddable":true,"href":"https:\/\/bisbalpenedes.com\/web\/wp-json\/wp\/v2\/media\/21301"}],"wp:attachment":[{"href":"https:\/\/bisbalpenedes.com\/web\/wp-json\/wp\/v2\/media?parent=21298"}],"wp:term":[{"taxonomy":"category","embeddable":true,"href":"https:\/\/bisbalpenedes.com\/web\/wp-json\/wp\/v2\/categories?post=21298"},{"taxonomy":"post_tag","embeddable":true,"href":"https:\/\/bisbalpenedes.com\/web\/wp-json\/wp\/v2\/tags?post=21298"}],"curies":[{"name":"wp","href":"https:\/\/api.w.org\/{rel}","templated":true}]}}