{"id":21290,"date":"2022-03-22T08:44:33","date_gmt":"2022-03-22T06:44:33","guid":{"rendered":"https:\/\/bisbalpenedes.com\/web\/?p=21290"},"modified":"2022-03-22T08:44:33","modified_gmt":"2022-03-22T06:44:33","slug":"el-diumenge-27-de-marc-a-les-1130h-celebrarem-el-dia-de-la-poesia-amb-un-vermut-poetic","status":"publish","type":"post","link":"https:\/\/bisbalpenedes.com\/web\/2022\/03\/22\/el-diumenge-27-de-marc-a-les-1130h-celebrarem-el-dia-de-la-poesia-amb-un-vermut-poetic\/","title":{"rendered":"El diumenge 27 de mar\u00e7 a les 11:30h celebrarem el Dia de la poesia amb un vermut po\u00e8tic"},"content":{"rendered":"\n<p>T&#8217;agrada recitar poesia? Doncs no t&#8217;ho pensis i vine al recital de poesia que farem amb motiu del Dia Mundial de la Poesia 2022 a la pla\u00e7a Major!<\/p>\n\n\n\n<p>Sentirem els poemes dels participants, el poema &#8220;Si puc&#8221; de Gabriel Ferrater en diferents idiomes i poemes d&#8217;autors diversos.<\/p>\n\n\n\n<p>Anima&#8217;t i vine a llegir poemes!&nbsp;<\/p>\n\n\n\n<p>Inscripcions per a la lectura de poemes contactant amb la Biblioteca p\u00fablica de la Bisbal del Pened\u00e8s presencialment o per correu electr\u00f2nic: <a href=\"mailto:biblioteca@bisbalpenedes.com\" target=\"_blank\" rel=\"noreferrer noopener\">biblioteca@bisbalpenedes.com<\/a>\u00a0<\/p>\n\n\n\n<p>Recorda, el diumenge 27 de mar\u00e7 a les 11:30h a la pla\u00e7a Major (al davant del CMC).<\/p>\n\n\n\n<p>&#8212;<\/p>\n\n\n\n<p>\u00bfTe gusta recitar poes\u00eda? \u00a1Pues no te lo pienses y ven al recital de poes\u00eda que haremos con motivo del D\u00eda Mundial de la Poes\u00eda 2022 en la plaza Mayor!<\/p>\n\n\n\n<p>Escucharemos los poemas de los participantes, la poes\u00eda &#8220;Si puc&#8221; de Gabriel Ferrater en varios idiomas y poemas de autores distintos.<\/p>\n\n\n\n<p>\u00a1An\u00edmate y ven a leer poemas!<\/p>\n\n\n\n<p>Inscripciones para la lectura de poemas contactando con la Biblioteca presencialmente o por correo electr\u00f3nico: <a href=\"mailto:biblioteca@bisbalpenedes.com\" target=\"_blank\" rel=\"noreferrer noopener\">biblioteca@bisbalpenedes.com<\/a>\u00a0<\/p>\n\n\n\n<p>Recuerda, el domingo 27 de marzo a las 11:30h en la plaza Mayor (delante del CMC)<\/p>\n","protected":false},"excerpt":{"rendered":"<p>T&#8217;agrada recitar poesia? Doncs no t&#8217;ho pensis i vine al recital de poesia que farem amb motiu del Dia Mundial de la Poesia 2022 a la pla\u00e7a Major! Sentirem els &hellip; <a href=\"https:\/\/bisbalpenedes.com\/web\/2022\/03\/22\/el-diumenge-27-de-marc-a-les-1130h-celebrarem-el-dia-de-la-poesia-amb-un-vermut-poetic\/\" class=\"more-link\">Read More<\/a><\/p>\n","protected":false},"author":4,"featured_media":21291,"comment_status":"closed","ping_status":"closed","sticky":false,"template":"","format":"standard","meta":[],"categories":[8],"tags":[459,4462,1462,393],"_links":{"self":[{"href":"https:\/\/bisbalpenedes.com\/web\/wp-json\/wp\/v2\/posts\/21290"}],"collection":[{"href":"https:\/\/bisbalpenedes.com\/web\/wp-json\/wp\/v2\/posts"}],"about":[{"href":"https:\/\/bisbalpenedes.com\/web\/wp-json\/wp\/v2\/types\/post"}],"author":[{"embeddable":true,"href":"https:\/\/bisbalpenedes.com\/web\/wp-json\/wp\/v2\/users\/4"}],"replies":[{"embeddable":true,"href":"https:\/\/bisbalpenedes.com\/web\/wp-json\/wp\/v2\/comments?post=21290"}],"version-history":[{"count":1,"href":"https:\/\/bisbalpenedes.com\/web\/wp-json\/wp\/v2\/posts\/21290\/revisions"}],"predecessor-version":[{"id":21292,"href":"https:\/\/bisbalpenedes.com\/web\/wp-json\/wp\/v2\/posts\/21290\/revisions\/21292"}],"wp:featuredmedia":[{"embeddable":true,"href":"https:\/\/bisbalpenedes.com\/web\/wp-json\/wp\/v2\/media\/21291"}],"wp:attachment":[{"href":"https:\/\/bisbalpenedes.com\/web\/wp-json\/wp\/v2\/media?parent=21290"}],"wp:term":[{"taxonomy":"category","embeddable":true,"href":"https:\/\/bisbalpenedes.com\/web\/wp-json\/wp\/v2\/categories?post=21290"},{"taxonomy":"post_tag","embeddable":true,"href":"https:\/\/bisbalpenedes.com\/web\/wp-json\/wp\/v2\/tags?post=21290"}],"curies":[{"name":"wp","href":"https:\/\/api.w.org\/{rel}","templated":true}]}}