{"id":21284,"date":"2022-03-22T09:30:00","date_gmt":"2022-03-22T07:30:00","guid":{"rendered":"https:\/\/bisbalpenedes.com\/web\/?p=21284"},"modified":"2022-03-21T14:38:06","modified_gmt":"2022-03-21T12:38:06","slug":"avui-dimarts-22-de-marc-al-vespre-lajuntament-silluminara-de-color-blau-amb-motiu-del-dia-mundial-de-laigua","status":"publish","type":"post","link":"https:\/\/bisbalpenedes.com\/web\/2022\/03\/22\/avui-dimarts-22-de-marc-al-vespre-lajuntament-silluminara-de-color-blau-amb-motiu-del-dia-mundial-de-laigua\/","title":{"rendered":"Avui dimarts 22 de mar\u00e7 al vespre l&#8217;Ajuntament s&#8217;il\u00b7luminar\u00e0 de color blau amb motiu del Dia Mundial de l&#8217;Aigua"},"content":{"rendered":"\n<p>Avui, dimarts 22 de mar\u00e7, l&#8217;Ajuntament de la Bisbal del Pened\u00e8s s&#8217;il\u00b7luminar\u00e0 de color blau amb motiu del Dia Mundial de l&#8217;Aigua. Enguany, el lema \u00e9s &#8220;Groundwater:making\u00a0the\u00a0invisible visible&#8221; (Aig\u00fces subterr\u00e0nies: fent visible\u00a0all\u00f2 invisible), un pas important per obtenir l&#8217;atenci\u00f3 necess\u00e0ria cap als recursos de l&#8217;aigua subterr\u00e0nia, de cara a l&#8217;agenda mundial, perqu\u00e8 aquestes aig\u00fces puguin beneficiar la societat ara i cap al futur.<\/p>\n\n\n\n<p><br>Per a m\u00e9s informaci\u00f3 podeu accedir al web: <a rel=\"noreferrer noopener\" href=\"https:\/\/aca.gencat.cat\/ca\/laca\/campanyes-i-divulgacio\/dia-mundial-de-laigua\/\" target=\"_blank\">https:\/\/aca.gencat.cat\/ca\/laca\/campanyes-i-divulgacio\/dia-mundial-de-laigua\/<\/a><\/p>\n\n\n\n<hr class=\"wp-block-separator\"\/>\n\n\n\n<p>Hoy, martes 22 de\u00a0marzo,\u00a0el Ayuntamiento\u00a0de la Bisbal del Pened\u00e8s\u00a0se\u00a0iluminar\u00e1\u00a0de color\u00a0azul\u00a0con\u00a0motivo del\u00a0D\u00eda\u00a0Mundial del Agua.\u00a0Este\u00a0a\u00f1o, el lema\u00a0es\u00a0&#8220;Groundwater:\u00a0making\u00a0the\u00a0invisible visible (Aguas\u00a0subterr\u00e1neas:\u00a0haciendo\u00a0visible\u00a0lo invisible), un\u00a0paso\u00a0importante\u00a0para\u00a0obtener\u00a0la atenci\u00f3n\u00a0necesaria\u00a0hacia\u00a0los\u00a0recursos del agua\u00a0subterr\u00e1nea, de cara a\u00a0la agenda\u00a0mundial, para que\u00a0estas\u00a0aguas\u00a0puedan\u00a0beneficiar a la\u00a0sociedad\u00a0de ahora\u00a0y\u00a0hacia\u00a0el\u00a0futuro.<\/p>\n\n\n\n<p><br>Para\u00a0m\u00e1s\u00a0informaci\u00f3n\u00a0pod\u00e9is\u00a0acceder\u00a0a la web: <a rel=\"noreferrer noopener\" href=\"https:\/\/aca.gencat.cat\/ca\/laca\/campanyes-i-divulgacio\/dia-mundial-de-laigua\/\" target=\"_blank\">https:\/\/aca.gencat.cat\/ca\/laca\/campanyes-i-divulgacio\/dia-mundial-de-laigua\/<\/a><\/p>\n","protected":false},"excerpt":{"rendered":"<p>Avui, dimarts 22 de mar\u00e7, l&#8217;Ajuntament de la Bisbal del Pened\u00e8s s&#8217;il\u00b7luminar\u00e0 de color blau amb motiu del Dia Mundial de l&#8217;Aigua. Enguany, el lema \u00e9s &#8220;Groundwater:making\u00a0the\u00a0invisible visible&#8221; (Aig\u00fces subterr\u00e0nies: &hellip; <a href=\"https:\/\/bisbalpenedes.com\/web\/2022\/03\/22\/avui-dimarts-22-de-marc-al-vespre-lajuntament-silluminara-de-color-blau-amb-motiu-del-dia-mundial-de-laigua\/\" class=\"more-link\">Read More<\/a><\/p>\n","protected":false},"author":4,"featured_media":21285,"comment_status":"closed","ping_status":"closed","sticky":false,"template":"","format":"standard","meta":[],"categories":[2402,8,3208,3352],"tags":[4409,393],"_links":{"self":[{"href":"https:\/\/bisbalpenedes.com\/web\/wp-json\/wp\/v2\/posts\/21284"}],"collection":[{"href":"https:\/\/bisbalpenedes.com\/web\/wp-json\/wp\/v2\/posts"}],"about":[{"href":"https:\/\/bisbalpenedes.com\/web\/wp-json\/wp\/v2\/types\/post"}],"author":[{"embeddable":true,"href":"https:\/\/bisbalpenedes.com\/web\/wp-json\/wp\/v2\/users\/4"}],"replies":[{"embeddable":true,"href":"https:\/\/bisbalpenedes.com\/web\/wp-json\/wp\/v2\/comments?post=21284"}],"version-history":[{"count":1,"href":"https:\/\/bisbalpenedes.com\/web\/wp-json\/wp\/v2\/posts\/21284\/revisions"}],"predecessor-version":[{"id":21286,"href":"https:\/\/bisbalpenedes.com\/web\/wp-json\/wp\/v2\/posts\/21284\/revisions\/21286"}],"wp:featuredmedia":[{"embeddable":true,"href":"https:\/\/bisbalpenedes.com\/web\/wp-json\/wp\/v2\/media\/21285"}],"wp:attachment":[{"href":"https:\/\/bisbalpenedes.com\/web\/wp-json\/wp\/v2\/media?parent=21284"}],"wp:term":[{"taxonomy":"category","embeddable":true,"href":"https:\/\/bisbalpenedes.com\/web\/wp-json\/wp\/v2\/categories?post=21284"},{"taxonomy":"post_tag","embeddable":true,"href":"https:\/\/bisbalpenedes.com\/web\/wp-json\/wp\/v2\/tags?post=21284"}],"curies":[{"name":"wp","href":"https:\/\/api.w.org\/{rel}","templated":true}]}}