{"id":21277,"date":"2022-03-21T13:49:18","date_gmt":"2022-03-21T11:49:18","guid":{"rendered":"https:\/\/bisbalpenedes.com\/web\/?p=21277"},"modified":"2022-03-21T13:55:33","modified_gmt":"2022-03-21T11:55:33","slug":"avui-dilluns-21-de-marc-lajuntament-de-la-bisbal-del-penedes-silluminara-de-color-blau-amb-motiu-del-dia-mundial-de-la-sindrome-de-down","status":"publish","type":"post","link":"https:\/\/bisbalpenedes.com\/web\/2022\/03\/21\/avui-dilluns-21-de-marc-lajuntament-de-la-bisbal-del-penedes-silluminara-de-color-blau-amb-motiu-del-dia-mundial-de-la-sindrome-de-down\/","title":{"rendered":"Avui dilluns 21 de mar\u00e7 l&#8217;Ajuntament de la Bisbal del Pened\u00e8s s&#8217;il\u00b7luminar\u00e0 de color blau amb motiu del Dia Mundial de la S\u00edndrome de Down"},"content":{"rendered":"\n<p>Avui \u00e9s el dia Mundial de la S\u00edndrome de Down i, per aquest motiu, la Casa de la Vila s&#8217;il\u00b7luminar\u00e0 de color blau aquest vespre. La data (21\/3) es va triar en relaci\u00f3 amb la trisomia (3 cromosomes) del parell cromosom\u00e0tic i el fet que l&#8217;alteraci\u00f3 causant de la s\u00edndrome \u00e9s la 21.\u00a0<\/p>\n\n\n\n<p>El lema triat per enguany per l&#8217;associaci\u00f3 Down \u00e9s #Gr\u00e0ciesPerTant, per homenatjar i agrair tot all\u00f2 que les persones fan, de forma altruista i des de l&#8217;anonimat, per fer la vida de les persones amb s\u00edndrome de Down m\u00e9s bonica.<\/p>\n\n\n\n<hr class=\"wp-block-separator\"\/>\n\n\n\n<p>Hoy es el d\u00eda Mundial del S\u00edndrome de Down y, por este motivo, el Ayuntamiento se iluminar\u00e1 de color azul esta noche. La fecha (21\/3) se eligi\u00f3 en relaci\u00f3n con la trisom\u00eda (3 cromosomas) del par cromosom\u00e1tico y el hecho que la alteraci\u00f3n causante del s\u00edndrome es la 21.\u00a0<\/p>\n\n\n\n<p>El lema elegido para este a\u00f1o por la asociaci\u00f3n Down es #GraciasPorTanto, para homenajear y agradecer todo aquello que las personas hacen, de manera altruista y desde el anonimato, por hacer la vida de las personas con s\u00edndrome de Down m\u00e1s bonita.<\/p>\n\n\n\n<p><\/p>\n","protected":false},"excerpt":{"rendered":"<p>Avui \u00e9s el dia Mundial de la S\u00edndrome de Down i, per aquest motiu, la Casa de la Vila s&#8217;il\u00b7luminar\u00e0 de color blau aquest vespre. La data (21\/3) es va &hellip; <a href=\"https:\/\/bisbalpenedes.com\/web\/2022\/03\/21\/avui-dilluns-21-de-marc-lajuntament-de-la-bisbal-del-penedes-silluminara-de-color-blau-amb-motiu-del-dia-mundial-de-la-sindrome-de-down\/\" class=\"more-link\">Read More<\/a><\/p>\n","protected":false},"author":4,"featured_media":21278,"comment_status":"closed","ping_status":"closed","sticky":false,"template":"","format":"standard","meta":[],"categories":[8,14],"tags":[459,5152,5153,393,1374,5151],"_links":{"self":[{"href":"https:\/\/bisbalpenedes.com\/web\/wp-json\/wp\/v2\/posts\/21277"}],"collection":[{"href":"https:\/\/bisbalpenedes.com\/web\/wp-json\/wp\/v2\/posts"}],"about":[{"href":"https:\/\/bisbalpenedes.com\/web\/wp-json\/wp\/v2\/types\/post"}],"author":[{"embeddable":true,"href":"https:\/\/bisbalpenedes.com\/web\/wp-json\/wp\/v2\/users\/4"}],"replies":[{"embeddable":true,"href":"https:\/\/bisbalpenedes.com\/web\/wp-json\/wp\/v2\/comments?post=21277"}],"version-history":[{"count":4,"href":"https:\/\/bisbalpenedes.com\/web\/wp-json\/wp\/v2\/posts\/21277\/revisions"}],"predecessor-version":[{"id":21282,"href":"https:\/\/bisbalpenedes.com\/web\/wp-json\/wp\/v2\/posts\/21277\/revisions\/21282"}],"wp:featuredmedia":[{"embeddable":true,"href":"https:\/\/bisbalpenedes.com\/web\/wp-json\/wp\/v2\/media\/21278"}],"wp:attachment":[{"href":"https:\/\/bisbalpenedes.com\/web\/wp-json\/wp\/v2\/media?parent=21277"}],"wp:term":[{"taxonomy":"category","embeddable":true,"href":"https:\/\/bisbalpenedes.com\/web\/wp-json\/wp\/v2\/categories?post=21277"},{"taxonomy":"post_tag","embeddable":true,"href":"https:\/\/bisbalpenedes.com\/web\/wp-json\/wp\/v2\/tags?post=21277"}],"curies":[{"name":"wp","href":"https:\/\/api.w.org\/{rel}","templated":true}]}}