{"id":21260,"date":"2022-03-16T21:12:32","date_gmt":"2022-03-16T19:12:32","guid":{"rendered":"https:\/\/bisbalpenedes.com\/web\/?p=21260"},"modified":"2022-06-15T13:47:30","modified_gmt":"2022-06-15T11:47:30","slug":"el-proper-dilluns-21-de-marc-a-les-19h-tindra-lloc-el-ple-ordinari-de-lajuntament-de-la-bisbal-del-penedes","status":"publish","type":"post","link":"https:\/\/bisbalpenedes.com\/web\/2022\/03\/16\/el-proper-dilluns-21-de-marc-a-les-19h-tindra-lloc-el-ple-ordinari-de-lajuntament-de-la-bisbal-del-penedes\/","title":{"rendered":"El proper dilluns 21 de mar\u00e7 a les 19h tindr\u00e0 lloc el Ple Ordinari de l&#8217;Ajuntament de la Bisbal del Pened\u00e8s"},"content":{"rendered":"\n<p>El proper dilluns 21 de mar\u00e7, a les 19h, tindr\u00e0 lloc el Ple ordinari de l&#8217;Ajuntament de la Bisbal del Pened\u00e8s corresponent a aquest trimestre.<\/p>\n\n\n\n<p>El Ple se celebrar\u00e0 a la sala de plens i s&#8217;hi podr\u00e0 assistir com a p\u00fablic, amb mascareta. Posteriorment tamb\u00e9 es podr\u00e0 veure el v\u00eddeo de la sessi\u00f3 a Youtube.<\/p>\n\n\n\n<p>Aquests s\u00f3n els punts de l&#8217;ordre del dia:<\/p>\n\n\n\n<p><strong>PART RESOLUTIVA:<\/strong><\/p>\n\n\n\n<p>1.Acta Ple ordinari 21\/12\/21<\/p>\n\n\n\n<p>2.Acta Ple extraordinari 30\/12\/21<\/p>\n\n\n\n<p>3.Acta Ple extraordinari 24\/02\/22<\/p>\n\n\n\n<p>4.Acta Ple extraordinari 14\/03\/22<\/p>\n\n\n\n<p>5.Increment retributiu de la massa salarial del personal laboral pel 2022<\/p>\n\n\n\n<p>6.Reconeixement de compatibilitat d\u2019un treballador municipal<\/p>\n\n\n\n<p>7.Bases per la concessi\u00f3 de subvencions d\u2019ensenyament<\/p>\n\n\n\n<p>8.Bases per la concessi\u00f3 de subvencions del foment a la ocupaci\u00f3<\/p>\n\n\n\n<p>9.Modificaci\u00f3 de les bases d\u2019execuci\u00f3 del pressupost 2022<\/p>\n\n\n\n<p><strong>PART DE CONTROL:<\/strong><\/p>\n\n\n\n<p>10.Donar compte del pla anual del control intern financer del 2022<\/p>\n\n\n\n<p>11.Donar compte de l&#8217;informe de morositat anual del 2021<\/p>\n\n\n\n<p>12.Donar compte de l&#8217;informe del c\u00e0lcul de l&#8217;estabilitat pressupost\u00e0ria de la modificaci\u00f3 de cr\u00e8dit 3PLE\/2021<\/p>\n\n\n\n<p>13.Donar compte del pla pressupostari a mig termini 2023\/2025<\/p>\n\n\n\n<p>14.Donar compte del per\u00edode mig de pagament del 4rt trimestre de 2021<\/p>\n\n\n\n<p>15.Donar compte de l&#8217;execuci\u00f3 del pressupost del 4rt trimestre del 2021<\/p>\n\n\n\n<p>16.Donar compte dels Decrets d\u2019alcaldia<\/p>\n\n\n\n<p>17.Donar compte de les Juntes de Govern Local<\/p>\n\n\n\n<p>18.Moci\u00f3 per donar suport a les mesures contra l&#8217;exclusi\u00f3 financera, presentada pel grup de Comprom\u00eds amb la Bisbal<\/p>\n\n\n\n<p><strong>TORN DE PRECS I PREGUNTES<\/strong><\/p>\n\n\n\n<p><\/p>\n\n\n\n<p>PRECS I PREGUNTES DE LA CIUTADANIA<\/p>\n\n\n\n<p>Segons el ROM aprovat al Ple de l\u2019Ajuntament de la Bisbal el 19 de juny de 2017, la ciutadania pot participar en els Plens Ordinaris. Tot seguit us detallem el funcionament d\u2019aquest sup\u00f2sit:<br>Totes les persones tenen dret a intervenir en les sessions ordin\u00e0ries del Ple en el punt de l\u2019ordre del dia de \u2018Precs i preguntes\u2019, d\u2019acord amb les prescripcions seg\u00fcents:<\/p>\n\n\n\n<ul><li>El prec o pregunta s\u2019haur\u00e0 de sol\u2022licitar a l\u2019Alcaldia:<br>o per escrit i entrar-lo\/a al Registre General com a m\u00e0xim 24 hores abans del Ple Ordinari<br>o Per Twitter a @BisbalPenedes com a m\u00e0xim 24h abans del Ple Ordinari, complint el protocol d\u2019\u00fas de les xarxes socials i emprant l\u2019etiqueta&nbsp;<a href=\"https:\/\/www.facebook.com\/hashtag\/plebisbalpened%C3%A8s?__eep__=6&amp;source=feed_text&amp;epa=HASHTAG&amp;__xts__%5B0%5D=68.ARD1wXWwwlno0rOKPmoxxgSz89WYH5i8NHgdzmCY3U1GDyNswWNuLJC5R3CyiwZ8glyCklNOgb5D6-ILDBbxPeAhsZdMu8qbfllJN2mwOAG9lPX1POezHU4xpQ6CrtbSOFPuM13bcQDPXDkcT8uMdzLDRgfw5h57ESASLFFbhrUkWoxSN8IheJ2bj9-81sTG3gqQ-wPW1oTv63_qHlpWUiTPav-2exYCEXYInFYQJDcg-f8siVOv1iRTgFStQHuyX1OUlmXnMQEAJGyp0rbWxJ0DXP_c3jiScxjBnW0-ebrftvJ5rcDs6dNS_U1mdQ8lmfvzgSMIsH-xyDrOEt-i4-01nqBm&amp;__tn__=%2ANK-R\">#PleBisbalPened\u00e8s<\/a>, seguit del prec o pregunta.<\/li><li>L\u2019assumpte objecte del prec o pregunta haur\u00e0 de ser de compet\u00e8ncia municipal sobre l\u2019acci\u00f3 de govern o estar directament relacionat amb els punts inclosos a l\u2019ordre del dia.<\/li><li>Cada ciutad\u00e0\/ana pot formular un prec i una pregunta en un mateix Ple. La longitud m\u00e0xima de cada piulada \u00e9s de 140 car\u00e0cters i no es pot continuar la pregunta en un segon \u2018tweet\u2019.<\/li><li>L\u2019alcaldia podr\u00e0 no respondre si \u00e9s un assumpte sobre el qual l\u2019Ajuntament no t\u00e9 compet\u00e8ncies o si ja s\u2019ha presentat la mateixa pregunta en una altra sessi\u00f3 plen\u00e0ria en els \u00faltims 6 mesos.<\/li><li>L\u2019alcaldia comunicar\u00e0, acabat el termini m\u00e0xim de presentaci\u00f3 de preguntes, a qui vagin dirigides les preguntes o peticions sol\u2022licitades perqu\u00e8 les pugui respondre.<\/li><li>L\u2019Alcaldia llegir\u00e0 la pregunta en veu alta.<\/li><li>L\u2019alcaldia o a qui va adre\u00e7ada la pregunta, la respondr\u00e0 en la mateixa sessi\u00f3 del Ple.<\/li><\/ul>\n\n\n\n<hr class=\"wp-block-separator has-css-opacity\"\/>\n\n\n\n<p><strong>CASTELLANO<\/strong> | El pr\u00f3ximo lunes 21 de marzo, a las 19h, tendr\u00e1 lugar el Pleno ordinario del Ayuntamiento de la Bisbal del Pened\u00e8s correspondiente a este trimestre.<\/p>\n\n\n\n<p>El Pleno se celebrar\u00e1 en la sala de plenos y se podr\u00e1 asistir como p\u00fablico, con mascarilla. Posteriormente tambi\u00e9n se podr\u00e1 ver el v\u00eddeo de la sesi\u00f3n en Youtube.<\/p>\n\n\n\n<p>Estos son los puntos del orden del d\u00eda:<\/p>\n\n\n\n<p><strong>PARTE RESOLUTIVA:<\/strong><\/p>\n\n\n\n<p>1.Acta Pleno ordinario 21\/12\/21<\/p>\n\n\n\n<p>2.Acta Pleno extraordinario 30\/12\/21<\/p>\n\n\n\n<p>3.Acta Pleno extraordinario 24\/02\/22<\/p>\n\n\n\n<p>4.Acta Pleno extraordinario 14\/03\/22<\/p>\n\n\n\n<p>5.Incremento retributivo de la masa salarial del personal laboral para el 2022.<\/p>\n\n\n\n<p>6.Reconocimiento de compatibilidad de un trabajador municipal<\/p>\n\n\n\n<p>7.Bases para la concesi\u00f3n de subvenciones de educaci\u00f3n<\/p>\n\n\n\n<p>8.Bases para la concesi\u00f3n de subvenciones del fomento a la ocupaci\u00f3n<\/p>\n\n\n\n<p>9.Modificaci\u00f3n de las bases de ejecuci\u00f3n del presupuesto 2022<\/p>\n\n\n\n<p><strong>PARTE DE CONTROL<\/strong><\/p>\n\n\n\n<p>10.Dar cuenta del plan anual del control interno financiero del 2022<\/p>\n\n\n\n<p>11.Dar cuenta del informe de morosidad anual del 2021<\/p>\n\n\n\n<p>12.Dar cuenta del informe del c\u00e1lculo de la estabilidad presupuestaria de la modificaci\u00f3n de cr\u00e9dito 3PLE\/2021<\/p>\n\n\n\n<p>13.Dar cuenta del plan presupuestario a medio plazo 2023\/2025<\/p>\n\n\n\n<p>14.Dar cuenta del periodo medio de pago del 4\u00ba trimestre de 2021<\/p>\n\n\n\n<p>15.Dar cuenta de la ejecuci\u00f3n del presupuesto del 4\u00ba trimestre del 2021<\/p>\n\n\n\n<p>16.Dar cuenta de los Decretos de alcald\u00eda<\/p>\n\n\n\n<p>17.Dar cuenta de las Juntas de Gobierno Local<\/p>\n\n\n\n<p>18.Moci\u00f3n para apoyar las medidas contra la exclusi\u00f3n financiera, presentada por el grupo Comprom\u00eds amb la Bisbal.<\/p>\n\n\n\n<p><strong>TURNO DE RUEGOS Y PREGUNTAS<\/strong><\/p>\n\n\n\n<p><\/p>\n\n\n\n<p>RUEGOS Y PREGUNTAS DE LA CIUDADAN\u00cdA<\/p>\n\n\n\n<p>Seg\u00fan el ROM aprobado en el Pleno del Ayuntamiento de la Bisbal del Pened\u00e8s el pasado 19 de junio del 2017, la ciudadan\u00eda puede participar en los Plenos Ordinarios. A continuaci\u00f3n os detallamos el funcionamiento de este supuesto:<br>Todas las personas tienen derecho a intervenir en las sesiones ordinarias del Pleno en el punto de la orden del d\u00eda de \u2018Ruegos y preguntas\u2019, de acuerdo con las prescripciones siguientes:<\/p>\n\n\n\n<ul><li>El ruego o pregunta deber\u00e1 solicitarse a Alcald\u00eda:<br>o Por escrito y entrarlo\/la por escrito como m\u00e1ximo 24 horas antes del Pleno Ordinario<br>o Por Twitter en @BisbalPenedes como m\u00e1ximo 24h antes del Pleno Ordinario, cumpliendo el protocolo de uso de las redes sociales con el formato&nbsp;<a href=\"https:\/\/www.facebook.com\/hashtag\/plebisbalpened%C3%A8s?__eep__=6&amp;source=feed_text&amp;epa=HASHTAG&amp;__xts__%5B0%5D=68.ARD1wXWwwlno0rOKPmoxxgSz89WYH5i8NHgdzmCY3U1GDyNswWNuLJC5R3CyiwZ8glyCklNOgb5D6-ILDBbxPeAhsZdMu8qbfllJN2mwOAG9lPX1POezHU4xpQ6CrtbSOFPuM13bcQDPXDkcT8uMdzLDRgfw5h57ESASLFFbhrUkWoxSN8IheJ2bj9-81sTG3gqQ-wPW1oTv63_qHlpWUiTPav-2exYCEXYInFYQJDcg-f8siVOv1iRTgFStQHuyX1OUlmXnMQEAJGyp0rbWxJ0DXP_c3jiScxjBnW0-ebrftvJ5rcDs6dNS_U1mdQ8lmfvzgSMIsH-xyDrOEt-i4-01nqBm&amp;__tn__=%2ANK-R\">#PleBisbalPened\u00e8s<\/a>, seguido del ruego o pregunta.<\/li><li>El asunto objeto del ruego o pregunta deber\u00e1 ser de competencia municipal sobre la acci\u00f3n de gobierno o estar directamente relacionado con los puntos incluidos en el orden del d\u00eda.<\/li><li>Cada ciudadano\/na puede formular un ruego y una pregunta en un mismo Pleno. La longitud m\u00e1xima de cada tweet es de 140 caracteres y no se puede continuar la pregunta con un segundo \u2018tweet.<\/li><li>Alcald\u00eda podr\u00e1 no responder si es un asunto sobre el cual el Ayuntamiento no tiene competencias o si ya se ha presentado la misma pregunta en otra sesi\u00f3n plenaria de los \u00faltimos 6 meses.<\/li><li>Alcald\u00eda comunicar\u00e1, terminado el plazo m\u00e1ximo de presentaci\u00f3n de preguntas, a quien vayan dirigidas las preguntas o peticiones solicitadas para que las pueda responder.<\/li><li>Alcald\u00eda leer\u00e1 la pregunta en voz alta.<\/li><li>Alcald\u00eda o a quien vaya dirigida la pregunta, la responder\u00e1 en la misma sesi\u00f3n del Pleno.<\/li><\/ul>\n","protected":false},"excerpt":{"rendered":"<p>El proper dilluns 21 de mar\u00e7, a les 19h, tindr\u00e0 lloc el Ple ordinari de l&#8217;Ajuntament de la Bisbal del Pened\u00e8s corresponent a aquest trimestre. El Ple se celebrar\u00e0 a &hellip; <a href=\"https:\/\/bisbalpenedes.com\/web\/2022\/03\/16\/el-proper-dilluns-21-de-marc-a-les-19h-tindra-lloc-el-ple-ordinari-de-lajuntament-de-la-bisbal-del-penedes\/\" class=\"more-link\">Read More<\/a><\/p>\n","protected":false},"author":4,"featured_media":20647,"comment_status":"closed","ping_status":"closed","sticky":false,"template":"","format":"standard","meta":[],"categories":[8,2250],"tags":[2866,393,249],"_links":{"self":[{"href":"https:\/\/bisbalpenedes.com\/web\/wp-json\/wp\/v2\/posts\/21260"}],"collection":[{"href":"https:\/\/bisbalpenedes.com\/web\/wp-json\/wp\/v2\/posts"}],"about":[{"href":"https:\/\/bisbalpenedes.com\/web\/wp-json\/wp\/v2\/types\/post"}],"author":[{"embeddable":true,"href":"https:\/\/bisbalpenedes.com\/web\/wp-json\/wp\/v2\/users\/4"}],"replies":[{"embeddable":true,"href":"https:\/\/bisbalpenedes.com\/web\/wp-json\/wp\/v2\/comments?post=21260"}],"version-history":[{"count":2,"href":"https:\/\/bisbalpenedes.com\/web\/wp-json\/wp\/v2\/posts\/21260\/revisions"}],"predecessor-version":[{"id":22226,"href":"https:\/\/bisbalpenedes.com\/web\/wp-json\/wp\/v2\/posts\/21260\/revisions\/22226"}],"wp:featuredmedia":[{"embeddable":true,"href":"https:\/\/bisbalpenedes.com\/web\/wp-json\/wp\/v2\/media\/20647"}],"wp:attachment":[{"href":"https:\/\/bisbalpenedes.com\/web\/wp-json\/wp\/v2\/media?parent=21260"}],"wp:term":[{"taxonomy":"category","embeddable":true,"href":"https:\/\/bisbalpenedes.com\/web\/wp-json\/wp\/v2\/categories?post=21260"},{"taxonomy":"post_tag","embeddable":true,"href":"https:\/\/bisbalpenedes.com\/web\/wp-json\/wp\/v2\/tags?post=21260"}],"curies":[{"name":"wp","href":"https:\/\/api.w.org\/{rel}","templated":true}]}}