{"id":2126,"date":"2017-03-22T03:09:10","date_gmt":"2017-03-21T21:09:10","guid":{"rendered":"http:\/\/bisbalpenedes.com\/web\/?p=2126"},"modified":"2017-03-22T03:09:10","modified_gmt":"2017-03-21T21:09:10","slug":"nota-informativa-sobre-el-ple-ordinari-celebrat-per-la-corporacio-municipal-de-la-bisbal-del-penedes-el-20-de-marc-de-2017-a-les-19h","status":"publish","type":"post","link":"https:\/\/bisbalpenedes.com\/web\/2017\/03\/22\/nota-informativa-sobre-el-ple-ordinari-celebrat-per-la-corporacio-municipal-de-la-bisbal-del-penedes-el-20-de-marc-de-2017-a-les-19h\/","title":{"rendered":"Nota informativa sobre el Ple Ordinari celebrat per la Corporaci\u00f3 Municipal de La Bisbal del Pened\u00e8s el 20 de mar\u00e7 de 2017 a les 19h"},"content":{"rendered":"<p><a href=\"http:\/\/bisbalpenedes.com\/web\/wp-content\/uploads\/2017\/03\/foto-ple.jpg\"><img loading=\"lazy\" class=\"aligncenter size-medium wp-image-2127\" title=\"foto ple\" src=\"http:\/\/bisbalpenedes.com\/web\/wp-content\/uploads\/2017\/03\/foto-ple-300x225.jpg\" alt=\"\" width=\"300\" height=\"225\" srcset=\"https:\/\/bisbalpenedes.com\/web\/wp-content\/uploads\/2017\/03\/foto-ple-300x225.jpg 300w, https:\/\/bisbalpenedes.com\/web\/wp-content\/uploads\/2017\/03\/foto-ple-600x450.jpg 600w, https:\/\/bisbalpenedes.com\/web\/wp-content\/uploads\/2017\/03\/foto-ple.jpg 960w\" sizes=\"(max-width: 300px) 100vw, 300px\" \/><\/a><\/p>\n<p><strong>1. Aprovaci\u00f3 de l&#8217;acta anterior ordin\u00e0ria del 19 de desembre del 2016, i extraordin\u00e0ria del 09 de febrer de 2017.<\/strong><\/p>\n<p>Acta 19\/12\/16: Vots a favor: PdeCAT, PSC<\/p>\n<p>Vots en contra: ERC<\/p>\n<p>Acta 9\/02\/17: Vots a favor: unanimitat<\/p>\n<p>S&#8217;aproven les dues actes.<\/p>\n<p>&nbsp;<\/p>\n<p><strong>2. Donar compte dels Decrets d&#8217;Alcaldia<\/strong><\/p>\n<p>(no es vota)<\/p>\n<p>&nbsp;<\/p>\n<p><strong>3. Donar compte de la modificaci\u00f3 de la denominaci\u00f3 de Converg\u00e8ncia i Uni\u00f3 (CIU) a Partit Dem\u00f2crata PdeCat.<\/strong><\/p>\n<p>&nbsp;<\/p>\n<p><strong>4. Donar compte de la modificaci\u00f3 de la denominaci\u00f3 de SB-CP (Socialistes de la Bisbal-Candidatura de Progr\u00e9s) a PSC (Partit dels Socialistes de Catalunya)<\/strong><\/p>\n<p>&nbsp;<\/p>\n<p><strong>5. Aprovaci\u00f3 inicial de la modificaci\u00f3 de l&#8217;ordenan\u00e7a municipal regulador de les bases de subvencions en mat\u00e8ria d&#8217;ensenyament.<\/strong><\/p>\n<p>El ple ordinari de l&#8217;Ajuntament de La Bisbal ha aprovat inicialment (amb els vots a favor de PdeCat i PSC i els vots en contra d&#8217;ERC) la modificaci\u00f3 de l&#8217;ordenan\u00e7a municipal reguladora de les bases de subvencions en mat\u00e8ria d&#8217;ensenyament.\u00a0Cada curs escolar se subvenciona als alumnes de l&#8217;Escola Ull de Vent en la totalitat dels llibres de text amb, com a m\u00e0xim, el valor dels preus de l&#8217;AMPA de l&#8217;escola per cada llibre. L&#8217;Escola ja fa anys que &#8216;sociabilitza&#8217; els llibres a trav\u00e9s de l&#8217;AMPA, de manera que aquells alumnes que compren els llibres a l&#8217;AMPA els retornen quan acaba el curs i l&#8217;any seg\u00fcent compten amb una part dels llibres reciclats i compren els llibres-quadern, aquells en els quals s&#8217;hi escriu.<\/p>\n<p>El curs 2015\/2016 els alumnes subvencionats que no havien comprat els llibres a l&#8217;AMPA tornaven els llibres a l&#8217;Ajuntament i l&#8217;Ajuntament els cedia a l&#8217;AMPA pel curs seg\u00fcent.<\/p>\n<p>Enguany l&#8217;Ajuntament ja ha pagat el 50% de la subvenci\u00f3 i a final de curs pagar\u00e0 l&#8217;altre 50% quan tornin els llibres.<\/p>\n<p>La modificaci\u00f3 que s&#8217;ha aprovat suposa simplificar els tr\u00e0mits administratius municipals i fomentar que cada curs siguin m\u00e9s alumnes els que reciclin els llibres. L&#8217;import m\u00e0xim fixat per a subvencions per alumne i curs \u00e9s de 200\u20ac i, per tant, s&#8217;abonar\u00e0 com a m\u00e0xim aquesta quantitat als beneficiaris que hagin comprat els llibres.<\/p>\n<p>D&#8217;altra banda els alumnes de l&#8217;IES Coster de la Torre que fins ara tenien un m\u00e0xim de 150\u20ac de subvenci\u00f3, ara tamb\u00e9 tindran una subvenci\u00f3 de 200\u20ac com a m\u00e0xim.<\/p>\n<p align=\"center\">\n<p><strong>6. Aprovaci\u00f3 de l&#8217;ordenan\u00e7a reguladora de les bases generals per l&#8217;atorgament d&#8217;ajuts individualitzats a fam\u00edlies en situacions socioecon\u00f2miques desafavorides per a l&#8217;adquisici\u00f3 de llibres de text, transport escolar intramunicipal del consell Comarcal del Baix Pened\u00e8s i de la quota anual de l&#8217;AMPA curs escolar 2017-2018.<\/strong><\/p>\n<p>L&#8217;Ajuntament de La Bisbal ha aprovat per unanimitat una ordenan\u00e7a amb la finalitat d&#8217;ajudar a fam\u00edlies desafavorides del municipi amb la compra de llibres, transport escolar intramunicipal del Consell Comarcal del Baix Pened\u00e8s i per ajudar a pagar la quota anual de l&#8217;AMPA del curs 2017-2018. Es consideren fam\u00edlies desafavorides aquelles que s\u00f3n deutores de l&#8217;Ajuntament, Hisenda o la Seguretat Social i que, per aquest motiu, no poden accedir a les altres subvencions de llibres o transport escolar. Aquesta ordenan\u00e7a \u00e9s similar a la que es va aprovar l&#8217;any passat per\u00f2 s&#8217;ha actualitzat l&#8217;indicador de renda de sufici\u00e8ncia de Catalunya, que ve definida per la Llei de pressupostos de la Generalitat de Catalunya i que s&#8217;actualitza cada any.<\/p>\n<p>&nbsp;<\/p>\n<p><strong>7. Aprovaci\u00f3 definitiva de la desafectaci\u00f3 de part de l&#8217;edifici p\u00fablic escolar corresponent al carrer Baix Pened\u00e8s n\u00fam. 8 (Casa dels Mestres)<\/strong><\/p>\n<p>S&#8217;ha aprovat definitivament, per unanimitat, la desafectaci\u00f3 de part de l&#8217;edifici p\u00fablic escolar corresponent al carrer Baix Pened\u00e8s n\u00famero, 8, coneguda com la Casa dels Mestres.\u00a0D&#8217;aquesta manera aquesta casa que en l&#8217;actualitat no t\u00e9 cap \u00fas i que est\u00e0 afectada per Ensenyament, \u00e9s a dir, que la propietat \u00e9s de l&#8217;Ajuntament per\u00f2 l&#8217;\u00fas \u00e9s d&#8217;Ensenyament), podr\u00e0 ser usada per l&#8217;Ajuntament.<\/p>\n<p>&nbsp;<\/p>\n<p><strong>8. Aprovaci\u00f3 provisional de la modificaci\u00f3 de les NN.SS. De plantejament de la Bisbal del Pened\u00e8s, en s\u00f2l urb\u00e0, per al canvi de qualificaci\u00f3 urban\u00edstica de les antigues cases dels mestres situades a l&#8217;Avda. Del Baix Pened\u00e8s.<\/strong><\/p>\n<p>S&#8217;ha aprovat provisionalment (per unanimitat) la modificaci\u00f3 de les NN.SS. De plantejament de la Bisbal de la Bisbal del Pened\u00e8s, en s\u00f2l urb\u00e0, per al canvi de qualificaci\u00f3 urban\u00edstica de les antigues cases dels mestres situades a l&#8217;Avda. Del Baix Pened\u00e8s.<\/p>\n<p>Les cases dels mestres \u00e9s un projecte municipal important amb el que l&#8217;Ajuntament pret\u00e9n fer dos habitatges de lloguer social. Per aconseguir-ho, un pas \u00e9s el punt, tamb\u00e9 aprovat, que fa refer\u00e8ncia a la desafectaci\u00f3 de l&#8217;edifici que s&#8217;ha aprovat al mateix ple i l&#8217;altre punt important tamb\u00e9 s&#8217;ha aprovat per unanimitat. En l&#8217;actualitat aquestes dues cases dels mestres tenen un \u00fas d&#8217;equipaments dins el planejament urban\u00edstic municipal. Per passar a ser habitatges socials s&#8217;ha de canviar l&#8217;\u00fas i per aix\u00f2 l&#8217;octubre de 2016 l&#8217;Ajuntament va aprovar inicialment per ple la modificaci\u00f3 de les normes subsidi\u00e0ries per aquest canvi d&#8217;\u00fas. Una vegada fet aquest pas, s&#8217;han de demanar informes a diferents organismes auton\u00f2mics perqu\u00e8 informin sobre aquest canvi. En els darrers mesos l&#8217;Ajuntament ha rebut informes favorables i aquest dilluns ha aprovat provisionalment la modificaci\u00f3 de les normes pel canvi d&#8217;\u00fas de les cases dels mestres. Ara l&#8217;Ajuntament ha de tornar a trametre aquesta aprovaci\u00f3 provisional a la Comissi\u00f3 Territorial d&#8217;Urbanisme de Tarragona perqu\u00e8 l&#8217;aprovi definitivament. Una vegada aquesta Comissi\u00f3 l&#8217;aprovi definitivament, ja es podran fer les obres d&#8217;adequaci\u00f3 de les cases dels mestres i preparar les bases de lloguer social.<\/p>\n<p>&nbsp;<\/p>\n<p><strong>9. Aprovaci\u00f3 de la modificaci\u00f3 de la plantilla creaci\u00f3 d&#8217;una pla\u00e7a de t\u00e8cnic especialista per a la Llar d&#8217;Infants.<\/strong><\/p>\n<p>Un altre punt aprovat per unanimitat al ple ha estat el que fa refer\u00e8ncia\u00a0 a la modificaci\u00f3 de la plantilla per la creaci\u00f3 d&#8217;una pla\u00e7a de t\u00e8cnic especialista per a la Llar d&#8217;Infants. \u00c9s una pla\u00e7a que s&#8217;ha creat per tenir-la a punt per treure a concurs i poder donar servei a m\u00e9s infants en cas que les matriculacions a la llar d&#8217;infants per al curs 2017\/2018 impliquin obrir una altra aula per poder acollir m\u00e9s infants.<\/p>\n<p>&nbsp;<\/p>\n<p><strong>10. Aprovaci\u00f3 conveni de col\u00b7laboraci\u00f3 entre l&#8217;institut d&#8217;Estudis Penedesencs i l&#8217;Ajuntament de la Bisbal del Pened\u00e8s.<\/strong><\/p>\n<p>L&#8217;Ajuntament de La Bisbal del Pened\u00e8s tamb\u00e9 ha aprovat per unanimitat la renovaci\u00f3 del conveni amb l&#8217;Institut d&#8217;Estudis Penedesencs que suposa una aportaci\u00f3 anual de 500\u20ac per part de l&#8217;Ajuntament. Alhora, el municipi acull durant tot l&#8217;any xerrades, caminades o altres actes de l&#8217;entitat penedesenca.<\/p>\n<p>&nbsp;<\/p>\n<p><strong>11. Aprovaci\u00f3 de l&#8217;adhesi\u00f3 de l&#8217;Ajuntament de la Bisbal del Pened\u00e8s al nou conveni de col\u00b7laboraci\u00f3 per a l&#8217;enc\u00e0rrec de gesti\u00f3 de la licitaci\u00f3 del subministrament i implantaci\u00f3 d&#8217;una aplicaci\u00f3 inform\u00e0tica per a la gesti\u00f3 de la comptabilitat i m\u00f2duls connexos, entre el Consell Comarcal del Baix Pened\u00e8s i diversos ajuntament de la comarca.<\/strong><\/p>\n<p>Vots a favor: PdeCat i PSC<\/p>\n<p>Abstencions: ERC<\/p>\n<p>&nbsp;<\/p>\n<p><strong>12. Aprovaci\u00f3 conveni d&#8217;adhesi\u00f3 entre el consorci de promoci\u00f3 tur\u00edstica del Pened\u00e8s i l&#8217;Ajuntament de La Bisbal del Pened\u00e8s.<\/strong><\/p>\n<p>El ple ha aprovat per unanimitat l&#8217;adhesi\u00f3 entre el Consorci de Promoci\u00f3 Tur\u00edstica del Pened\u00e8s i l&#8217;Ajuntament de la Bisbal del Pened\u00e8s. Aquest consorci est\u00e0 format per entitats p\u00fabliques i privades i promou pol\u00edtiques tur\u00edstiques dins de la DO Pened\u00e8s. L&#8217;Ajuntament de La Bisbal del Pened\u00e8s s&#8217;hi adhereix com a municipi consorciat i hi aportar\u00e0 1.500\u20ac l&#8217;any.\u00a0 L&#8217;any passat el municipi ja va actuar conjuntament amb el Consorci del Pened\u00e8s 360\u00ba realitzant unes rutes en bicicleta per tot el Pened\u00e8s que inclo\u00efen el pas per restaurants i cases rurals de la zona, ja que un dels punts per on passen les rutes \u00e9s La Bisbal del Pened\u00e8s.<\/p>\n<p>&nbsp;<\/p>\n<p><strong>13. Aprovaci\u00f3 del conveni de col\u00b7laboraci\u00f3 entre l&#8217;administraci\u00f3 de la Generalitat de Catalunya, mitjan\u00e7ant el Departament de Territori i Sostenibilitat, la Diputaci\u00f3 de Tarragona i l&#8217;Ajuntament de la Bisbal del Pened\u00e8s, per al canvi de titularitat de diversos trams de les carreteres T-240, TP-2402 i de la carretera de l&#8217;Albornar.<\/strong><\/p>\n<p>S&#8217;est\u00e0 treballant en aquest conveni des de l&#8217;any 2015. La construcci\u00f3 de la C-51 ha fet que s&#8217;haguessin de refer algunes titularitats de vies entre les tres administracions. L&#8217;Ajuntament adquireix la titularitat d&#8217;un tram de la carretera que actualment \u00e9s de la Diputaci\u00f3 i cedeix a la Generalitat la titularitat de la carretera de l&#8217;autopista al Pol\u00edgon industrial.<\/p>\n<p>La Diputaci\u00f3 ja ha aprovat el conveni i la Generalitat de Catalunya est\u00e0 previst que l&#8217;aprovi en preu. Des que l&#8217;actual equip de govern est\u00e0 al capdavant de l&#8217;Ajuntament de la bisbal (des del juny de 2015) s&#8217;ha treballat per incloure en aquest conveni el comprom\u00eds de redacci\u00f3 del projecte per buscar la soluci\u00f3 per millorar l&#8217;actual connexi\u00f3 de la C-51 amb la carretera T-240. S&#8217;ha aconseguit que en aquest conveni hi consti el seg\u00fcent comprom\u00eds: \u201cper tal de donar continu\u00eftat al tr\u00e0nsit municipal, la Generalitat de Catalunya projectar\u00e0 i construir\u00e0, a c\u00e0rrec seu, una rotonda a la C-51 per tal de substituir i millorar l&#8217;actual connexi\u00f3 amb la carretera T-240\u201d.<\/p>\n<p>S&#8217;aprova per unanimitat.<\/p>\n<p>&nbsp;<\/p>\n<p><strong>14. Moci\u00f3 d&#8217;adhesi\u00f3 al pacte nacional pel refer\u00e8ndum, presentada per PdeCat.<\/strong><\/p>\n<p>Vots a favor: PdeCat, ERC.<\/p>\n<p>Vots en contra: PSC<\/p>\n<p>S&#8217;aprova per majoria.<\/p>\n<p>&nbsp;<\/p>\n<p><strong>15. Moci\u00f3 del PSC (SB-CP) de la Bisbal del Pened\u00e8s demanant l&#8217;inici urgent dels processos de concertaci\u00f3 territorial amb els municipis en mat\u00e8ria d&#8217;ocupaci\u00f3.<\/strong><\/p>\n<p>Vots a favor: PSC, ERC.<\/p>\n<p>Abstencions: PdeCat.<\/p>\n<p>S&#8217;aprova per majoria.<\/p>\n<p>&nbsp;<\/p>\n<p><strong>16. Moci\u00f3 que presenta el PSC (SB-CP) per un nou pacte constitucional que renovi les relacions de conviv\u00e8ncia entre Catalunya i Espanya.<\/strong><\/p>\n<p>Vots a favor: PSC<\/p>\n<p>Vots en contra: PdeCat i ERC.<\/p>\n<p>No s&#8217;aprova.<\/p>\n<p>&nbsp;<\/p>\n<p><strong>17. Moci\u00f3 que presenta el PSC (SB-CP) de l&#8217;Ajuntament de la Bisbal del Pened\u00e8s contra les pr\u00e0ctiques abusives de les empreses del sector el\u00e8ctric, la qualitat dels subministraments, per una millora de la inversi\u00f3 a la xarxa i pel compliment del protocol de pobresa energ\u00e8tica.<\/strong><\/p>\n<p>S&#8217;aprova per unanimitat.<\/p>\n<p>&nbsp;<\/p>\n<p><strong>18. Moci\u00f3 del PSC (SB-CP) de la Bisbal del Pened\u00e8s per recuperar places residencials per a la gent gran i centres de dia als municipis.<\/strong><\/p>\n<p>Vots a favor: PSC, ERC<\/p>\n<p>Abstencions: PdeCat.<\/p>\n<p>S&#8217;aprova per majoria.<\/p>\n<p>&nbsp;<\/p>\n<p><strong>19. Moci\u00f3 del PSC (SB-CP) de l&#8217;Ajuntament de la Bisbal del Pened\u00e8s per a la defensa dels interessos de les persones afectades per les cl\u00e0usules s\u00f2l, IRPH, despeses en la formalitzaci\u00f3 de les hipoteques i pel seu acompanyament i assessorament en el proc\u00e9s de reclamaci\u00f3.<\/strong><\/p>\n<p>S&#8217;aprova per unanimitat.<\/p>\n<p>&nbsp;<\/p>\n<p>&nbsp;<\/p>\n<p><strong>20. Precs i preguntes.<\/strong><\/p>\n","protected":false},"excerpt":{"rendered":"<p>1. Aprovaci\u00f3 de l&#8217;acta anterior ordin\u00e0ria del 19 de desembre del 2016, i extraordin\u00e0ria del 09 de febrer de 2017. Acta 19\/12\/16: Vots a favor: PdeCAT, PSC Vots en contra: &hellip; <a href=\"https:\/\/bisbalpenedes.com\/web\/2017\/03\/22\/nota-informativa-sobre-el-ple-ordinari-celebrat-per-la-corporacio-municipal-de-la-bisbal-del-penedes-el-20-de-marc-de-2017-a-les-19h\/\" class=\"more-link\">Read More<\/a><\/p>\n","protected":false},"author":4,"featured_media":2127,"comment_status":"closed","ping_status":"closed","sticky":false,"template":"","format":"standard","meta":[],"categories":[4],"tags":[242,249,250],"_links":{"self":[{"href":"https:\/\/bisbalpenedes.com\/web\/wp-json\/wp\/v2\/posts\/2126"}],"collection":[{"href":"https:\/\/bisbalpenedes.com\/web\/wp-json\/wp\/v2\/posts"}],"about":[{"href":"https:\/\/bisbalpenedes.com\/web\/wp-json\/wp\/v2\/types\/post"}],"author":[{"embeddable":true,"href":"https:\/\/bisbalpenedes.com\/web\/wp-json\/wp\/v2\/users\/4"}],"replies":[{"embeddable":true,"href":"https:\/\/bisbalpenedes.com\/web\/wp-json\/wp\/v2\/comments?post=2126"}],"version-history":[{"count":2,"href":"https:\/\/bisbalpenedes.com\/web\/wp-json\/wp\/v2\/posts\/2126\/revisions"}],"predecessor-version":[{"id":2129,"href":"https:\/\/bisbalpenedes.com\/web\/wp-json\/wp\/v2\/posts\/2126\/revisions\/2129"}],"wp:featuredmedia":[{"embeddable":true,"href":"https:\/\/bisbalpenedes.com\/web\/wp-json\/wp\/v2\/media\/2127"}],"wp:attachment":[{"href":"https:\/\/bisbalpenedes.com\/web\/wp-json\/wp\/v2\/media?parent=2126"}],"wp:term":[{"taxonomy":"category","embeddable":true,"href":"https:\/\/bisbalpenedes.com\/web\/wp-json\/wp\/v2\/categories?post=2126"},{"taxonomy":"post_tag","embeddable":true,"href":"https:\/\/bisbalpenedes.com\/web\/wp-json\/wp\/v2\/tags?post=2126"}],"curies":[{"name":"wp","href":"https:\/\/api.w.org\/{rel}","templated":true}]}}