{"id":21244,"date":"2022-03-16T14:51:08","date_gmt":"2022-03-16T12:51:08","guid":{"rendered":"https:\/\/bisbalpenedes.com\/web\/?p=21244"},"modified":"2022-03-16T18:46:29","modified_gmt":"2022-03-16T16:46:29","slug":"saprova-el-pagament-de-la-quota-de-la-recollida-selectiva-porta-a-porta-de-lassociacio-de-municipis-catalans-per-a-lany-2022","status":"publish","type":"post","link":"https:\/\/bisbalpenedes.com\/web\/2022\/03\/16\/saprova-el-pagament-de-la-quota-de-la-recollida-selectiva-porta-a-porta-de-lassociacio-de-municipis-catalans-per-a-lany-2022\/","title":{"rendered":"S&#8217;aprova el pagament de la quota de l&#8217;Associaci\u00f3 de Municipis Catalans per a la recollida porta a porta"},"content":{"rendered":"\n<p>La Junta de Govern local del 14 de mar\u00e7 ha aprovat el pagament de la quota 2022 de l&#8217;Associaci\u00f3 de Municipis Catalans per a la recollida porta a porta. Aquesta quota ascendeix a 235,22\u20ac i la finalitat d&#8217;aquesta adhesi\u00f3 \u00e9s comptar amb informaci\u00f3 actualitzada sobre els serveis, les experi\u00e8ncies, les normatives i, en definitiva, tot\u00a0 que envolta el model de recollida selectiva porta a porta, que en l&#8217;actualitat \u00e9s el que est\u00e0 instaurat al nucli de la Bisbal del Pened\u00e8s. L&#8217;equip de govern est\u00e0 treballant per implementar-la a tot el municipi.<\/p>\n\n\n\n<hr class=\"wp-block-separator\"\/>\n\n\n\n<p>La Junta de Gobierno local del 14 de marzo ha aprobado el pago de la cuota 2022 de la Associaci\u00f3 de Municipis Catalans per a la recollida porta a porta. Esta cuota asciende a 235,22\u20ac y la finalidad de esta adhesi\u00f3n es contar con informaci\u00f3n actualizada sobre los servicios, las experiencias, las normativas y, en definitiva, todo lo que rodea el modelo de recogida selectiva puerta por puerta, que en la actualidad es el que est\u00e1 instaurado en el n\u00facleo de la Bisbal del Pened\u00e8s. El equipo de gobierno est\u00e1 trabajando para implementarla en todo el municipio.<\/p>\n","protected":false},"excerpt":{"rendered":"<p>La Junta de Govern local del 14 de mar\u00e7 ha aprovat el pagament de la quota 2022 de l&#8217;Associaci\u00f3 de Municipis Catalans per a la recollida porta a porta. Aquesta &hellip; <a href=\"https:\/\/bisbalpenedes.com\/web\/2022\/03\/16\/saprova-el-pagament-de-la-quota-de-la-recollida-selectiva-porta-a-porta-de-lassociacio-de-municipis-catalans-per-a-lany-2022\/\" class=\"more-link\">Read More<\/a><\/p>\n","protected":false},"author":4,"featured_media":21255,"comment_status":"closed","ping_status":"closed","sticky":false,"template":"","format":"standard","meta":[],"categories":[8],"tags":[],"_links":{"self":[{"href":"https:\/\/bisbalpenedes.com\/web\/wp-json\/wp\/v2\/posts\/21244"}],"collection":[{"href":"https:\/\/bisbalpenedes.com\/web\/wp-json\/wp\/v2\/posts"}],"about":[{"href":"https:\/\/bisbalpenedes.com\/web\/wp-json\/wp\/v2\/types\/post"}],"author":[{"embeddable":true,"href":"https:\/\/bisbalpenedes.com\/web\/wp-json\/wp\/v2\/users\/4"}],"replies":[{"embeddable":true,"href":"https:\/\/bisbalpenedes.com\/web\/wp-json\/wp\/v2\/comments?post=21244"}],"version-history":[{"count":4,"href":"https:\/\/bisbalpenedes.com\/web\/wp-json\/wp\/v2\/posts\/21244\/revisions"}],"predecessor-version":[{"id":21254,"href":"https:\/\/bisbalpenedes.com\/web\/wp-json\/wp\/v2\/posts\/21244\/revisions\/21254"}],"wp:featuredmedia":[{"embeddable":true,"href":"https:\/\/bisbalpenedes.com\/web\/wp-json\/wp\/v2\/media\/21255"}],"wp:attachment":[{"href":"https:\/\/bisbalpenedes.com\/web\/wp-json\/wp\/v2\/media?parent=21244"}],"wp:term":[{"taxonomy":"category","embeddable":true,"href":"https:\/\/bisbalpenedes.com\/web\/wp-json\/wp\/v2\/categories?post=21244"},{"taxonomy":"post_tag","embeddable":true,"href":"https:\/\/bisbalpenedes.com\/web\/wp-json\/wp\/v2\/tags?post=21244"}],"curies":[{"name":"wp","href":"https:\/\/api.w.org\/{rel}","templated":true}]}}