{"id":21227,"date":"2022-03-14T14:15:41","date_gmt":"2022-03-14T12:15:41","guid":{"rendered":"https:\/\/bisbalpenedes.com\/web\/?p=21227"},"modified":"2022-03-14T14:15:41","modified_gmt":"2022-03-14T12:15:41","slug":"entrevista-a-lantiga-associacio-dels-tres-tombs-de-la-bisbal-del-penedes","status":"publish","type":"post","link":"https:\/\/bisbalpenedes.com\/web\/2022\/03\/14\/entrevista-a-lantiga-associacio-dels-tres-tombs-de-la-bisbal-del-penedes\/","title":{"rendered":"Entrevista a l&#8217;antiga Associaci\u00f3 dels Tres Tombs de la Bisbal del Pened\u00e8s"},"content":{"rendered":"\n<p>Els Tres Tombs de la Bisbal del Pened\u00e8s es celebraran el proper diumenge 20 de mar\u00e7.&nbsp;<\/p>\n\n\n\n<p>Aquest mes de mar\u00e7 hem parlat amb l&#8217;antiga associaci\u00f3 dels Tres Tombs de la Bisbal del Pened\u00e8s. Aqu\u00ed us deixem la conversa.<\/p>\n\n\n\n<hr class=\"wp-block-separator\"\/>\n\n\n\n<p>Los Tres tombs de la Bisbal del Pened\u00e8s se celebrar\u00e1n el pr\u00f3ximo domingo 20 de marzo.&nbsp;<\/p>\n\n\n\n<p>Este mes hemos hablado con la antigua asociaci\u00f3n de los Tres Tombs de la Bisbal del Pened\u00e8s. Aqu\u00ed os dejamos la conversaci\u00f3n.<\/p>\n\n\n\n<figure class=\"wp-block-image size-large\"><img loading=\"lazy\" width=\"724\" height=\"1024\" src=\"https:\/\/bisbalpenedes.com\/web\/wp-content\/uploads\/2022\/03\/ENTREVISTA-TRES-TOMBS-1-724x1024.png\" alt=\"\" class=\"wp-image-21228\" srcset=\"https:\/\/bisbalpenedes.com\/web\/wp-content\/uploads\/2022\/03\/ENTREVISTA-TRES-TOMBS-1-724x1024.png 724w, https:\/\/bisbalpenedes.com\/web\/wp-content\/uploads\/2022\/03\/ENTREVISTA-TRES-TOMBS-1-600x849.png 600w, https:\/\/bisbalpenedes.com\/web\/wp-content\/uploads\/2022\/03\/ENTREVISTA-TRES-TOMBS-1-212x300.png 212w, https:\/\/bisbalpenedes.com\/web\/wp-content\/uploads\/2022\/03\/ENTREVISTA-TRES-TOMBS-1-768x1086.png 768w, https:\/\/bisbalpenedes.com\/web\/wp-content\/uploads\/2022\/03\/ENTREVISTA-TRES-TOMBS-1-1086x1536.png 1086w, https:\/\/bisbalpenedes.com\/web\/wp-content\/uploads\/2022\/03\/ENTREVISTA-TRES-TOMBS-1-1448x2048.png 1448w\" sizes=\"(max-width: 724px) 100vw, 724px\" \/><\/figure>\n\n\n\n<figure class=\"wp-block-image size-large\"><img loading=\"lazy\" width=\"724\" height=\"1024\" src=\"https:\/\/bisbalpenedes.com\/web\/wp-content\/uploads\/2022\/03\/ENTREVISTA-TRES-TOMBS-2-724x1024.png\" alt=\"\" class=\"wp-image-21229\" srcset=\"https:\/\/bisbalpenedes.com\/web\/wp-content\/uploads\/2022\/03\/ENTREVISTA-TRES-TOMBS-2-724x1024.png 724w, https:\/\/bisbalpenedes.com\/web\/wp-content\/uploads\/2022\/03\/ENTREVISTA-TRES-TOMBS-2-600x849.png 600w, https:\/\/bisbalpenedes.com\/web\/wp-content\/uploads\/2022\/03\/ENTREVISTA-TRES-TOMBS-2-212x300.png 212w, https:\/\/bisbalpenedes.com\/web\/wp-content\/uploads\/2022\/03\/ENTREVISTA-TRES-TOMBS-2-768x1086.png 768w, https:\/\/bisbalpenedes.com\/web\/wp-content\/uploads\/2022\/03\/ENTREVISTA-TRES-TOMBS-2-1086x1536.png 1086w, https:\/\/bisbalpenedes.com\/web\/wp-content\/uploads\/2022\/03\/ENTREVISTA-TRES-TOMBS-2-1448x2048.png 1448w\" sizes=\"(max-width: 724px) 100vw, 724px\" \/><\/figure>\n\n\n\n<figure class=\"wp-block-image size-large\"><img loading=\"lazy\" width=\"724\" height=\"1024\" src=\"https:\/\/bisbalpenedes.com\/web\/wp-content\/uploads\/2022\/03\/ENTREVISTA-TRES-TOMBS-3-724x1024.png\" alt=\"\" class=\"wp-image-21230\" srcset=\"https:\/\/bisbalpenedes.com\/web\/wp-content\/uploads\/2022\/03\/ENTREVISTA-TRES-TOMBS-3-724x1024.png 724w, https:\/\/bisbalpenedes.com\/web\/wp-content\/uploads\/2022\/03\/ENTREVISTA-TRES-TOMBS-3-600x849.png 600w, https:\/\/bisbalpenedes.com\/web\/wp-content\/uploads\/2022\/03\/ENTREVISTA-TRES-TOMBS-3-212x300.png 212w, https:\/\/bisbalpenedes.com\/web\/wp-content\/uploads\/2022\/03\/ENTREVISTA-TRES-TOMBS-3-768x1086.png 768w, https:\/\/bisbalpenedes.com\/web\/wp-content\/uploads\/2022\/03\/ENTREVISTA-TRES-TOMBS-3-1086x1536.png 1086w, https:\/\/bisbalpenedes.com\/web\/wp-content\/uploads\/2022\/03\/ENTREVISTA-TRES-TOMBS-3-1448x2048.png 1448w\" sizes=\"(max-width: 724px) 100vw, 724px\" \/><\/figure>\n","protected":false},"excerpt":{"rendered":"<p>Els Tres Tombs de la Bisbal del Pened\u00e8s es celebraran el proper diumenge 20 de mar\u00e7.&nbsp; Aquest mes de mar\u00e7 hem parlat amb l&#8217;antiga associaci\u00f3 dels Tres Tombs de la &hellip; <a href=\"https:\/\/bisbalpenedes.com\/web\/2022\/03\/14\/entrevista-a-lantiga-associacio-dels-tres-tombs-de-la-bisbal-del-penedes\/\" class=\"more-link\">Read More<\/a><\/p>\n","protected":false},"author":4,"featured_media":21233,"comment_status":"closed","ping_status":"closed","sticky":false,"template":"","format":"standard","meta":[],"categories":[8],"tags":[2471,393,228,5147],"_links":{"self":[{"href":"https:\/\/bisbalpenedes.com\/web\/wp-json\/wp\/v2\/posts\/21227"}],"collection":[{"href":"https:\/\/bisbalpenedes.com\/web\/wp-json\/wp\/v2\/posts"}],"about":[{"href":"https:\/\/bisbalpenedes.com\/web\/wp-json\/wp\/v2\/types\/post"}],"author":[{"embeddable":true,"href":"https:\/\/bisbalpenedes.com\/web\/wp-json\/wp\/v2\/users\/4"}],"replies":[{"embeddable":true,"href":"https:\/\/bisbalpenedes.com\/web\/wp-json\/wp\/v2\/comments?post=21227"}],"version-history":[{"count":1,"href":"https:\/\/bisbalpenedes.com\/web\/wp-json\/wp\/v2\/posts\/21227\/revisions"}],"predecessor-version":[{"id":21234,"href":"https:\/\/bisbalpenedes.com\/web\/wp-json\/wp\/v2\/posts\/21227\/revisions\/21234"}],"wp:featuredmedia":[{"embeddable":true,"href":"https:\/\/bisbalpenedes.com\/web\/wp-json\/wp\/v2\/media\/21233"}],"wp:attachment":[{"href":"https:\/\/bisbalpenedes.com\/web\/wp-json\/wp\/v2\/media?parent=21227"}],"wp:term":[{"taxonomy":"category","embeddable":true,"href":"https:\/\/bisbalpenedes.com\/web\/wp-json\/wp\/v2\/categories?post=21227"},{"taxonomy":"post_tag","embeddable":true,"href":"https:\/\/bisbalpenedes.com\/web\/wp-json\/wp\/v2\/tags?post=21227"}],"curies":[{"name":"wp","href":"https:\/\/api.w.org\/{rel}","templated":true}]}}