{"id":21223,"date":"2022-03-14T12:46:43","date_gmt":"2022-03-14T10:46:43","guid":{"rendered":"https:\/\/bisbalpenedes.com\/web\/?p=21223"},"modified":"2022-03-14T12:46:43","modified_gmt":"2022-03-14T10:46:43","slug":"avis-per-vent-per-al-dilluns-14-de-marc-i-el-dimarts-15-de-marc","status":"publish","type":"post","link":"https:\/\/bisbalpenedes.com\/web\/2022\/03\/14\/avis-per-vent-per-al-dilluns-14-de-marc-i-el-dimarts-15-de-marc\/","title":{"rendered":"Av\u00eds per vent per al dilluns 14 de mar\u00e7 i el dimarts 15 de mar\u00e7"},"content":{"rendered":"\n<p>El Servei Meteorol\u00f2gic de Catalunya ha em\u00e8s un av\u00eds per vent per avui dilluns i dem\u00e0 dimarts. Extremeu les precaucions.<\/p>\n\n\n\n<hr class=\"wp-block-separator\"\/>\n\n\n\n<p>El Servicio Meteorol\u00f3gico de Catalunya ha emitido un aviso por viento para hoy lunes y ma\u00f1ana martes. Extremad las precauciones.<\/p>\n\n\n\n<figure class=\"wp-block-image size-large\"><img loading=\"lazy\" width=\"768\" height=\"1024\" src=\"https:\/\/bisbalpenedes.com\/web\/wp-content\/uploads\/2022\/03\/220315-AVIS-VENT-DIMARTS-768x1024.jpeg\" alt=\"\" class=\"wp-image-21224\" srcset=\"https:\/\/bisbalpenedes.com\/web\/wp-content\/uploads\/2022\/03\/220315-AVIS-VENT-DIMARTS-768x1024.jpeg 768w, https:\/\/bisbalpenedes.com\/web\/wp-content\/uploads\/2022\/03\/220315-AVIS-VENT-DIMARTS-600x800.jpeg 600w, https:\/\/bisbalpenedes.com\/web\/wp-content\/uploads\/2022\/03\/220315-AVIS-VENT-DIMARTS-225x300.jpeg 225w, https:\/\/bisbalpenedes.com\/web\/wp-content\/uploads\/2022\/03\/220315-AVIS-VENT-DIMARTS-1152x1536.jpeg 1152w, https:\/\/bisbalpenedes.com\/web\/wp-content\/uploads\/2022\/03\/220315-AVIS-VENT-DIMARTS.jpeg 1536w\" sizes=\"(max-width: 768px) 100vw, 768px\" \/><\/figure>\n","protected":false},"excerpt":{"rendered":"<p>El Servei Meteorol\u00f2gic de Catalunya ha em\u00e8s un av\u00eds per vent per avui dilluns i dem\u00e0 dimarts. Extremeu les precaucions. El Servicio Meteorol\u00f3gico de Catalunya ha emitido un aviso por &hellip; <a href=\"https:\/\/bisbalpenedes.com\/web\/2022\/03\/14\/avis-per-vent-per-al-dilluns-14-de-marc-i-el-dimarts-15-de-marc\/\" class=\"more-link\">Read More<\/a><\/p>\n","protected":false},"author":4,"featured_media":21225,"comment_status":"closed","ping_status":"closed","sticky":false,"template":"","format":"standard","meta":[],"categories":[1628,2543,8],"tags":[3539,393,1187],"_links":{"self":[{"href":"https:\/\/bisbalpenedes.com\/web\/wp-json\/wp\/v2\/posts\/21223"}],"collection":[{"href":"https:\/\/bisbalpenedes.com\/web\/wp-json\/wp\/v2\/posts"}],"about":[{"href":"https:\/\/bisbalpenedes.com\/web\/wp-json\/wp\/v2\/types\/post"}],"author":[{"embeddable":true,"href":"https:\/\/bisbalpenedes.com\/web\/wp-json\/wp\/v2\/users\/4"}],"replies":[{"embeddable":true,"href":"https:\/\/bisbalpenedes.com\/web\/wp-json\/wp\/v2\/comments?post=21223"}],"version-history":[{"count":1,"href":"https:\/\/bisbalpenedes.com\/web\/wp-json\/wp\/v2\/posts\/21223\/revisions"}],"predecessor-version":[{"id":21226,"href":"https:\/\/bisbalpenedes.com\/web\/wp-json\/wp\/v2\/posts\/21223\/revisions\/21226"}],"wp:featuredmedia":[{"embeddable":true,"href":"https:\/\/bisbalpenedes.com\/web\/wp-json\/wp\/v2\/media\/21225"}],"wp:attachment":[{"href":"https:\/\/bisbalpenedes.com\/web\/wp-json\/wp\/v2\/media?parent=21223"}],"wp:term":[{"taxonomy":"category","embeddable":true,"href":"https:\/\/bisbalpenedes.com\/web\/wp-json\/wp\/v2\/categories?post=21223"},{"taxonomy":"post_tag","embeddable":true,"href":"https:\/\/bisbalpenedes.com\/web\/wp-json\/wp\/v2\/tags?post=21223"}],"curies":[{"name":"wp","href":"https:\/\/api.w.org\/{rel}","templated":true}]}}