{"id":21209,"date":"2022-03-11T14:44:10","date_gmt":"2022-03-11T12:44:10","guid":{"rendered":"https:\/\/bisbalpenedes.com\/web\/?p=21209"},"modified":"2022-03-11T14:44:10","modified_gmt":"2022-03-11T12:44:10","slug":"lajuntament-de-la-bisbal-dignificara-diversos-espais-de-memoria-democratica-del-municipi","status":"publish","type":"post","link":"https:\/\/bisbalpenedes.com\/web\/2022\/03\/11\/lajuntament-de-la-bisbal-dignificara-diversos-espais-de-memoria-democratica-del-municipi\/","title":{"rendered":"L&#8217;Ajuntament de la Bisbal dignificar\u00e0 diversos espais de mem\u00f2ria democr\u00e0tica del municipi"},"content":{"rendered":"\n<p>La Regidoria de Cultura de l&#8217;Ajuntament de la Bisbal del Pened\u00e8s ha comen\u00e7at a treballar en la dignificaci\u00f3 i difusi\u00f3 dels espais de resist\u00e8ncia i repressi\u00f3 existents al municipi que estan vinculats a la mem\u00f2ria democr\u00e0tica de Catalunya. Per aquest motiu, ha demanat una subvenci\u00f3 a la Generalitat de Catalunya per reposar i actualitzar el plaf\u00f3 informatiu del Soldat Desconegut i per crear un nou espai de mem\u00f2ria hist\u00f2rica al Cementiri Municipal. Est\u00e0 previst que aquestes actuacions es tirin endavant aquest estiu, amb la col\u00b7laboraci\u00f3 de les institucions expertes en la mat\u00e8ria.<\/p>\n\n\n\n<p>La Regidoria de Cultura ha comen\u00e7at a treballar per poder executar diverses accions que apropin la mem\u00f2ria i la hist\u00f2ria vinculada a la guerra, la dictadura i la democr\u00e0cia a tota la poblaci\u00f3. Per aquest motiu, enguany dur\u00e0 a terme les seg\u00fcents actuacions:<\/p>\n\n\n\n<ul><li>Reposar\u00e0 i actualitzar\u00e0 el plaf\u00f3 informatiu del Soldat Desconegut, ubicat al Passeig Llu\u00eds Companys. En aquest suport es fa difusi\u00f3 de la mem\u00f2ria dels fets de la resist\u00e8ncia a l&#8217;ocupaci\u00f3 de l&#8217;ex\u00e8rcit franquista que van tenir lloc a la Bisbal del Pened\u00e8s el gener de 1939. Aquest punt forma part de la Xarxa d&#8217;Espais de Mem\u00f2ria de Catalunya i\u00a0 de la Ruta del Front al Pened\u00e8s amb la identificaci\u00f3 m16.<\/li><li>Crear\u00e0 un nou espai de mem\u00f2ria hist\u00f2rica al Cementiri Municipal. Aquest espai comptar\u00e0 amb senyalitzaci\u00f3 vinculada a la recuperaci\u00f3 de la mem\u00f2ria de la repressi\u00f3 viscuda per l&#8217;establiment del nou r\u00e8gim. Cal tenir present que, al Mapa de Fosses documentades per la Generalitat de Catalunya -les fosses amb restes de la Guerra Civil- s&#8217;hi poden trobar quatre fosses ubicades en diferents punts del municipi i, la m\u00e9s gran de totes, es localitza al cementiri. Per aquest motiu, l&#8217;Ajuntament hi instal\u00b7lar\u00e0 un faristol informatiu que senyalitzi la fossa i que reculli la informaci\u00f3 referent a aquella fossa i als altres espais d&#8217;enterrament presents a La Bisbal del Pened\u00e8s.<\/li><\/ul>\n\n\n\n<p>Aquestes actuacions s&#8217;han pressupostat en 4.283,40\u20ac i l&#8217;Ajuntament de la Bisbal del Pened\u00e8s ha sol\u00b7licitat una subvenci\u00f3 de 3.446,48\u20ac a la Generalitat de Catalunya, en el marc de la convocat\u00f2ria de subvencions a ens locals per a projectes adre\u00e7ats a recuperar la mem\u00f2ria democr\u00e0tica a trav\u00e9s de la posada en valor i la difusi\u00f3 del patrimoni memorial de Catalunya del per\u00edode 1931-1980.<\/p>\n\n\n\n<p>L&#8217;Ajuntament de la Bisbal del Pened\u00e8s t\u00e9 present la seva obligaci\u00f3 moral de mantenir i difondre la mem\u00f2ria democr\u00e0tica, oferint a les noves generacions espais on poder aprendre i reflexionar sobre la import\u00e0ncia de ser conscients de l&#8217;exist\u00e8ncia del sistema democr\u00e0tic i fer valdre l&#8217;esfor\u00e7 i el patiment de les anteriors generacions per tal d&#8217;assolir una democr\u00e0cia com l&#8217;actual. L&#8217;objectiu \u00e9s que aquests espais puguin ser visitats pels ve\u00efns del municipi i de la comarca, per persones interessades en la hist\u00f2ria o que facin rutes pel territori, per\u00f2 tamb\u00e9 per l&#8217;alumnat dels centres escolars de prim\u00e0ria i secund\u00e0ria del municipi.<\/p>\n\n\n\n<hr class=\"wp-block-separator\"\/>\n\n\n\n<p><strong>CASTELLANO |<\/strong> La Concejal\u00eda de Cultura del Ayuntamiento de la Bisbal del Pened\u00e8s ha empezado a trabajar en la dignificaci\u00f3n y difusi\u00f3n de los espacios de resistencia y represi\u00f3n existentes en el municipio vinculados a la memoria democr\u00e1tica de Catalunya. Por este motivo, ha solicitado una subvenci\u00f3n a la Generalitat de Catalunya para reponer y actualizar el plaf\u00f3n informativo del Soldado Desconocido y para crear un nuevo espacio de memoria hist\u00f3rica en el Cementerio Municipal. Est\u00e1 previsto que estas actuaciones se lleven a cabo este verano, con la colaboraci\u00f3n de las instituciones expertas en la materia.<\/p>\n\n\n\n<p>La Concejal\u00eda de Cultura ha empezado a trabajar para poder ejecutar varias acciones que acerquen la memoria y la historia a la guerra, la dictadura y la democracia a toda la poblaci\u00f3n. Por este motivo, este a\u00f1o llevar\u00e1 a cabo las siguientes actuaciones:<\/p>\n\n\n\n<ul><li>Repondr\u00e1 y actualizar\u00e1 el plaf\u00f3n informativo del Soldado Desconocido ubicado en el Passeig Llu\u00eds Companys. En este soporte se hace difusi\u00f3n de la memoria de los hechos de la resistencia a la ocupaci\u00f3n del ej\u00e9rcito franquista que tuvieron lugar en la Bisbal del Pened\u00e8s en enero del 1939. Este punto forma parte de la Red de Espacios de Memoria de Catalunya y de la Ruta del Frente en el Pened\u00e8s con la identificaci\u00f3n m16.<\/li><li>Crear\u00e1 un nuevo espacio de memoria hist\u00f3rica en el Cementerio Municipal. Este espacio contar\u00e1 con la se\u00f1alizaci\u00f3n vinculada a la recuperaci\u00f3n de la memoria de la represi\u00f3n vivida para el establecimiento del nuevo r\u00e9gimen. Hay que tener presente que, en el Mapa de Fosas documentadas por la Generalitat de Catalunya -las fosas con restos de la Guerra Civil- se pueden encontrar cuatro fosas ubicadas en distintos puntos del municipio y, la m\u00e1s grande de todas, se localiza en el cementerio. Por este motivo, el Ayuntamiento instalar\u00e1 un soporte informativo que se\u00f1alice la fosa y que recoja la informaci\u00f3n referente a aquella fosa y a los otros espacios de entierro presentes en La Bisbal del Pened\u00e8s.<\/li><\/ul>\n\n\n\n<p>Estas actuaciones se han presupuestado en 4.283,40\u20ac y el Ayuntamiento de la Bisbal del Pened\u00e8s ha solicitado una subvenci\u00f3n de 3.446,48\u20ac a la Generalitat de Catalunya, en el marco de la convocatoria de subvenciones a los entes locales para proyectos dirigidos a recuperar la memoria democr\u00e1tica a trav\u00e9s de la puesta en valor y la difusi\u00f3n del patrimonio memorial de Catalunya del periodo 1931-1980.<\/p>\n\n\n\n<p>El Ayuntamiento de la Bisbal del Pened\u00e8s tiene presente su obligaci\u00f3n moral de mantener y difundir la memoria democr\u00e1tica, ofreciendo a las nuevas generaciones espacios en los que poder aprender y reflexionar sobre la importancia de ser conscientes de la existencia del sistema democr\u00e1tico y poner en valor el esfuerzo y el sufrimiento de las anteriores generaciones con tal de lograr una democracia como la actual. El objetivo es que estos espacios puedan ser visitados por los vecinos del municipio y de la comarca, por personas interesadas en la historia o que hagan rutas por el territorio, pero tambi\u00e9n por el alumnado de los centros escolares de primaria y secundaria del municipio.<\/p>\n","protected":false},"excerpt":{"rendered":"<p>La Regidoria de Cultura de l&#8217;Ajuntament de la Bisbal del Pened\u00e8s ha comen\u00e7at a treballar en la dignificaci\u00f3 i difusi\u00f3 dels espais de resist\u00e8ncia i repressi\u00f3 existents al municipi que &hellip; <a href=\"https:\/\/bisbalpenedes.com\/web\/2022\/03\/11\/lajuntament-de-la-bisbal-dignificara-diversos-espais-de-memoria-democratica-del-municipi\/\" class=\"more-link\">Read More<\/a><\/p>\n","protected":false},"author":4,"featured_media":21210,"comment_status":"closed","ping_status":"closed","sticky":false,"template":"","format":"standard","meta":[],"categories":[13,8],"tags":[2646,225,852,393,5143,5144],"_links":{"self":[{"href":"https:\/\/bisbalpenedes.com\/web\/wp-json\/wp\/v2\/posts\/21209"}],"collection":[{"href":"https:\/\/bisbalpenedes.com\/web\/wp-json\/wp\/v2\/posts"}],"about":[{"href":"https:\/\/bisbalpenedes.com\/web\/wp-json\/wp\/v2\/types\/post"}],"author":[{"embeddable":true,"href":"https:\/\/bisbalpenedes.com\/web\/wp-json\/wp\/v2\/users\/4"}],"replies":[{"embeddable":true,"href":"https:\/\/bisbalpenedes.com\/web\/wp-json\/wp\/v2\/comments?post=21209"}],"version-history":[{"count":1,"href":"https:\/\/bisbalpenedes.com\/web\/wp-json\/wp\/v2\/posts\/21209\/revisions"}],"predecessor-version":[{"id":21211,"href":"https:\/\/bisbalpenedes.com\/web\/wp-json\/wp\/v2\/posts\/21209\/revisions\/21211"}],"wp:featuredmedia":[{"embeddable":true,"href":"https:\/\/bisbalpenedes.com\/web\/wp-json\/wp\/v2\/media\/21210"}],"wp:attachment":[{"href":"https:\/\/bisbalpenedes.com\/web\/wp-json\/wp\/v2\/media?parent=21209"}],"wp:term":[{"taxonomy":"category","embeddable":true,"href":"https:\/\/bisbalpenedes.com\/web\/wp-json\/wp\/v2\/categories?post=21209"},{"taxonomy":"post_tag","embeddable":true,"href":"https:\/\/bisbalpenedes.com\/web\/wp-json\/wp\/v2\/tags?post=21209"}],"curies":[{"name":"wp","href":"https:\/\/api.w.org\/{rel}","templated":true}]}}