{"id":21204,"date":"2022-03-11T11:55:17","date_gmt":"2022-03-11T09:55:17","guid":{"rendered":"https:\/\/bisbalpenedes.com\/web\/?p=21204"},"modified":"2022-03-11T11:55:17","modified_gmt":"2022-03-11T09:55:17","slug":"lajuntament-de-la-bisbal-del-penedes-recull-les-allegacions-de-particulars-al-projecte-de-la-laat-podeu-entrar-les-per-registre-presencialment-o-de-forma-telematica","status":"publish","type":"post","link":"https:\/\/bisbalpenedes.com\/web\/2022\/03\/11\/lajuntament-de-la-bisbal-del-penedes-recull-les-allegacions-de-particulars-al-projecte-de-la-laat-podeu-entrar-les-per-registre-presencialment-o-de-forma-telematica\/","title":{"rendered":"L&#8217;Ajuntament de la Bisbal del Pened\u00e8s recull les al\u00b7legacions de particulars al projecte de la LAAT &#8211; Podeu entrar-les per registre presencialment o de forma telem\u00e0tica"},"content":{"rendered":"\n<p>L\u2019Ajuntament de la Bisbal del Pened\u00e8s ha presentat aquest mes de mar\u00e7 al\u00b7legacions a l\u2019autoritzaci\u00f3 administrativa pr\u00e8via i declaraci\u00f3 d\u2019Impacte Ambiental del projecte PEol-540 AC que compr\u00e8n els parcs e\u00f2lics CERBERO, MENECIO, OALAS, PERSES, ODISEO, SELENE i CRET\u00d3N i les seves infraestructures, al seu pas pel municipi.<\/p>\n\n\n\n<p>L\u2019Ajuntament de la Bisbal s\u2019oposa al projecte, tal com va fer amb el projecte de la MAT, que es va presentar l\u2019any passat, perqu\u00e8 es tracta d\u2019una nova l\u00ednia de transport energ\u00e8tic que no ha tingut en compte el territori i que pret\u00e9n instal\u00b7lar 6 torres de m\u00e9s de 50 metres d\u2019al\u00e7ada a la Bisbal del Pened\u00e8s. La l\u00ednia \u00e9s per portar energia renovable de l\u2019Arag\u00f3 fins a l\u2019\u00e0rea metropolitana, sense deixar cap mena de benefici al territori que, quedaria trinxat i, fins i tot, passaria per s\u00f2l de protecci\u00f3 especial.<\/p>\n\n\n\n<p>El projecte al que s\u2019oposa l\u2019Ajuntament de la Bisbal del Pened\u00e8s \u00e9s un nou projecte de l\u2019empresa Forestalia que planteja portar energia des de parcs e\u00f2lics de l\u2019Arag\u00f3 fins a l\u2019\u00e0rea metropolitana de Barcelona, utilitzant el territori com a zona de pas. Es tracta d\u2019una l\u00ednia a\u00e8ria d\u2019alta tensi\u00f3 (LAAT) a 400 kV,&nbsp; que va des de la torre d\u2019alta tensi\u00f3 416 (l\u00ednia projectada Valmuel Begues \u2013 CS Promotores Begues) fins a la SET Garraf a Vilanova i la Geltr\u00fa. La l\u00ednia t\u00e9 una longitud de 20,82 km i afecta els termes municipals de la Bisbal del Pened\u00e8s, Lloren\u00e7 del Pened\u00e8s, Banyeres del Pened\u00e8s, Bellvei, Castellet i la Gornal, Cubelles i Vilanova i la Geltr\u00fa. D\u2019aquests quil\u00f2metres de l\u00ednia, 2,02km estan dins del terme municipal de la Bisbal del Pened\u00e8s i corresponen a 6 torres d\u2019alta tensi\u00f3.<\/p>\n\n\n\n<p><strong>PRESENTACI\u00d3 D\u2019AL\u00b7LEGACIONS PER PART DELS PARTICULARS<\/strong><\/p>\n\n\n\n<p>El procediment per presentar una al\u00b7legaci\u00f3 \u00e9s presentar-la a l\u2019Ajuntament de la Bisbal del Pened\u00e8s -mitjan\u00e7ant el registre d\u2019entrada- presencialment o de forma telem\u00e0tica, adjuntant el model d\u2019al\u00b7legacions emplenat i signat, acompanyat d\u2019una c\u00f2pia del DNI.<\/p>\n\n\n\n<p>Podeu descarregar-vos el model fent clic <a href=\"https:\/\/bisbalpenedes.com\/web\/wp-content\/uploads\/2022\/03\/Allegacions-LAAT.pdf\" target=\"_blank\" rel=\"noreferrer noopener\">aqu\u00ed.<\/a><\/p>\n\n\n\n<p>El termini per presentar al\u00b7legacions finalitza el divendres 18 de mar\u00e7, per\u00f2 us demanem que ens les feu arribar fins al 16 de mar\u00e7, ja que s\u2019ha de preparar l\u2019enviament abans de finalitzar el termini.<\/p>\n\n\n\n<hr class=\"wp-block-separator\"\/>\n\n\n\n<p><strong>CASTELLANO |<\/strong> El Ayuntamiento de la Bisbal del Pened\u00e8s ha presentado alegaciones a la autorizaci\u00f3n administrativa previa y declaraci\u00f3n de Impacto Ambiental del proyecto PEol-540 AC que comprende los parques e\u00f3licos CERBERO, MENECIO, OALAS, PERSES, ODIESO, SELENE y CRET\u00d3N y sus infraestructuras, a su paso por el municipio.\u00a0<\/p>\n\n\n\n<p>El Ayuntamiento de la Bisbal se opone al proyecto, tal como hizo con el proyecto de la MAT, que se present\u00f3 el a\u00f1o pasado, porque se trata de una nueva l\u00ednea de transporte energ\u00e9tico que no ha tenido en cuenta el territorio y que pretende instalar 6 torres de m\u00e1s de 50 metros de altura en la Bisbal del Pened\u00e8s. Adem\u00e1s, la solicita una empresa privada, la cual cosa est\u00e1 fuera de sus competencias, seg\u00fan ha explicado la alcaldesa de la Bisbal del Pened\u00e8s, Agn\u00e8s Ferr\u00e9. Por otro lado, la l\u00ednea es para llevar energ\u00eda renovable de Arag\u00f3n hasta el \u00e1rea metropolitana, sin dejar ning\u00fan tipo de beneficio en el territorio, que quedar\u00eda trinchado e, incluso, pasar\u00eda por suelo de protecci\u00f3n especial.<\/p>\n\n\n\n<p>El proyecto al que se opone el Ayuntamiento de la Bisbal del Pened\u00e8s es un nuevo proyecto de la empresa Forestalia que plantea llevar energ\u00eda desde parques e\u00f3licos de Arag\u00f3n hasta el \u00e1rea metropolitana de Barcelona, utilizando el territorio como zona de paso. Se trata de una l\u00ednea a\u00e9rea de alta tensi\u00f3n (LAAT) a 400 kV, que va desde la torre de alta tensi\u00f3n 416 (l\u00ednea proyectada Valmuel Begues \u2013 CS Promotores Begues) hasta la SET Garraf a Vilanova i la Geltr\u00fa. La L\u00ednea tiene una longitud de 20,82km y afecta a los t\u00e9rminos municipales de la Bisbal del Pened\u00e8s, Lloren\u00e7 del Pened\u00e8s, Banyeres del Pened\u00e8s, Bellvei, Castellet i la Gornal, Cubelles y Vilanova i la Geltr\u00fa. De estos quil\u00f3metros de l\u00ednea, 2,02km est\u00e1n dentro del t\u00e9rmino municipal de la Bisbal del Pened\u00e8s y corresponden a 6 torres de alta tensi\u00f3n.<\/p>\n\n\n\n<p><strong>PRESENTACI\u00d3N DE ALEGACIONES POR PARTE DE LOS PARTICULARES<\/strong><\/p>\n\n\n\n<p>El procedimiento para presentar una alegaci\u00f3n es presentarla en el Ayuntamiento de la&nbsp; Bisbal del Pened\u00e8s -mediante el registro de entrada- presencialmente o de forma telem\u00e1tica, adjuntando el modelo de alegaciones rellenado y firmado, acompa\u00f1ado de una copia del DNI.<\/p>\n\n\n\n<p>Pod\u00e9is descargaros el modelo haciendo clic <a href=\"https:\/\/bisbalpenedes.com\/web\/wp-content\/uploads\/2022\/03\/Allegacions-LAAT.pdf\" target=\"_blank\" rel=\"noreferrer noopener\">aqu\u00ed.<\/a><\/p>\n\n\n\n<p>El plazo para presentar alegaciones finaliza el viernes 18 de marzo, pero os pedimos que nos las hag\u00e1is llegar hasta el 16 de marzo, ya que se tiene que preparar el env\u00edo antes de que finalice el plazo.<\/p>\n","protected":false},"excerpt":{"rendered":"<p>L\u2019Ajuntament de la Bisbal del Pened\u00e8s ha presentat aquest mes de mar\u00e7 al\u00b7legacions a l\u2019autoritzaci\u00f3 administrativa pr\u00e8via i declaraci\u00f3 d\u2019Impacte Ambiental del projecte PEol-540 AC que compr\u00e8n els parcs e\u00f2lics &hellip; <a href=\"https:\/\/bisbalpenedes.com\/web\/2022\/03\/11\/lajuntament-de-la-bisbal-del-penedes-recull-les-allegacions-de-particulars-al-projecte-de-la-laat-podeu-entrar-les-per-registre-presencialment-o-de-forma-telematica\/\" class=\"more-link\">Read More<\/a><\/p>\n","protected":false},"author":4,"featured_media":21207,"comment_status":"closed","ping_status":"closed","sticky":false,"template":"","format":"standard","meta":[],"categories":[8],"tags":[4759,5142,393,5133,1191,325],"_links":{"self":[{"href":"https:\/\/bisbalpenedes.com\/web\/wp-json\/wp\/v2\/posts\/21204"}],"collection":[{"href":"https:\/\/bisbalpenedes.com\/web\/wp-json\/wp\/v2\/posts"}],"about":[{"href":"https:\/\/bisbalpenedes.com\/web\/wp-json\/wp\/v2\/types\/post"}],"author":[{"embeddable":true,"href":"https:\/\/bisbalpenedes.com\/web\/wp-json\/wp\/v2\/users\/4"}],"replies":[{"embeddable":true,"href":"https:\/\/bisbalpenedes.com\/web\/wp-json\/wp\/v2\/comments?post=21204"}],"version-history":[{"count":2,"href":"https:\/\/bisbalpenedes.com\/web\/wp-json\/wp\/v2\/posts\/21204\/revisions"}],"predecessor-version":[{"id":21208,"href":"https:\/\/bisbalpenedes.com\/web\/wp-json\/wp\/v2\/posts\/21204\/revisions\/21208"}],"wp:featuredmedia":[{"embeddable":true,"href":"https:\/\/bisbalpenedes.com\/web\/wp-json\/wp\/v2\/media\/21207"}],"wp:attachment":[{"href":"https:\/\/bisbalpenedes.com\/web\/wp-json\/wp\/v2\/media?parent=21204"}],"wp:term":[{"taxonomy":"category","embeddable":true,"href":"https:\/\/bisbalpenedes.com\/web\/wp-json\/wp\/v2\/categories?post=21204"},{"taxonomy":"post_tag","embeddable":true,"href":"https:\/\/bisbalpenedes.com\/web\/wp-json\/wp\/v2\/tags?post=21204"}],"curies":[{"name":"wp","href":"https:\/\/api.w.org\/{rel}","templated":true}]}}