{"id":21200,"date":"2022-03-10T20:24:54","date_gmt":"2022-03-10T18:24:54","guid":{"rendered":"https:\/\/bisbalpenedes.com\/web\/?p=21200"},"modified":"2022-03-10T20:25:12","modified_gmt":"2022-03-10T18:25:12","slug":"sanornen-els-tres-tombs-per-previsio-de-pluja-la-festa-es-fara-el-proper-diumenge-20-de-marc","status":"publish","type":"post","link":"https:\/\/bisbalpenedes.com\/web\/2022\/03\/10\/sanornen-els-tres-tombs-per-previsio-de-pluja-la-festa-es-fara-el-proper-diumenge-20-de-marc\/","title":{"rendered":"S&#8217;ajornen els Tres Tombs per previsi\u00f3 de pluja &#8211; La festa es far\u00e0 el proper diumenge 20 de mar\u00e7"},"content":{"rendered":"\n<p>Tenint en compte les previsions de pluja per al cap de setmana, els Tres Tombs es traslladen al diumenge 20 de mar\u00e7 -la setmana vinent- amb el mateix programa d&#8217;activitats.&nbsp;<\/p>\n\n\n\n<p>La Regidoria de Cultura ha optat per ajornar la festa per vetllar per la seguretat dels participants en cas de pluja i per poder fer l&#8217;esmorzar a l&#8217;aire lliure a la pla\u00e7a de l&#8217;Era de Batre, tal com est\u00e0 previst.&nbsp;<\/p>\n\n\n\n<p>A m\u00e9s, cal tenir en compte que, cada any, &nbsp;l&#8217;Ajuntament aboca terra a l&#8217;asfalt de diversos carrers, el dia anterior als Tres Tombs, per contribuir a la bona circulaci\u00f3 de carros i cavalls. Si plou la tarda, la nit anterior o el mateix dia de la celebraci\u00f3, la terra se&#8217;n va amb l&#8217;aigua -amb la qual cosa s&#8217;hauria fet una despesa que no s&#8217;hauria arribat a gaudir- i els carrers queden sense la terra, molls o enfangats, la qual cosa suposa un perill per als participants.<\/p>\n\n\n\n<p>Aix\u00ed doncs, agra\u00efm la vostra comprensi\u00f3 i us esperem a tots i totes el proper diumenge 20 de mar\u00e7, a partir de les 8.30h per esmorzar i a les 11.00h per gaudir dels Tres Tombs de La Bisbal del Pened\u00e8s que, per cert, enguany fan 30 anys!<\/p>\n\n\n\n<hr class=\"wp-block-separator\"\/>\n\n\n\n<p>Teniendo en cuenta las previsiones de lluvia para el fin de semana, los Tres Tombs se trasladan al domingo 20 de marzo -la semana que viene- con el mismo programa de actividades.<\/p>\n\n\n\n<p>La Concejal\u00eda de Cultura ha optado por aplazar la fiesta para velar por la seguridad de los participantes en caso de lluvia y para poder hacer el almuerzo al aire libre en la plaza de la Era de Batre, tal como est\u00e1 previsto.<\/p>\n\n\n\n<p>Adem\u00e1s, hay que tener en cuenta que, cada a\u00f1o, el Ayuntamiento vierte tierra en el asfalto de varias calles, el d\u00eda anterior a los Tres Tombs, para contribuir a la buena circulaci\u00f3n de carros y caballos. Si llueve por la tarde, la noche anterior o el mismo d\u00eda de la celebraci\u00f3n, la tierra se va con el agua -la cual cosa supone haber hecho un gasto que no se habr\u00eda llegado a disfrutar- y las calles quedan sin tierra, mojados o enbarrados, la cual cosa supone un peligro para los participantes.<\/p>\n\n\n\n<p>As\u00ed pues, agradecemos vuestra comprensi\u00f3n y os esperamos a todos y a todas el pr\u00f3ximo domingo 20 de marzo, a partir de las 8.30h, para almorzar y a las 11.00h para disfrutar de los Tres Tombs de La Bisbal del Pened\u00e8s que, por cierto, \u00a1Este a\u00f1o cumplen 30 a\u00f1os!<\/p>\n","protected":false},"excerpt":{"rendered":"<p>Tenint en compte les previsions de pluja per al cap de setmana, els Tres Tombs es traslladen al diumenge 20 de mar\u00e7 -la setmana vinent- amb el mateix programa d&#8217;activitats.&nbsp; &hellip; <a href=\"https:\/\/bisbalpenedes.com\/web\/2022\/03\/10\/sanornen-els-tres-tombs-per-previsio-de-pluja-la-festa-es-fara-el-proper-diumenge-20-de-marc\/\" class=\"more-link\">Read More<\/a><\/p>\n","protected":false},"author":4,"featured_media":21201,"comment_status":"closed","ping_status":"closed","sticky":false,"template":"","format":"standard","meta":[],"categories":[2942,13,8],"tags":[393,228,5141],"_links":{"self":[{"href":"https:\/\/bisbalpenedes.com\/web\/wp-json\/wp\/v2\/posts\/21200"}],"collection":[{"href":"https:\/\/bisbalpenedes.com\/web\/wp-json\/wp\/v2\/posts"}],"about":[{"href":"https:\/\/bisbalpenedes.com\/web\/wp-json\/wp\/v2\/types\/post"}],"author":[{"embeddable":true,"href":"https:\/\/bisbalpenedes.com\/web\/wp-json\/wp\/v2\/users\/4"}],"replies":[{"embeddable":true,"href":"https:\/\/bisbalpenedes.com\/web\/wp-json\/wp\/v2\/comments?post=21200"}],"version-history":[{"count":2,"href":"https:\/\/bisbalpenedes.com\/web\/wp-json\/wp\/v2\/posts\/21200\/revisions"}],"predecessor-version":[{"id":21203,"href":"https:\/\/bisbalpenedes.com\/web\/wp-json\/wp\/v2\/posts\/21200\/revisions\/21203"}],"wp:featuredmedia":[{"embeddable":true,"href":"https:\/\/bisbalpenedes.com\/web\/wp-json\/wp\/v2\/media\/21201"}],"wp:attachment":[{"href":"https:\/\/bisbalpenedes.com\/web\/wp-json\/wp\/v2\/media?parent=21200"}],"wp:term":[{"taxonomy":"category","embeddable":true,"href":"https:\/\/bisbalpenedes.com\/web\/wp-json\/wp\/v2\/categories?post=21200"},{"taxonomy":"post_tag","embeddable":true,"href":"https:\/\/bisbalpenedes.com\/web\/wp-json\/wp\/v2\/tags?post=21200"}],"curies":[{"name":"wp","href":"https:\/\/api.w.org\/{rel}","templated":true}]}}