{"id":21178,"date":"2022-03-09T13:59:09","date_gmt":"2022-03-09T11:59:09","guid":{"rendered":"https:\/\/bisbalpenedes.com\/web\/?p=21178"},"modified":"2022-03-09T14:16:12","modified_gmt":"2022-03-09T12:16:12","slug":"el-proper-diumenge-13-de-marc-la-societat-acull-lobra-mistela-candela-sarsuela-com-a-acte-previ-del-75e-aniversari-de-lentitat","status":"publish","type":"post","link":"https:\/\/bisbalpenedes.com\/web\/2022\/03\/09\/el-proper-diumenge-13-de-marc-la-societat-acull-lobra-mistela-candela-sarsuela-com-a-acte-previ-del-75e-aniversari-de-lentitat\/","title":{"rendered":"El proper diumenge 13 de mar\u00e7 La Societat acull l&#8217;obra &#8220;Mistela, Candela, Sarsuela&#8221; com a acte previ del 75\u00e8 aniversari de l&#8217;entitat"},"content":{"rendered":"\n<p>El pr\u00f2xim diumenge 13 de mar\u00e7 La Societat acollir\u00e0, com a acte previ dels actes del 75\u00e8 aniversari de la Societat, l\u2019obra \u201cMistela, Candela, Sarsuela\u201d, una obra fresca, jove i amb humor que barreja les sarsueles de Pitarra i Vidal i Valenciano per tornar-los als escenaris com a cl\u00e0ssics d\u2019avui dia. Quatre actors i un m\u00fasic, bevedors de mistela, es fan una sarsuela d\u2019embolics en una sastreria per fer-nos passar les penes: Corina espera el seu pr\u00edncep blau, per\u00f2 sa mare planeja que es casi amb Don Mateu, antic conegut de la sastressa; la sastressa s\u2019encaterina de Titus, prom\u00e8s de Maria\u2026 Sastres, metges i lloros amaneixen el plat dins la versatilitat d\u2019una com\u00e8dia musical.\u00a0 \u00a0<\/p>\n\n\n\n<p>La representaci\u00f3 tindr\u00e0 lloc diumenge 13 de mar\u00e7 a les 19h i les entrades es podran adquirir directament a taquilla. Per m\u00e9s informaci\u00f3 podeu contactar al correu <a href=\"mailto:lasocietat@gmail.com\">lasocietat@gmail.com<\/a><\/p>\n\n\n\n<h2><strong>TALLER DE TEATRE INFANTIL A LA SOCIETAT DE LA BISBAL<\/strong><\/h2>\n\n\n\n<p>Des de la inauguraci\u00f3 de l\u2019actual local de l\u2019entitat, als anys 70, el paper de les representacions teatrals ha tingut gran import\u00e0ncia en la vida cultural de la Societat, tot organitzant diverses vetllades teatrals, com les organitzades pel propi grup de l\u2019elenc teatral, que ve organitzant dues obres l\u2019any, una per pasqua i l\u2019altre per Nadal, des de 1974.<\/p>\n\n\n\n<p>\u00c9s per aix\u00f2 que aquest any, la Societat i l\u2019elenc teatral, han volgut fer un pas m\u00e9s cap a la socialitzaci\u00f3 del teatre i iniciar un curs introductori destinat a alumnes de prim\u00e0ria, joves de 9 a 12 anys, que vulguin con\u00e8ixer el m\u00f3n teatral. El taller \u00e9s gestionat en col\u00b7laboraci\u00f3 amb la companyia La Porta de Fusta, i es realitzar\u00e0 tots els dimecres a la tarda del 30 de mar\u00e7 al 8 de juny. Un taller obert a tothom que vulgui provar-ho.<\/p>\n\n\n\n<figure class=\"wp-block-image size-large\"><img loading=\"lazy\" width=\"724\" height=\"1024\" src=\"https:\/\/bisbalpenedes.com\/web\/wp-content\/uploads\/2022\/03\/TEATRE-JOVE-1-724x1024.png\" alt=\"\" class=\"wp-image-21180\" srcset=\"https:\/\/bisbalpenedes.com\/web\/wp-content\/uploads\/2022\/03\/TEATRE-JOVE-1-724x1024.png 724w, https:\/\/bisbalpenedes.com\/web\/wp-content\/uploads\/2022\/03\/TEATRE-JOVE-1-600x849.png 600w, https:\/\/bisbalpenedes.com\/web\/wp-content\/uploads\/2022\/03\/TEATRE-JOVE-1-212x300.png 212w, https:\/\/bisbalpenedes.com\/web\/wp-content\/uploads\/2022\/03\/TEATRE-JOVE-1-768x1086.png 768w, https:\/\/bisbalpenedes.com\/web\/wp-content\/uploads\/2022\/03\/TEATRE-JOVE-1-1086x1536.png 1086w, https:\/\/bisbalpenedes.com\/web\/wp-content\/uploads\/2022\/03\/TEATRE-JOVE-1-1448x2048.png 1448w, https:\/\/bisbalpenedes.com\/web\/wp-content\/uploads\/2022\/03\/TEATRE-JOVE-1.png 1587w\" sizes=\"(max-width: 724px) 100vw, 724px\" \/><\/figure>\n\n\n\n<hr class=\"wp-block-separator\"\/>\n\n\n\n<p>El pr\u00f3ximo domingo 13 de marzo La Societat acoger\u00e1, como acto previo de los actos del 75\u00ba aniversario de la Societat, la obra &#8220;Mistela, Candela, Sarsuela&#8221;, una obra fresca, joven y con humor que mezcla las zarzuelas de Pitarra y Vidal i Valenciano para devolverlos a los escenarios como cl\u00e1sicos de hoy en d\u00eda. Cuatro actores y un m\u00fasico, bebedores de mistela, se hacen una zarzuela de l\u00edos en una sastrer\u00eda para hacer que se nos pasen las penas: Corina espera a su pr\u00edncipe azul, pero su madre planea que se case con Don Mateu, antiguo conocido de la sastra, la sastra se encapricha de Titus, prometido de Mar\u00eda&#8230; Sastres, m\u00e9dicos y loros ali\u00f1an el plato dentro de la versatilidad de una comedia musical.<\/p>\n\n\n\n<p>La representaci\u00f3n tendr\u00e1 lugar el domingo 13 de marzo a las 19h y las entradas se podr\u00e1n adquirir directamente en la taquilla. Para m\u00e1s informaci\u00f3n pod\u00e9is contactar con el correo lasocietat@gmail.com<\/p>\n\n\n\n<h2>TEATRO INFANTIL EN LA SOCIETAT<\/h2>\n\n\n\n<p>Desde la inauguraci\u00f3n del actual local de la entidad, en los a\u00f1os 70, el papel de las representaciones teatrales ha tenido gran importancia en la vida cultural de la Societat, organizando varias veladas teatrales, como las organizadas desde el propio grupo del elenco teatral, que viene organizando dos obras al a\u00f1o, una por Pascua y otra por Navidad, desde el 1974.<\/p>\n\n\n\n<p>Es por este motivo que este a\u00f1o, la Societat y el elenco teatral, han querido dar un paso m\u00e1s hacia la socializaci\u00f3n del teatro e iniciar un curso introductorio destinado a alumnos de primaria, j\u00f3venes de 9 a 12 a\u00f1os, que quieran conocer el mundo teatral. El taller se gestiona en colaboraci\u00f3n con la compa\u00f1\u00eda La Porta de Fusta, y se llevar\u00e1 a cabo todos los mi\u00e9rcoles por la tarde del 30 de marzo al 8 de junio. Un taller abierto a todos los que quieran probarlo.<\/p>\n","protected":false},"excerpt":{"rendered":"<p>El pr\u00f2xim diumenge 13 de mar\u00e7 La Societat acollir\u00e0, com a acte previ dels actes del 75\u00e8 aniversari de la Societat, l\u2019obra \u201cMistela, Candela, Sarsuela\u201d, una obra fresca, jove i &hellip; <a href=\"https:\/\/bisbalpenedes.com\/web\/2022\/03\/09\/el-proper-diumenge-13-de-marc-la-societat-acull-lobra-mistela-candela-sarsuela-com-a-acte-previ-del-75e-aniversari-de-lentitat\/\" class=\"more-link\">Read More<\/a><\/p>\n","protected":false},"author":4,"featured_media":21179,"comment_status":"closed","ping_status":"closed","sticky":false,"template":"","format":"standard","meta":[],"categories":[13,8],"tags":[225,393,285],"_links":{"self":[{"href":"https:\/\/bisbalpenedes.com\/web\/wp-json\/wp\/v2\/posts\/21178"}],"collection":[{"href":"https:\/\/bisbalpenedes.com\/web\/wp-json\/wp\/v2\/posts"}],"about":[{"href":"https:\/\/bisbalpenedes.com\/web\/wp-json\/wp\/v2\/types\/post"}],"author":[{"embeddable":true,"href":"https:\/\/bisbalpenedes.com\/web\/wp-json\/wp\/v2\/users\/4"}],"replies":[{"embeddable":true,"href":"https:\/\/bisbalpenedes.com\/web\/wp-json\/wp\/v2\/comments?post=21178"}],"version-history":[{"count":4,"href":"https:\/\/bisbalpenedes.com\/web\/wp-json\/wp\/v2\/posts\/21178\/revisions"}],"predecessor-version":[{"id":21184,"href":"https:\/\/bisbalpenedes.com\/web\/wp-json\/wp\/v2\/posts\/21178\/revisions\/21184"}],"wp:featuredmedia":[{"embeddable":true,"href":"https:\/\/bisbalpenedes.com\/web\/wp-json\/wp\/v2\/media\/21179"}],"wp:attachment":[{"href":"https:\/\/bisbalpenedes.com\/web\/wp-json\/wp\/v2\/media?parent=21178"}],"wp:term":[{"taxonomy":"category","embeddable":true,"href":"https:\/\/bisbalpenedes.com\/web\/wp-json\/wp\/v2\/categories?post=21178"},{"taxonomy":"post_tag","embeddable":true,"href":"https:\/\/bisbalpenedes.com\/web\/wp-json\/wp\/v2\/tags?post=21178"}],"curies":[{"name":"wp","href":"https:\/\/api.w.org\/{rel}","templated":true}]}}