{"id":21175,"date":"2022-03-09T11:07:50","date_gmt":"2022-03-09T09:07:50","guid":{"rendered":"https:\/\/bisbalpenedes.com\/web\/?p=21175"},"modified":"2022-03-09T11:07:50","modified_gmt":"2022-03-09T09:07:50","slug":"lalcaldessa-i-la-regidora-de-serveis-socials-es-reuneixen-amb-el-consell-territorial-telematic-de-la-vegueria-penedes-per-abordar-el-tema-de-la-crisi-humanitaria-derivada-de-la-situacio-a-ucraina","status":"publish","type":"post","link":"https:\/\/bisbalpenedes.com\/web\/2022\/03\/09\/lalcaldessa-i-la-regidora-de-serveis-socials-es-reuneixen-amb-el-consell-territorial-telematic-de-la-vegueria-penedes-per-abordar-el-tema-de-la-crisi-humanitaria-derivada-de-la-situacio-a-ucraina\/","title":{"rendered":"L&#8217;alcaldessa i la regidora de Serveis Socials es reuneixen amb el Consell territorial telem\u00e0tic de la Vegueria Pened\u00e8s per abordar el tema de la crisi humanit\u00e0ria derivada de la situaci\u00f3 a Ucra\u00efna"},"content":{"rendered":"\n<p>Ahir dimarts, al migdia, l&#8217;alcaldessa de la Bisbal del Pened\u00e8s, Agn\u00e8s Ferr\u00e9; i la regidora de Serveis Socials, Paqui Cepas, van assistir a la reuni\u00f3 del Consell Territorial Telem\u00e0tic de la Vegueria Pened\u00e8s amb l&#8217;objectiu d&#8217;abordar el tema de la crisi humanit\u00e0ria derivada de la situaci\u00f3 a Ucra\u00efna i les formes en qu\u00e8 es poden ajudar aquestes persones des de l&#8217;\u00e0mbit de la Generalitat i des de l&#8217;\u00e0mbit municipal. Aquesta reuni\u00f3, convocada pel Delegat del Govern a la Vegueria Pened\u00e8s, David Alqu\u00e9zar, va comptar amb la participaci\u00f3 dels i les responsables de les conselleries d&#8217;Acci\u00f3 Exterior i Govern Obert i Igualtat i Feminismes, aix\u00ed com amb l&#8217;assist\u00e8ncia dels alcaldes i alcaldesses de la Vegueria.<\/p>\n\n\n\n<p>Durant la trobada, es va abordar l&#8217;acci\u00f3 de govern de la Generalitat de Catalunya en tres \u00e0mbits: l&#8217;atenci\u00f3 a les persones atrapades aqu\u00ed (per turisme, feina&#8230;), els ajuts humanitaris i l&#8217;acollida de persones. Durant la celebraci\u00f3 d&#8217;aquesta reuni\u00f3 es van explicar els protocols d&#8217;actuaci\u00f3 des dels Ajuntaments en aquests casos i van resoldre els dubtes dels alcaldes i les alcaldesses del territori.<\/p>\n\n\n\n<hr class=\"wp-block-separator\"\/>\n\n\n\n<p>Ayer martes, a mediod\u00eda, la alcaldesa de la Bisbal del Pened\u00e8s, Agn\u00e8s Ferr\u00e9; y la concejala de Servicios Sociales, Paqui Cepas, asistieron a la reuni\u00f3n del Consell Territorial Telem\u00e0tic de la Vegueria Pened\u00e8s con el objetivo de abordar el tema de la crisis humanitaria derivada de la situaci\u00f3n en Ucrania y las formas en las que pueden ayudar a estas personas desde el \u00e1mbito de la Generalitat y desde el \u00e1mbito municipal. Esta reuni\u00f3n, convocada por el Delegado del Gobierno de la Veguer\u00eda Pened\u00e8s, David Alqu\u00e9zar, cont\u00f3 con la participaci\u00f3n de los y las responsables de las consejer\u00edas de Acci\u00f3n Exterior y Gobierno Abierto e Igualdad y Feminismos, as\u00ed como con la asistencia de los alcaldes y alcaldesas de la Veguer\u00eda.<\/p>\n\n\n\n<p>Durante el encuentro, se abord\u00f3 la acci\u00f3n de gobierno de la Generalitat de Catalunya en tres \u00e1mbitos: la atenci\u00f3n a las personas atrapadas aqu\u00ed (por turismo, trabajo&#8230;), las ayudas humanitarias y la acogida de personas. Durante la celebraci\u00f3n de esta reuni\u00f3n se explicaron los protocolos de actuaci\u00f3n desde los Ayuntamientos en estos casos y se resolvieron las dudas de los alcaldes y las alcaldesas del territorio.<\/p>\n","protected":false},"excerpt":{"rendered":"<p>Ahir dimarts, al migdia, l&#8217;alcaldessa de la Bisbal del Pened\u00e8s, Agn\u00e8s Ferr\u00e9; i la regidora de Serveis Socials, Paqui Cepas, van assistir a la reuni\u00f3 del Consell Territorial Telem\u00e0tic de &hellip; <a href=\"https:\/\/bisbalpenedes.com\/web\/2022\/03\/09\/lalcaldessa-i-la-regidora-de-serveis-socials-es-reuneixen-amb-el-consell-territorial-telematic-de-la-vegueria-penedes-per-abordar-el-tema-de-la-crisi-humanitaria-derivada-de-la-situacio-a-ucraina\/\" class=\"more-link\">Read More<\/a><\/p>\n","protected":false},"author":4,"featured_media":21176,"comment_status":"closed","ping_status":"closed","sticky":false,"template":"","format":"standard","meta":[],"categories":[2057,8,17],"tags":[459,393,1374,268],"_links":{"self":[{"href":"https:\/\/bisbalpenedes.com\/web\/wp-json\/wp\/v2\/posts\/21175"}],"collection":[{"href":"https:\/\/bisbalpenedes.com\/web\/wp-json\/wp\/v2\/posts"}],"about":[{"href":"https:\/\/bisbalpenedes.com\/web\/wp-json\/wp\/v2\/types\/post"}],"author":[{"embeddable":true,"href":"https:\/\/bisbalpenedes.com\/web\/wp-json\/wp\/v2\/users\/4"}],"replies":[{"embeddable":true,"href":"https:\/\/bisbalpenedes.com\/web\/wp-json\/wp\/v2\/comments?post=21175"}],"version-history":[{"count":1,"href":"https:\/\/bisbalpenedes.com\/web\/wp-json\/wp\/v2\/posts\/21175\/revisions"}],"predecessor-version":[{"id":21177,"href":"https:\/\/bisbalpenedes.com\/web\/wp-json\/wp\/v2\/posts\/21175\/revisions\/21177"}],"wp:featuredmedia":[{"embeddable":true,"href":"https:\/\/bisbalpenedes.com\/web\/wp-json\/wp\/v2\/media\/21176"}],"wp:attachment":[{"href":"https:\/\/bisbalpenedes.com\/web\/wp-json\/wp\/v2\/media?parent=21175"}],"wp:term":[{"taxonomy":"category","embeddable":true,"href":"https:\/\/bisbalpenedes.com\/web\/wp-json\/wp\/v2\/categories?post=21175"},{"taxonomy":"post_tag","embeddable":true,"href":"https:\/\/bisbalpenedes.com\/web\/wp-json\/wp\/v2\/tags?post=21175"}],"curies":[{"name":"wp","href":"https:\/\/api.w.org\/{rel}","templated":true}]}}