{"id":21172,"date":"2022-03-09T11:02:50","date_gmt":"2022-03-09T09:02:50","guid":{"rendered":"https:\/\/bisbalpenedes.com\/web\/?p=21172"},"modified":"2022-03-09T11:02:50","modified_gmt":"2022-03-09T09:02:50","slug":"el-proper-dilluns-14-de-marc-a-les-18h-tindra-lloc-un-ple-extraordinari","status":"publish","type":"post","link":"https:\/\/bisbalpenedes.com\/web\/2022\/03\/09\/el-proper-dilluns-14-de-marc-a-les-18h-tindra-lloc-un-ple-extraordinari\/","title":{"rendered":"El proper dilluns 14 de mar\u00e7 a les 18h tindr\u00e0 lloc un Ple extraordinari"},"content":{"rendered":"\n<p>El proper dilluns 14 de mar\u00e7, a les 18h, tindr\u00e0 lloc un Ple extraordinari a petici\u00f3 dels regidors del PSC, Daniel Caballero i Jose M\u00aa Cuadros; el regidor d&#8217;Units per la Bisbal-FIC, Xavier Faura; i la regidora d&#8217;ERC-AM, Silvia Monfort.<\/p>\n\n\n\n<p>L&#8217;odre del dia \u00e9s el seg\u00fcent:<\/p>\n\n\n\n<ul><li>Punt 1. Moci\u00f3 del PSC, UNITS-FIC i ERC-AM: &#8220;Manifest de suport a la societat ucra\u00efnesa i en defensa de la pau&#8221;<\/li><li>Punt 2. Moci\u00f3 del PSC, UNITS-FIC i ERC-AM: &#8220;Habilitar les cases dels mestres per a donar refugi a persones o fam\u00edlies ucra\u00efneses que per motiu de la guerra amb R\u00fassia s\u00b4hagin vist despla\u00e7ades, i traslladar al consolat Ucra\u00efn\u00e8s la resoluci\u00f3 adoptada per aquest Ple&#8221;<\/li><li>Punt 3. Moci\u00f3 del PSC, UNITS-FIC i ERC-AM: &#8220;Habilitar el &#8216;Rebost solidari&#8217; com a punt de recollida de materials i aliments per donar suport a la societat civil ucra\u00efnesa&#8221;<\/li><\/ul>\n\n\n\n<p>El Ple se celebrar\u00e0 de forma presencial i hi podr\u00e0 assistir p\u00fablic. Com \u00e9s habitual, la sessi\u00f3 s&#8217;enregistrar\u00e0 i, posteriorment, es podr\u00e0 veure la gravaci\u00f3 a Youtube.<\/p>\n\n\n\n<hr class=\"wp-block-separator\"\/>\n\n\n\n<p>El pr\u00f3ximo lunes 14 de marzo, a las 18h, tendr\u00e1 lugar un Pleno extraordinario a petici\u00f3n de los concejales del PSC, Daniel Caballero y Jose M\u00aa Cuadros; el concejal de Units per la Bisbal-FIC, Xavier Faura; y la concejala de ERC-AM, Silvia Monfort.<\/p>\n\n\n\n<p>El orden del d\u00eda es el siguiente:<\/p>\n\n\n\n<ul><li>Punto 1. Moci\u00f3n del PSC, UNIS-FIC y ERC-AM: &#8220;Manifiesto de apoyo a la sociedad ucraniana y en defensa de la paz&#8221;<\/li><li>Punto 2. Moci\u00f3n del PSC, UNITS-FIC y ERC-AM: &#8220;Habilitar las casas de los maestros para dar refugio a personas o familias ucranianas que por motivo de la guerra con Rusia se hayan visto desplazadas, y trasladar al consulado Ucraniano la resoluci\u00f3n adoptada por este Pleno&#8221;<\/li><li>Punto 3. Moci\u00f3n del PSC, UNITS-FIC y ERC-AM: &#8220;Habilitar el &#8216;Rebost Solidari&#8217; como punto de recogida de materiales y alimentos para dar apoyo a la sociedad civil ucraniana&#8221;.<\/li><\/ul>\n\n\n\n<p>El Pleno se celebrar\u00e1 de forma presencial y podr\u00e1 asistir p\u00fablico. Como es habitual, la sesi\u00f3n se grabar\u00e1 y, posteriormente, se podr\u00e1 ver la grabaci\u00f3n en Youtube.<\/p>\n","protected":false},"excerpt":{"rendered":"<p>El proper dilluns 14 de mar\u00e7, a les 18h, tindr\u00e0 lloc un Ple extraordinari a petici\u00f3 dels regidors del PSC, Daniel Caballero i Jose M\u00aa Cuadros; el regidor d&#8217;Units per &hellip; <a href=\"https:\/\/bisbalpenedes.com\/web\/2022\/03\/09\/el-proper-dilluns-14-de-marc-a-les-18h-tindra-lloc-un-ple-extraordinari\/\" class=\"more-link\">Read More<\/a><\/p>\n","protected":false},"author":4,"featured_media":20647,"comment_status":"closed","ping_status":"closed","sticky":false,"template":"","format":"standard","meta":[],"categories":[8,2250],"tags":[393,423,5107],"_links":{"self":[{"href":"https:\/\/bisbalpenedes.com\/web\/wp-json\/wp\/v2\/posts\/21172"}],"collection":[{"href":"https:\/\/bisbalpenedes.com\/web\/wp-json\/wp\/v2\/posts"}],"about":[{"href":"https:\/\/bisbalpenedes.com\/web\/wp-json\/wp\/v2\/types\/post"}],"author":[{"embeddable":true,"href":"https:\/\/bisbalpenedes.com\/web\/wp-json\/wp\/v2\/users\/4"}],"replies":[{"embeddable":true,"href":"https:\/\/bisbalpenedes.com\/web\/wp-json\/wp\/v2\/comments?post=21172"}],"version-history":[{"count":1,"href":"https:\/\/bisbalpenedes.com\/web\/wp-json\/wp\/v2\/posts\/21172\/revisions"}],"predecessor-version":[{"id":21173,"href":"https:\/\/bisbalpenedes.com\/web\/wp-json\/wp\/v2\/posts\/21172\/revisions\/21173"}],"wp:featuredmedia":[{"embeddable":true,"href":"https:\/\/bisbalpenedes.com\/web\/wp-json\/wp\/v2\/media\/20647"}],"wp:attachment":[{"href":"https:\/\/bisbalpenedes.com\/web\/wp-json\/wp\/v2\/media?parent=21172"}],"wp:term":[{"taxonomy":"category","embeddable":true,"href":"https:\/\/bisbalpenedes.com\/web\/wp-json\/wp\/v2\/categories?post=21172"},{"taxonomy":"post_tag","embeddable":true,"href":"https:\/\/bisbalpenedes.com\/web\/wp-json\/wp\/v2\/tags?post=21172"}],"curies":[{"name":"wp","href":"https:\/\/api.w.org\/{rel}","templated":true}]}}