{"id":21164,"date":"2022-03-08T20:15:00","date_gmt":"2022-03-08T18:15:00","guid":{"rendered":"https:\/\/bisbalpenedes.com\/web\/?p=21164"},"modified":"2022-03-08T20:20:11","modified_gmt":"2022-03-08T18:20:11","slug":"avui-sha-fet-una-visita-al-diposit-de-can-gordei-i-sha-llegit-el-manifest-del-dia-de-la-dona-la-plantacio-de-flors-i-herbes-aromatiques-al-local-social-ha-quedat-ajornada","status":"publish","type":"post","link":"https:\/\/bisbalpenedes.com\/web\/2022\/03\/08\/avui-sha-fet-una-visita-al-diposit-de-can-gordei-i-sha-llegit-el-manifest-del-dia-de-la-dona-la-plantacio-de-flors-i-herbes-aromatiques-al-local-social-ha-quedat-ajornada\/","title":{"rendered":"Avui s&#8217;ha fet una visita al dip\u00f2sit de Can Gordei i s&#8217;ha llegit el manifest del Dia de la Dona &#8211; La plantaci\u00f3 de flors i herbes arom\u00e0tiques al local social ha quedat ajornada"},"content":{"rendered":"\n<p>Tot i la pluja, hem pogut pujar al dip\u00f2sit de Can Gordei, on el Jordi Romeu ha pintat un mural dedicat a la dona amb els materials que Aqualia li ha facilitat.<\/p>\n\n\n\n<p>Finalment, el manifest l\u2019han llegit diverses dones de l\u2019Associaci\u00f3 de Dones de La Roca Foradada, l&#8217;Associaci\u00f3 de la Gent Gran, diverses ve\u00efnes de Can Gordei i la regidora de Benestar Social, Paqui Cepas, a la part nova del local social de Can Gordei.<br>La plantaci\u00f3 de flors i herbes arom\u00e0tiques ha quedat ajornada per la situaci\u00f3 meteorol\u00f2gica. Properament, us anunciarem la nova data.<\/p>\n\n\n\n<hr class=\"wp-block-separator\"\/>\n\n\n\n<p>8M | Aun con la lluvia, hemos podido subir al dep\u00f3sito de Can Gordei, donde Jordi Romeu ha pintado un mural dedicado a la mujer con los materiales que Aqualia le ha facilitado.<\/p>\n\n\n\n<p>Finalmente, el manifiesto lo han le\u00eddo varias mujeres de la Associaci\u00f3 de Dones La Roca Foradada, la Associaci\u00f3 de la Gent Gran, varias vecinas de Can Gordei y la concejala de Bienestar Social, Paqui Cepas, en la parte nueva del local social de Can Gordei.\u00a0<\/p>\n\n\n\n<p>La plantaci\u00f3n de flores y hierbas arom\u00e1ticas ha quedado aplazada por la situaci\u00f3n meteorol\u00f3gica. Pr\u00f3ximamente, os anunciaremos la nueva fecha.&nbsp;<\/p>\n\n\n\n<p><\/p>\n","protected":false},"excerpt":{"rendered":"<p>Tot i la pluja, hem pogut pujar al dip\u00f2sit de Can Gordei, on el Jordi Romeu ha pintat un mural dedicat a la dona amb els materials que Aqualia li &hellip; <a href=\"https:\/\/bisbalpenedes.com\/web\/2022\/03\/08\/avui-sha-fet-una-visita-al-diposit-de-can-gordei-i-sha-llegit-el-manifest-del-dia-de-la-dona-la-plantacio-de-flors-i-herbes-aromatiques-al-local-social-ha-quedat-ajornada\/\" class=\"more-link\">Read More<\/a><\/p>\n","protected":false},"author":4,"featured_media":21165,"comment_status":"closed","ping_status":"closed","sticky":false,"template":"","format":"standard","meta":[],"categories":[2402,3851,8,3352],"tags":[4387,231,5090],"_links":{"self":[{"href":"https:\/\/bisbalpenedes.com\/web\/wp-json\/wp\/v2\/posts\/21164"}],"collection":[{"href":"https:\/\/bisbalpenedes.com\/web\/wp-json\/wp\/v2\/posts"}],"about":[{"href":"https:\/\/bisbalpenedes.com\/web\/wp-json\/wp\/v2\/types\/post"}],"author":[{"embeddable":true,"href":"https:\/\/bisbalpenedes.com\/web\/wp-json\/wp\/v2\/users\/4"}],"replies":[{"embeddable":true,"href":"https:\/\/bisbalpenedes.com\/web\/wp-json\/wp\/v2\/comments?post=21164"}],"version-history":[{"count":2,"href":"https:\/\/bisbalpenedes.com\/web\/wp-json\/wp\/v2\/posts\/21164\/revisions"}],"predecessor-version":[{"id":21167,"href":"https:\/\/bisbalpenedes.com\/web\/wp-json\/wp\/v2\/posts\/21164\/revisions\/21167"}],"wp:featuredmedia":[{"embeddable":true,"href":"https:\/\/bisbalpenedes.com\/web\/wp-json\/wp\/v2\/media\/21165"}],"wp:attachment":[{"href":"https:\/\/bisbalpenedes.com\/web\/wp-json\/wp\/v2\/media?parent=21164"}],"wp:term":[{"taxonomy":"category","embeddable":true,"href":"https:\/\/bisbalpenedes.com\/web\/wp-json\/wp\/v2\/categories?post=21164"},{"taxonomy":"post_tag","embeddable":true,"href":"https:\/\/bisbalpenedes.com\/web\/wp-json\/wp\/v2\/tags?post=21164"}],"curies":[{"name":"wp","href":"https:\/\/api.w.org\/{rel}","templated":true}]}}