{"id":21146,"date":"2022-03-07T20:27:41","date_gmt":"2022-03-07T18:27:41","guid":{"rendered":"https:\/\/bisbalpenedes.com\/web\/?p=21146"},"modified":"2022-03-07T20:27:41","modified_gmt":"2022-03-07T18:27:41","slug":"lajuntament-presenta-allegacions-a-lautoritzacio-administrativa-previa-i-declaracio-dimpacte-ambiental-del-projecte-peol-540-ac","status":"publish","type":"post","link":"https:\/\/bisbalpenedes.com\/web\/2022\/03\/07\/lajuntament-presenta-allegacions-a-lautoritzacio-administrativa-previa-i-declaracio-dimpacte-ambiental-del-projecte-peol-540-ac\/","title":{"rendered":"L&#8217;Ajuntament presenta al\u00b7legacions a l&#8217;autoritzaci\u00f3 administrativa pr\u00e8via i declaraci\u00f3 d&#8217;impacte ambiental del projecte PEol-540 AC"},"content":{"rendered":"\n<p>L&#8217;Ajuntament de la Bisbal del Pened\u00e8s ha presentat al\u00b7legacions a l&#8217;autoritzaci\u00f3 administrativa pr\u00e8via i declaraci\u00f3 d&#8217;Impacte Ambiental del projecte PEol-540 AC que compr\u00e8n els parcs e\u00f2lics CERBERO, MENECIO, OALAS, PERSES, ODISEO, SELENE i CRET\u00d3N i les seves infraestructures, al seu pas pel municipi. El 17 de gener l&#8217;Ajuntament de la Bisbal del Pened\u00e8s va rebre una entrada de documentaci\u00f3, per registre, de la subdelegaci\u00f3 del Govern a Barcelona -des de la seva \u00e0rea funcional d&#8217;Ind\u00fastria i Energia- sol\u00b7licitant que, en un termini de 30 dies, s&#8217;inform\u00e9s sobre la conformitat, oposici\u00f3 o objeccions a la instal\u00b7laci\u00f3 el\u00e8ctrica projectada.<\/p>\n\n\n\n<p>L&#8217;Ajuntament de la Bisbal s&#8217;oposa al projecte, tal com va fer amb el projecte de la MAT, que es va presentar l&#8217;any passat, perqu\u00e8 es tracta d&#8217;una nova l\u00ednia de transport energ\u00e8tic que no ha tingut en compte el territori i que pret\u00e9n instal\u00b7lar 6 torres de m\u00e9s de 50 metres d&#8217;al\u00e7ada a la Bisbal del Pened\u00e8s. A m\u00e9s, la sol\u00b7licita una empresa privada, la qual cosa est\u00e0 fora de les seves compet\u00e8ncies, segons ha explicat l&#8217;alcaldessa de la Bisbal del Pened\u00e8s, Agn\u00e8s Ferr\u00e9. D&#8217;altra banda, la l\u00ednia \u00e9s per portar energia renovable de l&#8217;Arag\u00f3 fins a l&#8217;\u00e0rea metropolitana, sense deixar cap mena de benefici al territori que, quedaria trinxat i, fins i tot, passaria per s\u00f2l de protecci\u00f3 especial.<\/p>\n\n\n\n<p>Concretament, l&#8217;Ajuntament de la Bisbal del Pened\u00e8s ha presentat les seg\u00fcents al\u00b7legacions:<\/p>\n\n\n\n<ul><li>Les l\u00ednies de transport primari tenen com a transportista energ\u00e8tic \u00fanic REE,SA. Per tant, no es poden projectar l\u00ednies de transport que estan fora de les compet\u00e8ncies de qui les projecta.<\/li><li>La nova proposta de producci\u00f3 d&#8217;energies renovables \u00e9s un sistema de producci\u00f3 centralitzat, on es transporta energia produ\u00efda a llarga dist\u00e0ncia, sense aprofitar espais ja ocupats per aquestes infraestructures i sense proposar models energ\u00e8tics distribu\u00efts, que aprofiten superf\u00edcie que no t\u00e9 inter\u00e8s mediambiental o social.<\/li><li>La nova l\u00ednia plantejada no est\u00e0 dins de les propostes de la planificaci\u00f3 de la xarxa de transport d&#8217;energia el\u00e8ctrica per al per\u00edode 2021-2026.<\/li><li>El tra\u00e7at proposat dins del terme municipal de la Bisbal del Pened\u00e8s est\u00e0 dins de s\u00f2l de protecci\u00f3 especial i, per tant, s&#8217;ha d&#8217;evitar interferir en els connectors ecol\u00f2gics, corredors hidrogr\u00e0fics, i els elements singulars de patrimoni natural i cultural.<\/li><\/ul>\n\n\n\n<p>El projecte al que s&#8217;oposa l&#8217;Ajuntament de la Bisbal del Pened\u00e8s \u00e9s un nou projecte de l&#8217;empresa Forestalia que planteja portar energia des de parcs e\u00f2lics de l&#8217;Arag\u00f3 fins a l&#8217;\u00e0rea metropolitana de Barcelona, utilitzant el territori com a zona de pas. Es tracta d&#8217;una l\u00ednia a\u00e8ria d&#8217;alta tensi\u00f3 (LAAT) a 400 kV,\u00a0 que va des de la torre d&#8217;alta tensi\u00f3 416 (l\u00ednia projectada Valmuel Begues &#8211; CS Promotores Begues) fins a la SET Garraf a Vilanova i la Geltr\u00fa. La l\u00ednia t\u00e9 una longitud de 20,82 km i afecta els termes municipals de la Bisbal del Pened\u00e8s, Lloren\u00e7 del Pened\u00e8s, Banyeres del Pened\u00e8s, Bellvei, Castellet i la Gornal, Cubelles i Vilanova i la Geltr\u00fa. D&#8217;aquests quil\u00f2metres de l\u00ednia, 2,02km estan dins del terme municipal de la Bisbal del Pened\u00e8s i corresponen a 6 torres d&#8217;alta tensi\u00f3.<\/p>\n\n\n\n<hr class=\"wp-block-separator\"\/>\n\n\n\n<p>CASTELLANO | El Ayuntamiento de la Bisbal del Pened\u00e8s ha presentado alegaciones a la autorizaci\u00f3n administrativa previa y declaraci\u00f3n de Impacto Ambiental del proyecto PEol-540 AC que comprende los parques e\u00f3licos CERBERO, MENECIO, OALAS, PERSES, ODIESO, SELENE y CRET\u00d3N y sus infraestructuras, a su paso por el municipio. El 17 de enero el Ayuntamiento de la Bisbal del Pened\u00e8s recibi\u00f3 una entrada de documentaci\u00f3n, por registro, de la subdelegaci\u00f3n del Gobierno en Barcelona -desde su \u00e1rea funcional de Industria y Energ\u00eda- solicitando que, en un plazo de 30 d\u00edas, se informase sobre la conformidad, oposici\u00f3n u objeciones a la instalaci\u00f3n el\u00e9ctrica proyectada.<\/p>\n\n\n\n<p>El Ayuntamiento de la Bisbal se opone al proyecto, tal como hizo con el proyecto de la MAT, que se present\u00f3 el a\u00f1o pasado, porque se trata de una nueva l\u00ednea de transporte energ\u00e9tico que no ha tenido en cuenta el territorio y que pretende instalar 6 torres de m\u00e1s de 50 metros de altura en la Bisbal del Pened\u00e8s. Adem\u00e1s, la solicita una empresa privada, la cual cosa est\u00e1 fuera de sus competencias, seg\u00fan ha explicado la alcaldesa de la Bisbal del Pened\u00e8s, Agn\u00e8s Ferr\u00e9. Por otro lado, la l\u00ednea es para llevar energ\u00eda renovable de Arag\u00f3n hasta el \u00e1rea metropolitana, sin dejar ning\u00fan tipo de beneficio en el territorio, que quedar\u00eda trinchado e, incluso, pasar\u00eda por suelo de protecci\u00f3n especial.<\/p>\n\n\n\n<p>Concretamente, el Ayuntamiento de la Bisbal del Pened\u00e8s ha presentado las siguientes alegaciones:<\/p>\n\n\n\n<ul><li>Las l\u00edneas de transporte primario tienen como transportista energ\u00e9tico \u00fanico REE,SA. Por lo tanto, no se pueden proyectar l\u00edneas de transporte que est\u00e1n fuera de las competencias de quien las proyecta.<\/li><li>La nueva propuesta de producci\u00f3n de energ\u00edas renovables es un sistema de producci\u00f3n centralizado, donde se transporta energ\u00eda producida a larga distancia, sin aprovechar espacios ya ocupados por estas infraestructuras y sin proponer modelos energ\u00e9ticos distribuidos, que aprovechan superficie que no tiene inter\u00e9s medioambiental o social.<\/li><li>La nueva l\u00ednea plantada no est\u00e1 dentro de las propuestas de planificaci\u00f3n de la red de transporte de energ\u00eda el\u00e9ctrica para el periodo 2021-2026.<\/li><li>El trazado planteado dentro del t\u00e9rmino municipal de la Bisbal del Pened\u00e8s est\u00e1 dentro de suelo de protecci\u00f3n especial y, por lo tanto, se tiene que evitar interferir en los conectores ecol\u00f3gicos, corredores hidrogr\u00e1ficos, y los elementos singulares de patrimonio natural y cultural.<\/li><\/ul>\n\n\n\n<p>El proyecto al que se opone el Ayuntamiento de la Bisbal del Pened\u00e8s es un nuevo proyecto de la empresa Forestalia que plantea llevar energ\u00eda desde parques e\u00f3licos de Arag\u00f3n hasta el \u00e1rea metropolitana de Barcelona, utilizando el territorio como zona de paso. Se trata de una l\u00ednea a\u00e9rea de alta tensi\u00f3n (LAAT) a 400 kV, que va desde la torre de alta tensi\u00f3n 416 (l\u00ednea proyectada Valmuel Begues &#8211; CS Promotores Begues) hasta la SET Garraf a Vilanova i la Geltr\u00fa. La L\u00ednea tiene una longitud de 20,82km y afecta a los t\u00e9rminos municipales de la Bisbal del Pened\u00e8s, Lloren\u00e7 del Pened\u00e8s, Banyeres del Pened\u00e8s, Bellvei, Castellet i la Gornal, Cubelles y Vilanova i la Geltr\u00fa. De estos quil\u00f3metros de l\u00ednea, 2,02km est\u00e1n dentro del t\u00e9rmino municipal de la Bisbal del Pened\u00e8s y corresponden a 6 torres de alta tensi\u00f3n.<\/p>\n","protected":false},"excerpt":{"rendered":"<p>L&#8217;Ajuntament de la Bisbal del Pened\u00e8s ha presentat al\u00b7legacions a l&#8217;autoritzaci\u00f3 administrativa pr\u00e8via i declaraci\u00f3 d&#8217;Impacte Ambiental del projecte PEol-540 AC que compr\u00e8n els parcs e\u00f2lics CERBERO, MENECIO, OALAS, PERSES, &hellip; <a href=\"https:\/\/bisbalpenedes.com\/web\/2022\/03\/07\/lajuntament-presenta-allegacions-a-lautoritzacio-administrativa-previa-i-declaracio-dimpacte-ambiental-del-projecte-peol-540-ac\/\" class=\"more-link\">Read More<\/a><\/p>\n","protected":false},"author":4,"featured_media":21148,"comment_status":"closed","ping_status":"closed","sticky":false,"template":"","format":"standard","meta":[],"categories":[2402,8],"tags":[393,220,5133,325,5134],"_links":{"self":[{"href":"https:\/\/bisbalpenedes.com\/web\/wp-json\/wp\/v2\/posts\/21146"}],"collection":[{"href":"https:\/\/bisbalpenedes.com\/web\/wp-json\/wp\/v2\/posts"}],"about":[{"href":"https:\/\/bisbalpenedes.com\/web\/wp-json\/wp\/v2\/types\/post"}],"author":[{"embeddable":true,"href":"https:\/\/bisbalpenedes.com\/web\/wp-json\/wp\/v2\/users\/4"}],"replies":[{"embeddable":true,"href":"https:\/\/bisbalpenedes.com\/web\/wp-json\/wp\/v2\/comments?post=21146"}],"version-history":[{"count":2,"href":"https:\/\/bisbalpenedes.com\/web\/wp-json\/wp\/v2\/posts\/21146\/revisions"}],"predecessor-version":[{"id":21149,"href":"https:\/\/bisbalpenedes.com\/web\/wp-json\/wp\/v2\/posts\/21146\/revisions\/21149"}],"wp:featuredmedia":[{"embeddable":true,"href":"https:\/\/bisbalpenedes.com\/web\/wp-json\/wp\/v2\/media\/21148"}],"wp:attachment":[{"href":"https:\/\/bisbalpenedes.com\/web\/wp-json\/wp\/v2\/media?parent=21146"}],"wp:term":[{"taxonomy":"category","embeddable":true,"href":"https:\/\/bisbalpenedes.com\/web\/wp-json\/wp\/v2\/categories?post=21146"},{"taxonomy":"post_tag","embeddable":true,"href":"https:\/\/bisbalpenedes.com\/web\/wp-json\/wp\/v2\/tags?post=21146"}],"curies":[{"name":"wp","href":"https:\/\/api.w.org\/{rel}","templated":true}]}}