{"id":2114,"date":"2017-03-18T18:02:46","date_gmt":"2017-03-18T12:02:46","guid":{"rendered":"http:\/\/bisbalpenedes.com\/web\/?p=2114"},"modified":"2017-03-18T18:02:46","modified_gmt":"2017-03-18T12:02:46","slug":"la-bisbal-tornara-a-fer-el-casal-destiu-amb-la-ballaruga","status":"publish","type":"post","link":"https:\/\/bisbalpenedes.com\/web\/2017\/03\/18\/la-bisbal-tornara-a-fer-el-casal-destiu-amb-la-ballaruga\/","title":{"rendered":"La Bisbal tornar\u00e0 a fer el Casal d\u2019Estiu amb La Ballaruga"},"content":{"rendered":"<p><a href=\"http:\/\/bisbalpenedes.com\/web\/wp-content\/uploads\/2017\/03\/11700866_1596166197313277_3291396035693319360_n-1.jpg\"><img loading=\"lazy\" class=\"size-medium wp-image-2116 aligncenter\" title=\"11700866_1596166197313277_3291396035693319360_n (1)\" src=\"http:\/\/bisbalpenedes.com\/web\/wp-content\/uploads\/2017\/03\/11700866_1596166197313277_3291396035693319360_n-1-300x225.jpg\" alt=\"\" width=\"300\" height=\"225\" srcset=\"https:\/\/bisbalpenedes.com\/web\/wp-content\/uploads\/2017\/03\/11700866_1596166197313277_3291396035693319360_n-1-300x225.jpg 300w, https:\/\/bisbalpenedes.com\/web\/wp-content\/uploads\/2017\/03\/11700866_1596166197313277_3291396035693319360_n-1-600x450.jpg 600w, https:\/\/bisbalpenedes.com\/web\/wp-content\/uploads\/2017\/03\/11700866_1596166197313277_3291396035693319360_n-1.jpg 960w\" sizes=\"(max-width: 300px) 100vw, 300px\" \/><\/a><\/p>\n<p>Enguany, el Casal d\u2019Estiu tornar\u00e0 a comptar amb l\u2019organitzaci\u00f3 i gesti\u00f3 per part de l\u2019entitat vendrellenca La Ballaruga. Aix\u00ed ho ha decidit la Junta de Govern que ha decidit prorrogar el contracte de l\u2019any passat pel 2017 pel mateix import 21.822,15\u20ac (m\u00e9s IVA) el que suposar\u00e0 que els preus i les condicions seran les mateixes que les de l\u2019any 2016. S\u2019ha decidit que el Casal d\u2019Estiu funcioni com l\u2019any passat perqu\u00e8 el balan\u00e7 que es va fer des de l\u2019Ajuntament en acabar el Casal, va ser positiu i tant les mares, pares i tutors com els infants van quedar contents. Est\u00e0 previst que el\u00a0 Casal d\u2019Estiu d\u2019enguany comenci el seg\u00fcent dilluns de juny des que acaba l\u2019escola i que s\u2019allargui fins al divendres previ a l\u2019inici del curs escolar, al setembre. S\u2019hi podran apuntar nens i nenes de 3 a 10 anys i joves d\u201911 a 16 anys.<\/p>\n<p><strong>La Ballaruga<\/strong><\/p>\n<p>La Ballaruga (Associaci\u00f3 Grup d\u2019Entitats El Vendrell Educaci\u00f3 i Lleure) va n\u00e9ixer amb la finalitat de cobrir les demandes espec\u00edfiques de les fam\u00edlies amb infants i per treballar en l\u2019\u00e0mbit del lleure educatiu i les activitats extraescolars, amb l\u2019objectiu de treballar el respecte a la diversitat, les llibertats individuals, la integraci\u00f3 dels nouvinguts i la inclusi\u00f3 social.<\/p>\n<p>A l\u2019enlla\u00e7 trobareu un v\u00eddeo del Casal d\u2019estiu de l\u2019any passat:<\/p>\n<p><a href=\"https:\/\/www.youtube.com\/watch?v=Ph8D815SGIM\">https:\/\/www.youtube.com\/watch?v=Ph8D815SGIM<\/a><\/p>\n<p>Podeu trobar\u00a0 m\u00e9s informaci\u00f3 sobre l\u2019entitat a\u00a0 <a href=\"http:\/\/www.laballaruga.org\/\">http:\/\/www.laballaruga.org\/<\/a><\/p>\n<p>&nbsp;<\/p>\n<p>Font de la fotografia: La Ballaruga<\/p>\n","protected":false},"excerpt":{"rendered":"<p>Enguany, el Casal d\u2019Estiu tornar\u00e0 a comptar amb l\u2019organitzaci\u00f3 i gesti\u00f3 per part de l\u2019entitat vendrellenca La Ballaruga. Aix\u00ed ho ha decidit la Junta de Govern que ha decidit prorrogar &hellip; <a href=\"https:\/\/bisbalpenedes.com\/web\/2017\/03\/18\/la-bisbal-tornara-a-fer-el-casal-destiu-amb-la-ballaruga\/\" class=\"more-link\">Read More<\/a><\/p>\n","protected":false},"author":4,"featured_media":2115,"comment_status":"closed","ping_status":"closed","sticky":false,"template":"","format":"standard","meta":[],"categories":[8],"tags":[244,109,181,245],"_links":{"self":[{"href":"https:\/\/bisbalpenedes.com\/web\/wp-json\/wp\/v2\/posts\/2114"}],"collection":[{"href":"https:\/\/bisbalpenedes.com\/web\/wp-json\/wp\/v2\/posts"}],"about":[{"href":"https:\/\/bisbalpenedes.com\/web\/wp-json\/wp\/v2\/types\/post"}],"author":[{"embeddable":true,"href":"https:\/\/bisbalpenedes.com\/web\/wp-json\/wp\/v2\/users\/4"}],"replies":[{"embeddable":true,"href":"https:\/\/bisbalpenedes.com\/web\/wp-json\/wp\/v2\/comments?post=2114"}],"version-history":[{"count":2,"href":"https:\/\/bisbalpenedes.com\/web\/wp-json\/wp\/v2\/posts\/2114\/revisions"}],"predecessor-version":[{"id":2118,"href":"https:\/\/bisbalpenedes.com\/web\/wp-json\/wp\/v2\/posts\/2114\/revisions\/2118"}],"wp:featuredmedia":[{"embeddable":true,"href":"https:\/\/bisbalpenedes.com\/web\/wp-json\/wp\/v2\/media\/2115"}],"wp:attachment":[{"href":"https:\/\/bisbalpenedes.com\/web\/wp-json\/wp\/v2\/media?parent=2114"}],"wp:term":[{"taxonomy":"category","embeddable":true,"href":"https:\/\/bisbalpenedes.com\/web\/wp-json\/wp\/v2\/categories?post=2114"},{"taxonomy":"post_tag","embeddable":true,"href":"https:\/\/bisbalpenedes.com\/web\/wp-json\/wp\/v2\/tags?post=2114"}],"curies":[{"name":"wp","href":"https:\/\/api.w.org\/{rel}","templated":true}]}}