{"id":21122,"date":"2022-03-04T20:38:14","date_gmt":"2022-03-04T18:38:14","guid":{"rendered":"https:\/\/bisbalpenedes.com\/web\/?p=21122"},"modified":"2022-03-04T20:38:14","modified_gmt":"2022-03-04T18:38:14","slug":"els-alcaldes-i-alcaldesses-de-la-comarca-es-van-reunir-amb-representants-de-la-generalitat-de-catalunya-la-setmana-passada","status":"publish","type":"post","link":"https:\/\/bisbalpenedes.com\/web\/2022\/03\/04\/els-alcaldes-i-alcaldesses-de-la-comarca-es-van-reunir-amb-representants-de-la-generalitat-de-catalunya-la-setmana-passada\/","title":{"rendered":"Els alcaldes i alcaldesses de la comarca es van reunir amb representants de la Generalitat de Catalunya la setmana passada"},"content":{"rendered":"\n<p>Els alcaldes i alcaldesses de la comarca es van reunir, el passat divendres 25 de febrer, amb diversos representants de la Generalitat de Catalunya per preparar la propera visita institucional amb la Consellera de Presid\u00e8ncia, despr\u00e9s de la visita de les alcaldies de la comarca que es va dur a terme durant la tardor de 2021.<\/p>\n\n\n\n<p>La reuni\u00f3 va comptar amb la pres\u00e8ncia de David Rodr\u00edguez, secretari de Governs locals i Relacions amb l&#8217;Aran; Montserrat Fornells, directora general d&#8217;Administracions locals; Oriol Ramon, assessor en l&#8217;\u00e0mbit del m\u00f3n local de la Secretaria de Governs Locals i Relacions amb l&#8217;Aran; David Alqu\u00e9zar, delegat territorial del Govern de la Generalitat al Pened\u00e8s; i \u00c0ngel Cortadelles, director dels SSTT a Tarragona. Els diferents representants van donar resposta -des de cadascun dels departaments- a les demandes realitzades pels alcaldes i alcaldesses, l&#8217;any passat, i van informar sobre quin \u00e9s l&#8217;estat actual d&#8217;aquestes q\u00fcestions i quina previsi\u00f3 hi ha de dur-les a terme.<\/p>\n\n\n\n<p>L&#8217;alcaldessa de la Bisbal del Pened\u00e8s, Agn\u00e8s Ferr\u00e9, considera que &#8220;seguim avan\u00e7ant per aconseguir acords i objectius importants per la nostra comarca. Necessitem que la Generalitat ens&nbsp;escolti i destini els recursos que ens manquen. Hem crescut en poblaci\u00f3 i seguim creixent, per\u00f2 els serveis de sanitat, ensenyament, etc no s&#8217;adeq\u00fcen a la poblaci\u00f3 actual, fa falta l&#8217;ampliaci\u00f3 de l&#8217;hospital, m\u00e9s dotacions de Mossos i bombers, m\u00e9s places de m\u00f2duls formatius&#8230; i seguirem treballant per aconseguir-ho. El Baix Pened\u00e8s EXISTEIX!&#8221;<\/p>\n\n\n\n<hr class=\"wp-block-separator\"\/>\n\n\n\n<p>Los alcaldes y alcaldesas de la comarca se reunieron, el pasado viernes 25 de febrero, con varios representantes de la Generalitat de Catalunya para preparar la pr\u00f3xima visita institucional con la Consejera de Presidencia, despu\u00e9s de la visita de las alcald\u00edas de la comarca que se llev\u00f3 a cabo durante el oto\u00f1o del 2021.<\/p>\n\n\n\n<p>La reuni\u00f3n cont\u00f3 con la presencia de David Rodr\u00edguez, secretario de Gobiernos locales y Relaciones con Aran; Montserrat Fornells, directora general de Adminstraciones locales; Oriol Ramon, asesor en el \u00e1mbito del mundo local de la Secretar\u00eda de Gobiernos Locales y Relaciones con el Aran; David Alqu\u00e9zar, delegado territorial del Gobierno de la Generalitat en el Pened\u00e8s; y \u00c0ngel Cortadelles, director de los SSTT en Tarragona. Los distintos representantes dieron respuesta -desde cada uno de los departamentos- a las demandas realizadas por los alcaldes y alcaldesas, el a\u00f1o pasado, e informaron sobre cu\u00e1l es el estado actual de estas cuestiones y qu\u00e9 previsi\u00f3n hay de llevarlas a cabo.<\/p>\n\n\n\n<p>La alcaldesa de la Bisbal del Pened\u00e8s, Agn\u00e8s Ferr\u00e9, considera que &#8220;seguimos avanzando para conseguir acuerdos y objetivos importantes para nuestra comarca. Necesitamos que la Generalitat nos escuche y destine los recursos que nos faltan. Hemos crecido en poblaci\u00f3n y seguimos creciendo, pero los servicios de sanidad, educaci\u00f3n, etc. no se adecuan a la poblaci\u00f3n actual, es necesaria la ampliaci\u00f3n del hospital, m\u00e1s dotaciones de Mossos y bomberos, m\u00e1s plazas de m\u00f3dulos formativos&#8230; y seguiremos trabajando para conseguirlo. \u00a1El Baix Pened\u00e8s EXISTE!&#8221;<\/p>\n","protected":false},"excerpt":{"rendered":"<p>Els alcaldes i alcaldesses de la comarca es van reunir, el passat divendres 25 de febrer, amb diversos representants de la Generalitat de Catalunya per preparar la propera visita institucional &hellip; <a href=\"https:\/\/bisbalpenedes.com\/web\/2022\/03\/04\/els-alcaldes-i-alcaldesses-de-la-comarca-es-van-reunir-amb-representants-de-la-generalitat-de-catalunya-la-setmana-passada\/\" class=\"more-link\">Read More<\/a><\/p>\n","protected":false},"author":4,"featured_media":21123,"comment_status":"closed","ping_status":"closed","sticky":false,"template":"","format":"standard","meta":[],"categories":[2057,8],"tags":[459,865,393],"_links":{"self":[{"href":"https:\/\/bisbalpenedes.com\/web\/wp-json\/wp\/v2\/posts\/21122"}],"collection":[{"href":"https:\/\/bisbalpenedes.com\/web\/wp-json\/wp\/v2\/posts"}],"about":[{"href":"https:\/\/bisbalpenedes.com\/web\/wp-json\/wp\/v2\/types\/post"}],"author":[{"embeddable":true,"href":"https:\/\/bisbalpenedes.com\/web\/wp-json\/wp\/v2\/users\/4"}],"replies":[{"embeddable":true,"href":"https:\/\/bisbalpenedes.com\/web\/wp-json\/wp\/v2\/comments?post=21122"}],"version-history":[{"count":1,"href":"https:\/\/bisbalpenedes.com\/web\/wp-json\/wp\/v2\/posts\/21122\/revisions"}],"predecessor-version":[{"id":21124,"href":"https:\/\/bisbalpenedes.com\/web\/wp-json\/wp\/v2\/posts\/21122\/revisions\/21124"}],"wp:featuredmedia":[{"embeddable":true,"href":"https:\/\/bisbalpenedes.com\/web\/wp-json\/wp\/v2\/media\/21123"}],"wp:attachment":[{"href":"https:\/\/bisbalpenedes.com\/web\/wp-json\/wp\/v2\/media?parent=21122"}],"wp:term":[{"taxonomy":"category","embeddable":true,"href":"https:\/\/bisbalpenedes.com\/web\/wp-json\/wp\/v2\/categories?post=21122"},{"taxonomy":"post_tag","embeddable":true,"href":"https:\/\/bisbalpenedes.com\/web\/wp-json\/wp\/v2\/tags?post=21122"}],"curies":[{"name":"wp","href":"https:\/\/api.w.org\/{rel}","templated":true}]}}