{"id":21113,"date":"2022-03-04T12:57:44","date_gmt":"2022-03-04T10:57:44","guid":{"rendered":"https:\/\/bisbalpenedes.com\/web\/?p=21113"},"modified":"2022-03-17T13:32:07","modified_gmt":"2022-03-17T11:32:07","slug":"el-diumenge-27-de-marc-el-cmc-acollira-la-projeccio-de-la-pellicula-sis-dies-corrents-del-cicle-gaudi","status":"publish","type":"post","link":"https:\/\/bisbalpenedes.com\/web\/2022\/03\/04\/el-diumenge-27-de-marc-el-cmc-acollira-la-projeccio-de-la-pellicula-sis-dies-corrents-del-cicle-gaudi\/","title":{"rendered":"El diumenge 27 de mar\u00e7 el CMC acollir\u00e0 la projecci\u00f3 de la pel\u00b7l\u00edcula &#8220;Sis dies corrents&#8221; del Cicle Gaud\u00ed"},"content":{"rendered":"\n<p>Aquest mes de mar\u00e7 projectarem una pel\u00b7l\u00edcula amb diversos premis i mencions en festivals de cinema. Es tracta del llargmetratge <strong>&#8220;Sis dies corrents&#8221;<\/strong>, dirigit per Neus Ball\u00fas. Com \u00e9s habitual, es projectar\u00e0 a <strong>l&#8217;Auditori Salb\u00e0 del CMC.<\/strong> La projecci\u00f3 tindr\u00e0 lloc el <strong>diumenge 27 de mar\u00e7, a les 18h,<\/strong> i les entrades tenen un preu de 4,5\u20ac -o 3\u20ac presentant el carnet de la Biblioteca P\u00fablica de la Bisbal del Pened\u00e8s.<\/p>\n\n\n\n<p>La recaptaci\u00f3 de les entrades va a parar a l&#8217;entitat que gestiona la venda de les entrades i, l&#8217;ordre, es decideix per sorteig. Aquest mes \u00e9s el torn de l&#8217;Associaci\u00f3 de Dones La Roca Foradada.<\/p>\n\n\n\n<p><strong>FITXA T\u00c8CNICA:<\/strong><\/p>\n\n\n\n<ul><li>Direcci\u00f3: Neus Ball\u00fas<\/li><li>Gui\u00f3: Neus Ball\u00fas, Margarita Melgar<\/li><li>Direcci\u00f3 de fotografia: Anna Molins<\/li><li>Estrena: Octubre de 2021<\/li><li>Durada: 85 min.<\/li><li>G\u00e8nere: Com\u00e8dia<\/li><li>Int\u00e8rprets: Valero Escolar, Mohamed Mellali, Pep Sarr\u00e0, Pau Ferran<\/li><\/ul>\n\n\n\n<figure class=\"wp-block-embed is-type-video is-provider-youtube wp-block-embed-youtube wp-embed-aspect-16-9 wp-has-aspect-ratio\"><div class=\"wp-block-embed__wrapper\">\n<iframe loading=\"lazy\" title=\"Parlem amb Neus Ball\u00fas - &quot;Sis dies corrents&quot;\" width=\"1170\" height=\"658\" src=\"https:\/\/www.youtube.com\/embed\/XzfF8Vtm6bI?feature=oembed\" frameborder=\"0\" allow=\"accelerometer; autoplay; clipboard-write; encrypted-media; gyroscope; picture-in-picture\" allowfullscreen><\/iframe>\n<\/div><\/figure>\n\n\n\n<p><strong>SINOPSI:<\/strong><\/p>\n\n\n\n<p>Valero, Moha i Pep s\u00f3n treballadors d&#8217;una petita empresa de fontaneria i electricitat als afores de Barcelona. &#8220;Sis dies corrents&#8221; narra com \u00e9s una setmana de les seves vides i les viv\u00e8ncies que hi ha al darrere de cada reparaci\u00f3 que s&#8217;estableix entre els operaris i els seus clients. Una com\u00e8dia tendra, natural i plena de carisma.<\/p>\n\n\n\n<figure class=\"wp-block-embed is-type-video is-provider-youtube wp-block-embed-youtube wp-embed-aspect-16-9 wp-has-aspect-ratio\"><div class=\"wp-block-embed__wrapper\">\n<iframe loading=\"lazy\" title=\"Cicle Gaud\u00ed: &quot;Sis dies corrents&quot;\" width=\"1170\" height=\"658\" src=\"https:\/\/www.youtube.com\/embed\/KNGe2af_Dq0?feature=oembed\" frameborder=\"0\" allow=\"accelerometer; autoplay; clipboard-write; encrypted-media; gyroscope; picture-in-picture\" allowfullscreen><\/iframe>\n<\/div><\/figure>\n\n\n\n<p><strong>PREMIS:<\/strong><\/p>\n\n\n\n<ul><li>Festival Internacional de Cine de Locarno 2021: Premi a la millor interpretaci\u00f3 masculina ex aequo per Mohamed Mellali i Valero Escolar i Premi Europa Cinemas Label. Menci\u00f3 especial del jurat jove independent.<\/li><li>66a Semana Internacional de Cine de Valladolid &#8211; SEMINCI: espiga de plata a la millor pel\u00b7l\u00edcula. Premi del p\u00fablic.<\/li><li>Festival del Cine y la Palabra de Toledo (CIBRA): premi del p\u00fablic.<\/li><li>Premis Gaud\u00ed, 5 premis: Millor pel\u00b7l\u00edcula, millor direcci\u00f3, millor protagonista mascul\u00ed, millor actor secundari i millor muntatge. <\/li><\/ul>\n\n\n\n<hr class=\"wp-block-separator\"\/>\n\n\n\n<p><strong>CASTELLANO |<\/strong> Este mes de marzo proyectaremos una pel\u00edcula con varios premios y menciones en festivales de cine. Se trata del largometraje <strong>&#8220;Seis d\u00edas corrientes&#8221;,<\/strong> dirigido por Neus Ball\u00fas. Como es habitual, se proyectar\u00e1 en el A<strong>uditorio Salb\u00e0 del CMC.<\/strong> La proyecci\u00f3n tendr\u00e1 lugar el <strong>domingo 27 de marzo, a las 18h<\/strong>, y las entradas tienen un precio de 4,5\u20ac -o 3\u20ac presentando el carn\u00e9 de la Biblioteca P\u00fablica de la Bisbal del Pened\u00e8s.<\/p>\n\n\n\n<p>La recaudaci\u00f3n de las entradas va a parar a la entidad que gestiona la venta de las entradas y, el orden, se decide por sorteo. Este mes es el turno de la Associaci\u00f3 de Dones La Roca Foradada.<\/p>\n\n\n\n<p><strong>FICHA T\u00c9CNICA<\/strong><\/p>\n\n\n\n<ul><li>Direcci\u00f3n: Neus Ball\u00fas<\/li><li>Gui\u00f3n: Neus Ball\u00fas, Margarita Melgar<\/li><li>Direcci\u00f3n de fotograf\u00eda: Anna Molins<\/li><li>Estreno: Octubre de 2021<\/li><li>Duraci\u00f3n: 85 min.<\/li><li>G\u00e9nero: Comedia<\/li><li>Int\u00e9rpretes: Valero Escolar, Mohamed Mellali, Pep Sarr\u00e0, Pau Ferran<\/li><\/ul>\n\n\n\n<figure class=\"wp-block-embed is-type-video is-provider-youtube wp-block-embed-youtube wp-embed-aspect-16-9 wp-has-aspect-ratio\"><div class=\"wp-block-embed__wrapper\">\n<iframe loading=\"lazy\" title=\"Parlem amb Neus Ball\u00fas - &quot;Sis dies corrents&quot;\" width=\"1170\" height=\"658\" src=\"https:\/\/www.youtube.com\/embed\/XzfF8Vtm6bI?feature=oembed\" frameborder=\"0\" allow=\"accelerometer; autoplay; clipboard-write; encrypted-media; gyroscope; picture-in-picture\" allowfullscreen><\/iframe>\n<\/div><\/figure>\n\n\n\n<p><strong>SINOPSIS<\/strong><\/p>\n\n\n\n<p>Valero, Moha y Pep son trabajadores de una peque\u00f1a empresa de fontaner\u00eda y electricidad de las afueras de Barcelona. &#8220;Sis dies corrents&#8221; narra c\u00f3mo es una semana de sus vidas y las vivencias que hay detr\u00e1s de cada reparaci\u00f3n que se establece entre los operarios y sus clientes. Una comedia tierna, natural y llena de carisma.<\/p>\n\n\n\n<figure class=\"wp-block-embed is-type-video is-provider-youtube wp-block-embed-youtube wp-embed-aspect-16-9 wp-has-aspect-ratio\"><div class=\"wp-block-embed__wrapper\">\n<iframe loading=\"lazy\" title=\"Cicle Gaud\u00ed: &quot;Sis dies corrents&quot;\" width=\"1170\" height=\"658\" src=\"https:\/\/www.youtube.com\/embed\/KNGe2af_Dq0?feature=oembed\" frameborder=\"0\" allow=\"accelerometer; autoplay; clipboard-write; encrypted-media; gyroscope; picture-in-picture\" allowfullscreen><\/iframe>\n<\/div><\/figure>\n\n\n\n<p><strong>PREMIOS:<\/strong><\/p>\n\n\n\n<ul><li>Festival Internacional de Cine de Locarno 2021: Premio a la mejor interpretaci\u00f3n masculina ex aequo para Mohamed Mellali y Valero Escolar y Premio Europa Cinemas Label. Menci\u00f3n especial del jurado joven independiente.<\/li><li>66a Semana internacional de Cine de Valladolid &#8211; SEMINCI: espiga de plata a la mejor pel\u00edcula. Premio del p\u00fablico.<\/li><li>Festival de Cine y la Palara de Toledo (CIBRA): premio del p\u00fablico.<\/li><li>Premis Gaud\u00ed, 5 premios: Mejor pel\u00edcula, mejor direcci\u00f3n, mejor protagonista masculino, mejor actor secundario y mejor montaje.<\/li><\/ul>\n\n\n\n<p><\/p>\n","protected":false},"excerpt":{"rendered":"<p>Aquest mes de mar\u00e7 projectarem una pel\u00b7l\u00edcula amb diversos premis i mencions en festivals de cinema. Es tracta del llargmetratge &#8220;Sis dies corrents&#8221;, dirigit per Neus Ball\u00fas. Com \u00e9s habitual, &hellip; <a href=\"https:\/\/bisbalpenedes.com\/web\/2022\/03\/04\/el-diumenge-27-de-marc-el-cmc-acollira-la-projeccio-de-la-pellicula-sis-dies-corrents-del-cicle-gaudi\/\" class=\"more-link\">Read More<\/a><\/p>\n","protected":false},"author":4,"featured_media":21115,"comment_status":"closed","ping_status":"closed","sticky":false,"template":"","format":"standard","meta":[],"categories":[2942,13,8],"tags":[2930,308,307,226,393,5128],"_links":{"self":[{"href":"https:\/\/bisbalpenedes.com\/web\/wp-json\/wp\/v2\/posts\/21113"}],"collection":[{"href":"https:\/\/bisbalpenedes.com\/web\/wp-json\/wp\/v2\/posts"}],"about":[{"href":"https:\/\/bisbalpenedes.com\/web\/wp-json\/wp\/v2\/types\/post"}],"author":[{"embeddable":true,"href":"https:\/\/bisbalpenedes.com\/web\/wp-json\/wp\/v2\/users\/4"}],"replies":[{"embeddable":true,"href":"https:\/\/bisbalpenedes.com\/web\/wp-json\/wp\/v2\/comments?post=21113"}],"version-history":[{"count":3,"href":"https:\/\/bisbalpenedes.com\/web\/wp-json\/wp\/v2\/posts\/21113\/revisions"}],"predecessor-version":[{"id":21273,"href":"https:\/\/bisbalpenedes.com\/web\/wp-json\/wp\/v2\/posts\/21113\/revisions\/21273"}],"wp:featuredmedia":[{"embeddable":true,"href":"https:\/\/bisbalpenedes.com\/web\/wp-json\/wp\/v2\/media\/21115"}],"wp:attachment":[{"href":"https:\/\/bisbalpenedes.com\/web\/wp-json\/wp\/v2\/media?parent=21113"}],"wp:term":[{"taxonomy":"category","embeddable":true,"href":"https:\/\/bisbalpenedes.com\/web\/wp-json\/wp\/v2\/categories?post=21113"},{"taxonomy":"post_tag","embeddable":true,"href":"https:\/\/bisbalpenedes.com\/web\/wp-json\/wp\/v2\/tags?post=21113"}],"curies":[{"name":"wp","href":"https:\/\/api.w.org\/{rel}","templated":true}]}}