{"id":21098,"date":"2022-03-02T22:41:36","date_gmt":"2022-03-02T20:41:36","guid":{"rendered":"https:\/\/bisbalpenedes.com\/web\/?p=21098"},"modified":"2022-03-02T22:41:36","modified_gmt":"2022-03-02T20:41:36","slug":"el-dimarts-8-de-marc-es-fara-una-visita-a-la-pintura-mural-que-sha-fet-al-diposit-de-can-gordei-amb-motiu-del-8m-es-llegira-el-manifest-del-dia-internacional-de-dones-i-es-fara-una-plantada-de-flor","status":"publish","type":"post","link":"https:\/\/bisbalpenedes.com\/web\/2022\/03\/02\/el-dimarts-8-de-marc-es-fara-una-visita-a-la-pintura-mural-que-sha-fet-al-diposit-de-can-gordei-amb-motiu-del-8m-es-llegira-el-manifest-del-dia-internacional-de-dones-i-es-fara-una-plantada-de-flor\/","title":{"rendered":"El dimarts 8 de mar\u00e7 es far\u00e0 una visita a la pintura mural que s&#8217;ha fet al dip\u00f2sit de Can Gordei amb motiu del 8M, es llegir\u00e0 el manifest del Dia Internacional de Dones i es far\u00e0 una plantada de flors al local social del barri"},"content":{"rendered":"\n<p>El dimarts 8 de mar\u00e7, a les 15.30h, es far\u00e0 una visita a la pintura que l\u2019artista Jordi Romeu ha fet al dip\u00f2sit de Can Gordei -ubicat a la part final del carrer del Bes\u00f2s- amb motiu del 8M. All\u00e0, es far\u00e0 la lectura del manifest del Dia Internacional de la Dona.<\/p>\n\n\n\n<p><br>En acabar, es far\u00e0 una plantada de flors a la zona esportiva del local social de Can Gordei.<\/p>\n\n\n\n<p><br>Aquests actes s\u2019organitzen des de l\u2019Ajuntament de la Bisbal del Pened\u00e8s amb el suport d\u2019Aqualia, que \u00e9s qui facilita tot el material per fer la pintura mural.<\/p>\n\n\n\n<hr class=\"wp-block-separator\"\/>\n\n\n\n<p>El martes 8 de marzo, a las 15.30h, se har\u00e1 una visita a la pintura que el artista Jordi Romeu ha hecho en el dep\u00f3sito de Can Gordei -ubicado en la parte final de la calle del Bes\u00f2s- con motivo del 8M. All\u00ed, se har\u00e1 la lectura del manifiesto del D\u00eda Internacional de la Mujer.<\/p>\n\n\n\n<p><br>Al finalizar, se har\u00e1 una plantaci\u00f3n de flores en la zona deportiva del local social de Can Gordei.<\/p>\n\n\n\n<p><br>Estos actos se organizan desde el Ayuntamiento de la Bisbal del Pened\u00e8s con el apoyo de Aqualia, que es quien facilita todo el material para hacer la pintura mural.<\/p>\n\n\n\n<p><br><\/p>\n","protected":false},"excerpt":{"rendered":"<p>El dimarts 8 de mar\u00e7, a les 15.30h, es far\u00e0 una visita a la pintura que l\u2019artista Jordi Romeu ha fet al dip\u00f2sit de Can Gordei -ubicat a la part &hellip; <a href=\"https:\/\/bisbalpenedes.com\/web\/2022\/03\/02\/el-dimarts-8-de-marc-es-fara-una-visita-a-la-pintura-mural-que-sha-fet-al-diposit-de-can-gordei-amb-motiu-del-8m-es-llegira-el-manifest-del-dia-internacional-de-dones-i-es-fara-una-plantada-de-flor\/\" class=\"more-link\">Read More<\/a><\/p>\n","protected":false},"author":4,"featured_media":21099,"comment_status":"closed","ping_status":"closed","sticky":false,"template":"","format":"standard","meta":[],"categories":[3851,8],"tags":[4387,649,198,5090,232,393],"_links":{"self":[{"href":"https:\/\/bisbalpenedes.com\/web\/wp-json\/wp\/v2\/posts\/21098"}],"collection":[{"href":"https:\/\/bisbalpenedes.com\/web\/wp-json\/wp\/v2\/posts"}],"about":[{"href":"https:\/\/bisbalpenedes.com\/web\/wp-json\/wp\/v2\/types\/post"}],"author":[{"embeddable":true,"href":"https:\/\/bisbalpenedes.com\/web\/wp-json\/wp\/v2\/users\/4"}],"replies":[{"embeddable":true,"href":"https:\/\/bisbalpenedes.com\/web\/wp-json\/wp\/v2\/comments?post=21098"}],"version-history":[{"count":1,"href":"https:\/\/bisbalpenedes.com\/web\/wp-json\/wp\/v2\/posts\/21098\/revisions"}],"predecessor-version":[{"id":21100,"href":"https:\/\/bisbalpenedes.com\/web\/wp-json\/wp\/v2\/posts\/21098\/revisions\/21100"}],"wp:featuredmedia":[{"embeddable":true,"href":"https:\/\/bisbalpenedes.com\/web\/wp-json\/wp\/v2\/media\/21099"}],"wp:attachment":[{"href":"https:\/\/bisbalpenedes.com\/web\/wp-json\/wp\/v2\/media?parent=21098"}],"wp:term":[{"taxonomy":"category","embeddable":true,"href":"https:\/\/bisbalpenedes.com\/web\/wp-json\/wp\/v2\/categories?post=21098"},{"taxonomy":"post_tag","embeddable":true,"href":"https:\/\/bisbalpenedes.com\/web\/wp-json\/wp\/v2\/tags?post=21098"}],"curies":[{"name":"wp","href":"https:\/\/api.w.org\/{rel}","templated":true}]}}