{"id":21082,"date":"2022-03-02T13:06:36","date_gmt":"2022-03-02T11:06:36","guid":{"rendered":"https:\/\/bisbalpenedes.com\/web\/?p=21082"},"modified":"2022-03-02T13:06:36","modified_gmt":"2022-03-02T11:06:36","slug":"la-primera-tinenta-dalcaldia-judith-vidal-ha-participat-en-una-tertulia-radiofonica-sobre-la-dona-amb-motiu-del-8m","status":"publish","type":"post","link":"https:\/\/bisbalpenedes.com\/web\/2022\/03\/02\/la-primera-tinenta-dalcaldia-judith-vidal-ha-participat-en-una-tertulia-radiofonica-sobre-la-dona-amb-motiu-del-8m\/","title":{"rendered":"La primera tinenta d&#8217;alcaldia -Judith Vidal- ha participat en una tert\u00falia radiof\u00f2nica sobre la dona amb motiu del 8M"},"content":{"rendered":"\n<p>La primera tinenta d\u2019alcaldia, Judith Vidal, ha participat en una tert\u00falia centrada en la figura de la dona i en els actes organitzats amb motiu del Dia Internacional de la dona, que s\u2019ha em\u00e8s a trav\u00e9s del programa de r\u00e0dio Pened\u00e8s en Xarxa, aquest dimecres, des de Domenys R\u00e0dio. Podeu escoltar-la:<\/p>\n\n\n\n<p>A partir del minut 44.50 en aquest enlla\u00e7:&nbsp;<a href=\"https:\/\/www.rtvvilafranca.cat\/programa\/penedes-en-xarxa\/f\/187594-20220301a\" target=\"_blank\" rel=\"noreferrer noopener\">https:\/\/www.rtvvilafranca.cat\/programa\/penedes-en-xarxa\/f\/187594-20220301a<\/a><\/p>\n\n\n\n<p>La segona part, des del primer minut, en aquest enlla\u00e7:&nbsp;<a href=\"https:\/\/www.rtvvilafranca.cat\/programa\/penedes-en-xarxa\/f\/187594-20220301b\">https:\/\/www.rtvvilafranca.cat\/programa\/penedes-en-xarxa\/f\/187594-20220301b<\/a><\/p>\n\n\n\n<hr class=\"wp-block-separator\"\/>\n\n\n\n<p>La primera tenienta de alcald\u00eda, Judith Vidal, ha participado en una tertulia centrada en la figura de la mujer y en los actos organizados con motivo del D\u00eda Internacional de la mujer, que se ha emitido a trav\u00e9s del programa de radio Pened\u00e8s en Xarxa, este mi\u00e9rcoles, desde Domenys R\u00e0dio. Pod\u00e9is escucharla:<\/p>\n\n\n\n<p>A partir del minuto 44:50 en este enlace:&nbsp;<a href=\"https:\/\/www.rtvvilafranca.cat\/programa\/penedes-en-xarxa\/f\/187594-20220301a\" target=\"_blank\" rel=\"noreferrer noopener\">https:\/\/www.rtvvilafranca.cat\/programa\/penedes-en-xarxa\/f\/187594-20220301a<\/a><\/p>\n\n\n\n<p>La segunda parte, desde el primer minuto, en este enlace:&nbsp;<a href=\"https:\/\/www.rtvvilafranca.cat\/programa\/penedes-en-xarxa\/f\/187594-20220301b\">https:\/\/www.rtvvilafranca.cat\/programa\/penedes-en-xarxa\/f\/187594-20220301b<\/a><\/p>\n","protected":false},"excerpt":{"rendered":"<p>La primera tinenta d\u2019alcaldia, Judith Vidal, ha participat en una tert\u00falia centrada en la figura de la dona i en els actes organitzats amb motiu del Dia Internacional de la &hellip; <a href=\"https:\/\/bisbalpenedes.com\/web\/2022\/03\/02\/la-primera-tinenta-dalcaldia-judith-vidal-ha-participat-en-una-tertulia-radiofonica-sobre-la-dona-amb-motiu-del-8m\/\" class=\"more-link\">Read More<\/a><\/p>\n","protected":false},"author":4,"featured_media":21087,"comment_status":"closed","ping_status":"closed","sticky":false,"template":"","format":"standard","meta":[],"categories":[8],"tags":[4387,230,231,393,3386],"_links":{"self":[{"href":"https:\/\/bisbalpenedes.com\/web\/wp-json\/wp\/v2\/posts\/21082"}],"collection":[{"href":"https:\/\/bisbalpenedes.com\/web\/wp-json\/wp\/v2\/posts"}],"about":[{"href":"https:\/\/bisbalpenedes.com\/web\/wp-json\/wp\/v2\/types\/post"}],"author":[{"embeddable":true,"href":"https:\/\/bisbalpenedes.com\/web\/wp-json\/wp\/v2\/users\/4"}],"replies":[{"embeddable":true,"href":"https:\/\/bisbalpenedes.com\/web\/wp-json\/wp\/v2\/comments?post=21082"}],"version-history":[{"count":2,"href":"https:\/\/bisbalpenedes.com\/web\/wp-json\/wp\/v2\/posts\/21082\/revisions"}],"predecessor-version":[{"id":21088,"href":"https:\/\/bisbalpenedes.com\/web\/wp-json\/wp\/v2\/posts\/21082\/revisions\/21088"}],"wp:featuredmedia":[{"embeddable":true,"href":"https:\/\/bisbalpenedes.com\/web\/wp-json\/wp\/v2\/media\/21087"}],"wp:attachment":[{"href":"https:\/\/bisbalpenedes.com\/web\/wp-json\/wp\/v2\/media?parent=21082"}],"wp:term":[{"taxonomy":"category","embeddable":true,"href":"https:\/\/bisbalpenedes.com\/web\/wp-json\/wp\/v2\/categories?post=21082"},{"taxonomy":"post_tag","embeddable":true,"href":"https:\/\/bisbalpenedes.com\/web\/wp-json\/wp\/v2\/tags?post=21082"}],"curies":[{"name":"wp","href":"https:\/\/api.w.org\/{rel}","templated":true}]}}