{"id":2108,"date":"2017-03-17T00:48:35","date_gmt":"2017-03-16T18:48:35","guid":{"rendered":"http:\/\/bisbalpenedes.com\/web\/?p=2108"},"modified":"2017-03-17T00:48:35","modified_gmt":"2017-03-16T18:48:35","slug":"nou-pla-docupacio-fruit-de-la-col-laboracio-entre-el-ccbp-i-la-diputacio-de-tarragona","status":"publish","type":"post","link":"https:\/\/bisbalpenedes.com\/web\/2017\/03\/17\/nou-pla-docupacio-fruit-de-la-col-laboracio-entre-el-ccbp-i-la-diputacio-de-tarragona\/","title":{"rendered":"Nou pla d&#8217;ocupaci\u00f3 fruit de la col-laboraci\u00f3 entre el CCBP i la Diputaci\u00f3 de Tarragona"},"content":{"rendered":"<p>Fruit de la col\u00b7laboraci\u00f3 entre el CCBP i la Diputaci\u00f3 de Tarragona les pr\u00f2ximes setmanes s\u2019iniciar\u00e0 una nova edici\u00f3 del Pla d\u2019Ocupaci\u00f3 Baix Pened\u00e8s que permetr\u00e0 contractar durant 6 mesos a 5 persones del Baix Pened\u00e8s en situaci\u00f3 d\u2019atur. La contractaci\u00f3 tindr\u00e0 una durada de 6 mesos.<\/p>\n<p>Podeu trobar tota la informaci\u00f3 detallada sobre l\u2019oferta de feina a\u00a0<a href=\"http:\/\/www.dipta.cat\/ca\/serveis\/rh-pao\/peo-po-baix-penedes-2017\">http:\/\/www.dipta.cat\/ca\/serveis\/rh-pao\/peo-po-baix-penedes-2017<\/a><\/p>\n<p><strong>RESUM DE LA CONVOCAT\u00d2RIA<\/strong><\/p>\n<p><strong>Descripci\u00f3 del Pla d\u2019Ocupaci\u00f3:<\/strong><\/p>\n<p>Manteniment i desbrossament de camins, arrencar la vegetaci\u00f3 herb\u00e0cia i arbustiva, netejar i desbrossar els vorals dels camins. Neteja i manteniment de rieres. Neteja i manteniment d\u2019entorns naturals i de zones verdes de diferents municipis de la comarca: desbrossament, poda d\u2019arbres, arranjament de marges i neteja de vorals naturals.<\/p>\n<p><strong>Municipis d\u2019actuaci\u00f3:<\/strong><\/p>\n<p>Banyeres del Pened\u00e8s, Lloren\u00e7 del Pened\u00e8s, Santa Oliva , l\u2019Arbo\u00e7 i Bellvei.<\/p>\n<p><a href=\"http:\/\/bisbalpenedes.com\/web\/wp-content\/uploads\/2017\/03\/baix-penedes-mapa.png\"><img loading=\"lazy\" class=\"alignnone size-medium wp-image-2109\" title=\"baix penedes mapa\" src=\"http:\/\/bisbalpenedes.com\/web\/wp-content\/uploads\/2017\/03\/baix-penedes-mapa-279x300.png\" alt=\"\" width=\"279\" height=\"300\" srcset=\"https:\/\/bisbalpenedes.com\/web\/wp-content\/uploads\/2017\/03\/baix-penedes-mapa-279x300.png 279w, https:\/\/bisbalpenedes.com\/web\/wp-content\/uploads\/2017\/03\/baix-penedes-mapa.png 391w\" sizes=\"(max-width: 279px) 100vw, 279px\" \/><\/a><\/p>\n<p><strong>Dates de les proves:<\/strong><\/p>\n<p>-7 d\u2019abril (prova te\u00f2rica i catal\u00e0) a El Vendrell.<\/p>\n<p>-20 d\u2019abril (entrevista) a El Vendrell<\/p>\n<p><strong>Data prevista d\u2019incorporaci\u00f3:<\/strong><\/p>\n<p>10 de maig de 2017<\/p>\n<p><strong>Inscripcions al Pla d\u2019Ocupaci\u00f3:<\/strong><\/p>\n<p>del 20 al 24 de mar\u00e7 de 2017 a l\u2019Oficina de Treball de la Generalitat del Vendrell, carrer Cam\u00ed Reial, 17-19 baixos, El Vendrell.<\/p>\n<p><strong>Requisits:<\/strong><\/p>\n<p>-Estar inscrit\/a a l\u2019Oficina de Treball de la Generalitat com a demandant d\u2019ocupaci\u00f3 no ocupat (DONO)<\/p>\n<p>-Haver estat aturat\/da com a m\u00ednim 6 dels darrers 12, a data de publicaci\u00f3 de l\u2019oferta.<\/p>\n<p>-No percebre cap tipus d\u2019ingr\u00e9s per prestaci\u00f3 d\u2019atur contributiva.<\/p>\n<p>-No haver participat en un pla d\u2019ocupaci\u00f3 de la Diputaci\u00f3 de Tarragona durant els dos anys anteriors (2015 i 2016)<\/p>\n<p>-Estar en possessi\u00f3 del nivell de catal\u00e0 exigit a la convocat\u00f2ria: Certificat del nivell b\u00e0sic \u2013 A2 (en cas que no es disposi del certificat d\u2019aquest nivell es realitzar\u00e0 una prova de coneixement de llengua catalana per acreditar-ne els coneixements)<\/p>\n","protected":false},"excerpt":{"rendered":"<p>Fruit de la col\u00b7laboraci\u00f3 entre el CCBP i la Diputaci\u00f3 de Tarragona les pr\u00f2ximes setmanes s\u2019iniciar\u00e0 una nova edici\u00f3 del Pla d\u2019Ocupaci\u00f3 Baix Pened\u00e8s que permetr\u00e0 contractar durant 6 mesos &hellip; <a href=\"https:\/\/bisbalpenedes.com\/web\/2017\/03\/17\/nou-pla-docupacio-fruit-de-la-col-laboracio-entre-el-ccbp-i-la-diputacio-de-tarragona\/\" class=\"more-link\">Read More<\/a><\/p>\n","protected":false},"author":4,"featured_media":2110,"comment_status":"closed","ping_status":"closed","sticky":false,"template":"","format":"standard","meta":[],"categories":[9],"tags":[],"_links":{"self":[{"href":"https:\/\/bisbalpenedes.com\/web\/wp-json\/wp\/v2\/posts\/2108"}],"collection":[{"href":"https:\/\/bisbalpenedes.com\/web\/wp-json\/wp\/v2\/posts"}],"about":[{"href":"https:\/\/bisbalpenedes.com\/web\/wp-json\/wp\/v2\/types\/post"}],"author":[{"embeddable":true,"href":"https:\/\/bisbalpenedes.com\/web\/wp-json\/wp\/v2\/users\/4"}],"replies":[{"embeddable":true,"href":"https:\/\/bisbalpenedes.com\/web\/wp-json\/wp\/v2\/comments?post=2108"}],"version-history":[{"count":2,"href":"https:\/\/bisbalpenedes.com\/web\/wp-json\/wp\/v2\/posts\/2108\/revisions"}],"predecessor-version":[{"id":2113,"href":"https:\/\/bisbalpenedes.com\/web\/wp-json\/wp\/v2\/posts\/2108\/revisions\/2113"}],"wp:featuredmedia":[{"embeddable":true,"href":"https:\/\/bisbalpenedes.com\/web\/wp-json\/wp\/v2\/media\/2110"}],"wp:attachment":[{"href":"https:\/\/bisbalpenedes.com\/web\/wp-json\/wp\/v2\/media?parent=2108"}],"wp:term":[{"taxonomy":"category","embeddable":true,"href":"https:\/\/bisbalpenedes.com\/web\/wp-json\/wp\/v2\/categories?post=2108"},{"taxonomy":"post_tag","embeddable":true,"href":"https:\/\/bisbalpenedes.com\/web\/wp-json\/wp\/v2\/tags?post=2108"}],"curies":[{"name":"wp","href":"https:\/\/api.w.org\/{rel}","templated":true}]}}