{"id":21076,"date":"2022-03-01T18:29:40","date_gmt":"2022-03-01T16:29:40","guid":{"rendered":"https:\/\/bisbalpenedes.com\/web\/?p=21076"},"modified":"2022-03-01T18:29:40","modified_gmt":"2022-03-01T16:29:40","slug":"video-en-que-consisteix-la-modificacio-del-planejament-del-poligon-les-planes-baixes","status":"publish","type":"post","link":"https:\/\/bisbalpenedes.com\/web\/2022\/03\/01\/video-en-que-consisteix-la-modificacio-del-planejament-del-poligon-les-planes-baixes\/","title":{"rendered":"V\u00eddeo: en qu\u00e8 consisteix la modificaci\u00f3 del planejament del pol\u00edgon les Planes Baixes?"},"content":{"rendered":"\n<p>L\u2019alcaldessa de la Bisbal del Pened\u00e8s, Agn\u00e8s Ferr\u00e9, explica en qu\u00e8 consisteix la modificaci\u00f3 del planejament del pol\u00edgon les Planes Baixes, per l\u2019ampliaci\u00f3 d\u2019una empresa log\u00edstica, i qu\u00e8 s\u2019ha aprovat en el Ple extraordinari del 24 de febrer i a la Junta de Govern del 28 de febrer en refer\u00e8ncia a aquest tema.<\/p>\n\n\n\n<p>Agn\u00e8s Ferr\u00e9: \u201camb aquesta modificaci\u00f3 fem una aposta clara per la ind\u00fastria i l\u2019ocupaci\u00f3. Es tracta d\u2019una plataforma log\u00edstica molt important que actualment est\u00e0 en construcci\u00f3 i que, abans de la posada en funcionament, s\u2019amplia\u201d.<\/p>\n\n\n\n<p>Feu clic a l&#8217;enlla\u00e7 per anar al v\u00eddeo: <a rel=\"noreferrer noopener\" href=\"https:\/\/fb.watch\/bu0KUExjV-\/\" target=\"_blank\">https:\/\/fb.watch\/bu0KUExjV-\/<\/a><\/p>\n\n\n\n<hr class=\"wp-block-separator\"\/>\n\n\n\n<p>La alcaldesa de la Bisbal del Pened\u00e8s, Agn\u00e8s Ferr\u00e9, explica en qu\u00e9 consiste la modificaci\u00f3n del planeamiento del pol\u00edgono les Planes Baixes, para la ampliaci\u00f3n de una empresa log\u00edstica, y qu\u00e9 se ha aprobado en el Pleno extraordinario del 24 de febrero y en la Junta de Gobierno del 28 de febrero en referencia a este tema.<\/p>\n\n\n\n<p>Agn\u00e8s Ferr\u00e9: \u201ccon esta modificaci\u00f3n hacemos una apuesta clara por la industria y la ocupaci\u00f3n. Se trata de una plataforma log\u00edstica muy importante que actualmente est\u00e1 en construcci\u00f3n y que, antes de la puesta en funcionamiento, se ampl\u00eda\u201d.<\/p>\n\n\n\n<p>Haced clic en el enlace para ir al v\u00eddeo: <a href=\"https:\/\/fb.watch\/bu0KUExjV-\/\" target=\"_blank\" rel=\"noreferrer noopener\">https:\/\/fb.watch\/bu0KUExjV-\/<\/a><\/p>\n","protected":false},"excerpt":{"rendered":"<p>L\u2019alcaldessa de la Bisbal del Pened\u00e8s, Agn\u00e8s Ferr\u00e9, explica en qu\u00e8 consisteix la modificaci\u00f3 del planejament del pol\u00edgon les Planes Baixes, per l\u2019ampliaci\u00f3 d\u2019una empresa log\u00edstica, i qu\u00e8 s\u2019ha aprovat &hellip; <a href=\"https:\/\/bisbalpenedes.com\/web\/2022\/03\/01\/video-en-que-consisteix-la-modificacio-del-planejament-del-poligon-les-planes-baixes\/\" class=\"more-link\">Read More<\/a><\/p>\n","protected":false},"author":4,"featured_media":21077,"comment_status":"closed","ping_status":"closed","sticky":false,"template":"","format":"standard","meta":[],"categories":[2057,8,15],"tags":[393,2770,5118,446,199],"_links":{"self":[{"href":"https:\/\/bisbalpenedes.com\/web\/wp-json\/wp\/v2\/posts\/21076"}],"collection":[{"href":"https:\/\/bisbalpenedes.com\/web\/wp-json\/wp\/v2\/posts"}],"about":[{"href":"https:\/\/bisbalpenedes.com\/web\/wp-json\/wp\/v2\/types\/post"}],"author":[{"embeddable":true,"href":"https:\/\/bisbalpenedes.com\/web\/wp-json\/wp\/v2\/users\/4"}],"replies":[{"embeddable":true,"href":"https:\/\/bisbalpenedes.com\/web\/wp-json\/wp\/v2\/comments?post=21076"}],"version-history":[{"count":1,"href":"https:\/\/bisbalpenedes.com\/web\/wp-json\/wp\/v2\/posts\/21076\/revisions"}],"predecessor-version":[{"id":21078,"href":"https:\/\/bisbalpenedes.com\/web\/wp-json\/wp\/v2\/posts\/21076\/revisions\/21078"}],"wp:featuredmedia":[{"embeddable":true,"href":"https:\/\/bisbalpenedes.com\/web\/wp-json\/wp\/v2\/media\/21077"}],"wp:attachment":[{"href":"https:\/\/bisbalpenedes.com\/web\/wp-json\/wp\/v2\/media?parent=21076"}],"wp:term":[{"taxonomy":"category","embeddable":true,"href":"https:\/\/bisbalpenedes.com\/web\/wp-json\/wp\/v2\/categories?post=21076"},{"taxonomy":"post_tag","embeddable":true,"href":"https:\/\/bisbalpenedes.com\/web\/wp-json\/wp\/v2\/tags?post=21076"}],"curies":[{"name":"wp","href":"https:\/\/api.w.org\/{rel}","templated":true}]}}