{"id":21065,"date":"2022-02-28T09:00:00","date_gmt":"2022-02-28T07:00:00","guid":{"rendered":"https:\/\/bisbalpenedes.com\/web\/?p=21065"},"modified":"2022-02-28T20:37:52","modified_gmt":"2022-02-28T18:37:52","slug":"la-junta-de-govern-del-dilluns-28-de-febrer-inclou-una-proposta-amb-competencies-delegades-del-ple","status":"publish","type":"post","link":"https:\/\/bisbalpenedes.com\/web\/2022\/02\/28\/la-junta-de-govern-del-dilluns-28-de-febrer-inclou-una-proposta-amb-competencies-delegades-del-ple\/","title":{"rendered":"La Junta de Govern d&#8217;avui dilluns 28 de febrer inclou una proposta amb compet\u00e8ncies delegades del Ple"},"content":{"rendered":"\n<p>La Junta de Govern del dilluns 28 de febrer inclou una proposta amb compet\u00e8ncies delegades del Ple:<\/p>\n\n\n\n<ul><li>Notificaci\u00f3 a la novena empresa classificada en les obres de la fase 1 del poliesportiu municipal perqu\u00e8 pugui al\u00b7legar en l&#8217;expedient iniciat de penalitzaci\u00f3, si s&#8217;escau.<\/li><\/ul>\n\n\n\n<p>La Junta de Govern del 14 de febrer va aprovar la retirada de l&#8217;oferta de l&#8217;empresa classificada en novena posici\u00f3 per executar les obres de remodelaci\u00f3 del pavell\u00f3 poliesportiu i la construcci\u00f3 de l&#8217;edifici annex destinat a vestidors (fases 1.1. i 1.2) i s&#8217;ha iniciat l&#8217;expedient amb relaci\u00f3 amb la imposici\u00f3 de penalitats -si correspon- per la retirada de l&#8217;oferta d&#8217;aquesta empresa.<\/p>\n\n\n\n<p>Les sessions de la Junta de Govern Local no s\u00f3n p\u00fabliques, per\u00f2 quan actua amb compet\u00e8ncies delegades al Ple, la sessi\u00f3 se sotmet als mateixos requisits de publicitat que les sessions del Ple, que s\u00f3n p\u00fabliques. Aix\u00ed ho va declarar la STS 161\/2013, de 26 de setembre. Per aquest motiu, el dilluns 28 de febrer, a les 19:30h, s&#8217;obriran les portes de la sala de Plens perqu\u00e8, qui ho desitgi, pugui assistir com a p\u00fablic a l&#8217;explicaci\u00f3 i votaci\u00f3 d&#8217;aquests punts de la Junta de Govern.<\/p>\n\n\n\n<p>Per tot plegat, s&#8217;ha fet arribar la informaci\u00f3 d&#8217;aquesta proposta als regidors i regidores de l&#8217;oposici\u00f3, convidant-los\/les a assistir com a p\u00fablic. Tot i que aquest punt s&#8217;obre a l&#8217;assist\u00e8ncia de p\u00fablic, tamb\u00e9 es gravar\u00e0 i es publicar\u00e0 el v\u00eddeo durant els propers dies per garantir la seva publicitat.&nbsp;<\/p>\n\n\n\n<hr class=\"wp-block-separator\"\/>\n\n\n\n<p>La Junta de Gobierno del lunes 28 de febrero incluye una propuesta con competencias delegadas del Pleno:&nbsp;<\/p>\n\n\n\n<ul><li>Notificaci\u00f3n a la novena empresa clasificada en las obras de la fase 1 el polideportivo municipal para que pueda alegar en el expediente iniciado de penalizaci\u00f3n, si corresponde.<\/li><\/ul>\n\n\n\n<p>La Junta de Gobierno del 14 de febrero aprob\u00f3 la retirada de la oferta de la empresa clasificada en novena posici\u00f3n para ejecutar las obras de remodelaci\u00f3n del pabell\u00f3n polideportivo y la construcci\u00f3n del edificio anexo destinado a vestidores (fases 1.1. Y 1.2) y se ha iniciado el expediente con relaci\u00f3n con la imposici\u00f3n de penalidades -si corresponde- por la retirada de la oferta de esta empresa.<\/p>\n\n\n\n<p>Las sesiones de la Junta de Gobierno Local no son p\u00fablicas, pero cuando act\u00faa con competencias delegadas del Pleno, la sesi\u00f3n se somete a los mismos requisitos de publicidad que las sesiones del Pleno, que son p\u00fablicas. As\u00ed lo declar\u00f3 la STS 161\/2013, de 26 de septiembre. Por este motivo, el lunes 28 de febrero, a las 19:30h, se abrir\u00e1n las puertas de la sala de Plenos para que, quien lo desee, pueda asistir como p\u00fablico a la explicaci\u00f3n y votaci\u00f3n de estos puntos de la Junta de Gobierno.<\/p>\n\n\n\n<p>Por todo ello, se ha hecho llegar la informaci\u00f3n de esta propuesta a los concejales y concejalas de la oposici\u00f3n, invit\u00e1ndoles a asistir como p\u00fablico. Aunque este punto se abre a la asistencia de p\u00fablico, tambi\u00e9n se grabar\u00e1 y se publicar\u00e1 el v\u00eddeo durante los pr\u00f3ximos d\u00edas para garantizar su publicidad.<\/p>\n","protected":false},"excerpt":{"rendered":"<p>La Junta de Govern del dilluns 28 de febrer inclou una proposta amb compet\u00e8ncies delegades del Ple: Notificaci\u00f3 a la novena empresa classificada en les obres de la fase 1 &hellip; <a href=\"https:\/\/bisbalpenedes.com\/web\/2022\/02\/28\/la-junta-de-govern-del-dilluns-28-de-febrer-inclou-una-proposta-amb-competencies-delegades-del-ple\/\" class=\"more-link\">Read More<\/a><\/p>\n","protected":false},"author":4,"featured_media":20952,"comment_status":"closed","ping_status":"closed","sticky":false,"template":"","format":"standard","meta":[],"categories":[3085,8,2250],"tags":[686,777,393,139,483],"_links":{"self":[{"href":"https:\/\/bisbalpenedes.com\/web\/wp-json\/wp\/v2\/posts\/21065"}],"collection":[{"href":"https:\/\/bisbalpenedes.com\/web\/wp-json\/wp\/v2\/posts"}],"about":[{"href":"https:\/\/bisbalpenedes.com\/web\/wp-json\/wp\/v2\/types\/post"}],"author":[{"embeddable":true,"href":"https:\/\/bisbalpenedes.com\/web\/wp-json\/wp\/v2\/users\/4"}],"replies":[{"embeddable":true,"href":"https:\/\/bisbalpenedes.com\/web\/wp-json\/wp\/v2\/comments?post=21065"}],"version-history":[{"count":2,"href":"https:\/\/bisbalpenedes.com\/web\/wp-json\/wp\/v2\/posts\/21065\/revisions"}],"predecessor-version":[{"id":21067,"href":"https:\/\/bisbalpenedes.com\/web\/wp-json\/wp\/v2\/posts\/21065\/revisions\/21067"}],"wp:featuredmedia":[{"embeddable":true,"href":"https:\/\/bisbalpenedes.com\/web\/wp-json\/wp\/v2\/media\/20952"}],"wp:attachment":[{"href":"https:\/\/bisbalpenedes.com\/web\/wp-json\/wp\/v2\/media?parent=21065"}],"wp:term":[{"taxonomy":"category","embeddable":true,"href":"https:\/\/bisbalpenedes.com\/web\/wp-json\/wp\/v2\/categories?post=21065"},{"taxonomy":"post_tag","embeddable":true,"href":"https:\/\/bisbalpenedes.com\/web\/wp-json\/wp\/v2\/tags?post=21065"}],"curies":[{"name":"wp","href":"https:\/\/api.w.org\/{rel}","templated":true}]}}