{"id":21062,"date":"2022-02-28T12:44:08","date_gmt":"2022-02-28T10:44:08","guid":{"rendered":"https:\/\/bisbalpenedes.com\/web\/?p=21062"},"modified":"2022-02-28T12:44:08","modified_gmt":"2022-02-28T10:44:08","slug":"concentracio-per-la-pau-i-en-suport-al-poble-ucraines-el-dimarts-1-de-marc-a-les-19h","status":"publish","type":"post","link":"https:\/\/bisbalpenedes.com\/web\/2022\/02\/28\/concentracio-per-la-pau-i-en-suport-al-poble-ucraines-el-dimarts-1-de-marc-a-les-19h\/","title":{"rendered":"Concentraci\u00f3 per la pau i en suport al poble ucra\u00efn\u00e8s el dimarts 1 de mar\u00e7 a les 19h"},"content":{"rendered":"\n<p>L\u2019Ajuntament de la Bisbal del Pened\u00e8s est\u00e0 comprom\u00e8s amb el pacifisme i el di\u00e0leg i s\u2019ha adherit al manifest de l\u2019Associaci\u00f3 Catalana de Municipis i Comarques en relaci\u00f3 amb el conflicte amb Ucra\u00efna. Per tot plegat, es convoca la ciutadania a la concentraci\u00f3 que tindr\u00e0 lloc el dimarts 1 de mar\u00e7 a les 19h, al davant de l\u2019Ajuntament, en defensa de la pau i com a mostra de suport al poble ucra\u00efn\u00e8s. En aquest acte es llegir\u00e0 un manifest de condemna a l\u2019atac militar injustificat a Ucra\u00efna i en defensa de la pau.<\/p>\n\n\n\n<hr class=\"wp-block-separator\"\/>\n\n\n\n<p>El Ayuntamiento de la Bisbal del Pened\u00e8s est\u00e1 comprometido con el pacifismo y el di\u00e1logo y se ha adherido al manifiesto de la Asociaci\u00f3n Catalana de Municipios y Comarcas en relaci\u00f3n con el conflicto con Ucrania. Por todo ello, se convoca a la ciudadan\u00eda a la concentraci\u00f3n que tendr\u00e1 lugar el martes 1 de marzo a las 19h, delante del Ayuntamiento, en defensa de la paz y como muestra de apoyo al pueblo ucraniano. En este acto se leer\u00e1 un manifiesto de condena al ataque militar injustificado a Ucrania y en defensa de la paz.&nbsp;&nbsp;<\/p>\n","protected":false},"excerpt":{"rendered":"<p>L\u2019Ajuntament de la Bisbal del Pened\u00e8s est\u00e0 comprom\u00e8s amb el pacifisme i el di\u00e0leg i s\u2019ha adherit al manifest de l\u2019Associaci\u00f3 Catalana de Municipis i Comarques en relaci\u00f3 amb el &hellip; <a href=\"https:\/\/bisbalpenedes.com\/web\/2022\/02\/28\/concentracio-per-la-pau-i-en-suport-al-poble-ucraines-el-dimarts-1-de-marc-a-les-19h\/\" class=\"more-link\">Read More<\/a><\/p>\n","protected":false},"author":4,"featured_media":21063,"comment_status":"closed","ping_status":"closed","sticky":false,"template":"","format":"standard","meta":[],"categories":[2402,8],"tags":[4466,393,5106,186,5107],"_links":{"self":[{"href":"https:\/\/bisbalpenedes.com\/web\/wp-json\/wp\/v2\/posts\/21062"}],"collection":[{"href":"https:\/\/bisbalpenedes.com\/web\/wp-json\/wp\/v2\/posts"}],"about":[{"href":"https:\/\/bisbalpenedes.com\/web\/wp-json\/wp\/v2\/types\/post"}],"author":[{"embeddable":true,"href":"https:\/\/bisbalpenedes.com\/web\/wp-json\/wp\/v2\/users\/4"}],"replies":[{"embeddable":true,"href":"https:\/\/bisbalpenedes.com\/web\/wp-json\/wp\/v2\/comments?post=21062"}],"version-history":[{"count":1,"href":"https:\/\/bisbalpenedes.com\/web\/wp-json\/wp\/v2\/posts\/21062\/revisions"}],"predecessor-version":[{"id":21064,"href":"https:\/\/bisbalpenedes.com\/web\/wp-json\/wp\/v2\/posts\/21062\/revisions\/21064"}],"wp:featuredmedia":[{"embeddable":true,"href":"https:\/\/bisbalpenedes.com\/web\/wp-json\/wp\/v2\/media\/21063"}],"wp:attachment":[{"href":"https:\/\/bisbalpenedes.com\/web\/wp-json\/wp\/v2\/media?parent=21062"}],"wp:term":[{"taxonomy":"category","embeddable":true,"href":"https:\/\/bisbalpenedes.com\/web\/wp-json\/wp\/v2\/categories?post=21062"},{"taxonomy":"post_tag","embeddable":true,"href":"https:\/\/bisbalpenedes.com\/web\/wp-json\/wp\/v2\/tags?post=21062"}],"curies":[{"name":"wp","href":"https:\/\/api.w.org\/{rel}","templated":true}]}}