{"id":21059,"date":"2022-02-28T12:12:16","date_gmt":"2022-02-28T10:12:16","guid":{"rendered":"https:\/\/bisbalpenedes.com\/web\/?p=21059"},"modified":"2022-02-28T12:12:16","modified_gmt":"2022-02-28T10:12:16","slug":"avui-dilluns-28-de-febrer-es-el-dia-mundial-de-les-malaties-minoritaries-i-aquest-vespre-lajuntament-silluminara-de-verd","status":"publish","type":"post","link":"https:\/\/bisbalpenedes.com\/web\/2022\/02\/28\/avui-dilluns-28-de-febrer-es-el-dia-mundial-de-les-malaties-minoritaries-i-aquest-vespre-lajuntament-silluminara-de-verd\/","title":{"rendered":"Avui dilluns 28 de febrer \u00e9s el Dia mundial de les malaties minorit\u00e0ries i aquest vespre l&#8217;Ajuntament s&#8217;il\u00b7luminar\u00e0 de verd"},"content":{"rendered":"\n<p>Avui \u00e9s el Dia mundial de les malalties minorit\u00e0ries i, aquest vespre, l&#8217;Ajuntament de la Bisbal del Pened\u00e8s s&#8217;il\u00b7luminar\u00e0 de color verd per donar visibilitat i crear consci\u00e8ncia sobre aquestes malalties.<\/p>\n\n\n\n<p>Les malalties minorit\u00e0ries, tamb\u00e9 denominades &#8220;rares&#8221; formen part d&#8217;un grup integrat per m\u00e9s de 7.000 condicions cl\u00edniques que pateixen poques persones en relaci\u00f3 amb el conjunt de la poblaci\u00f3. Segons dades de la Generalitat, dins de la Uni\u00f3 Europea s&#8217;estima que hi ha uns 30 milions de persones afectades, a l&#8217;Estat espanyol n&#8217;hi ha uns 3 milions i a Catalunya, prop de 350.000.<\/p>\n\n\n\n<p>Per a m\u00e9s informaci\u00f3 podeu accedir a l&#8217;enlla\u00e7:&nbsp;<a href=\"https:\/\/canalsalut.gencat.cat\/ca\/salut-a-z\/m\/malalties-minoritaries\/\">https:\/\/canalsalut.gencat.cat\/ca\/salut-a-z\/m\/malalties-minoritaries\/<\/a><\/p>\n\n\n\n<hr class=\"wp-block-separator\"\/>\n\n\n\n<p>Hoy es el D\u00eda mundial de las enfermedades minoritarias y, hoy al atardecer, el Ayuntamiento de la Bisbal del Pened\u00e8s se iluminar\u00e1 de color verde para dar visibilidad y crear consciencia sobre estas enfermedades.<\/p>\n\n\n\n<p>Las enfermedades minoritarias, tambi\u00e9n denominadas &#8220;raras&#8221; forman parte de un grupo integrado por m\u00e1s de 7.000 condiciones cl\u00ednicas que sufren pocas personas en relaci\u00f3n con el conjunto de la poblaci\u00f3n. Seg\u00fan dados de la Generalitat, dentro de la Uni\u00f3n Europea se estima que hay unos 30 millones de personas afectadas, en el Estado espa\u00f1ol hay unos 3 millones y en Catalunya, cerca de 350.000.<\/p>\n\n\n\n<p>Para m\u00e1s informaci\u00f3n pod\u00e9is acceder al enlace:&nbsp;<a href=\"https:\/\/canalsalut.gencat.cat\/ca\/salut-a-z\/m\/malalties-minoritaries\/\">https:\/\/canalsalut.gencat.cat\/ca\/salut-a-z\/m\/malalties-minoritaries\/<\/a><\/p>\n","protected":false},"excerpt":{"rendered":"<p>Avui \u00e9s el Dia mundial de les malalties minorit\u00e0ries i, aquest vespre, l&#8217;Ajuntament de la Bisbal del Pened\u00e8s s&#8217;il\u00b7luminar\u00e0 de color verd per donar visibilitat i crear consci\u00e8ncia sobre aquestes &hellip; <a href=\"https:\/\/bisbalpenedes.com\/web\/2022\/02\/28\/avui-dilluns-28-de-febrer-es-el-dia-mundial-de-les-malaties-minoritaries-i-aquest-vespre-lajuntament-silluminara-de-verd\/\" class=\"more-link\">Read More<\/a><\/p>\n","protected":false},"author":4,"featured_media":21060,"comment_status":"closed","ping_status":"closed","sticky":false,"template":"","format":"standard","meta":[],"categories":[2402,8,14],"tags":[5114,393,3331],"_links":{"self":[{"href":"https:\/\/bisbalpenedes.com\/web\/wp-json\/wp\/v2\/posts\/21059"}],"collection":[{"href":"https:\/\/bisbalpenedes.com\/web\/wp-json\/wp\/v2\/posts"}],"about":[{"href":"https:\/\/bisbalpenedes.com\/web\/wp-json\/wp\/v2\/types\/post"}],"author":[{"embeddable":true,"href":"https:\/\/bisbalpenedes.com\/web\/wp-json\/wp\/v2\/users\/4"}],"replies":[{"embeddable":true,"href":"https:\/\/bisbalpenedes.com\/web\/wp-json\/wp\/v2\/comments?post=21059"}],"version-history":[{"count":1,"href":"https:\/\/bisbalpenedes.com\/web\/wp-json\/wp\/v2\/posts\/21059\/revisions"}],"predecessor-version":[{"id":21061,"href":"https:\/\/bisbalpenedes.com\/web\/wp-json\/wp\/v2\/posts\/21059\/revisions\/21061"}],"wp:featuredmedia":[{"embeddable":true,"href":"https:\/\/bisbalpenedes.com\/web\/wp-json\/wp\/v2\/media\/21060"}],"wp:attachment":[{"href":"https:\/\/bisbalpenedes.com\/web\/wp-json\/wp\/v2\/media?parent=21059"}],"wp:term":[{"taxonomy":"category","embeddable":true,"href":"https:\/\/bisbalpenedes.com\/web\/wp-json\/wp\/v2\/categories?post=21059"},{"taxonomy":"post_tag","embeddable":true,"href":"https:\/\/bisbalpenedes.com\/web\/wp-json\/wp\/v2\/tags?post=21059"}],"curies":[{"name":"wp","href":"https:\/\/api.w.org\/{rel}","templated":true}]}}