{"id":21052,"date":"2022-02-25T13:37:55","date_gmt":"2022-02-25T11:37:55","guid":{"rendered":"https:\/\/bisbalpenedes.com\/web\/?p=21052"},"modified":"2022-02-25T13:37:55","modified_gmt":"2022-02-25T11:37:55","slug":"podcast-com-era-el-carnaval-de-la-bisbal-del-penedes-de-finals-del-segle-xix-i-principis-del-segle-xx","status":"publish","type":"post","link":"https:\/\/bisbalpenedes.com\/web\/2022\/02\/25\/podcast-com-era-el-carnaval-de-la-bisbal-del-penedes-de-finals-del-segle-xix-i-principis-del-segle-xx\/","title":{"rendered":"Podcast: com era el Carnaval de la Bisbal del Pened\u00e8s de finals del segle XIX i principis del segle XX?"},"content":{"rendered":"\n<p>El Jordi Ferran, t\u00e8cnic de la&nbsp;<a href=\"https:\/\/www.facebook.com\/BibliotecaBisbal?__cft__%5B0%5D=AZXJ1IqJO0-CXwq1NmE8vbEeK71GHLHIOra1bPpOmwP5FkmnYP7lDRW96X7xQ9DJYccuAXeiuhmytHBgm4GKpWbEC1RDwzkbnQ0_E8n8wPrwpVD9SKHb_DG4pyVialCbiZo&amp;__tn__=-%5DK-R\">Biblioteca<\/a>&nbsp;i de l\u2019arxiu i historiador de professi\u00f3, visita els estudis de Domenys R\u00e0dio, cada primer divendres de mes, per oferir una secci\u00f3 d\u2019hist\u00f2ria local en qu\u00e8 parla de diversos episodis hist\u00f2rics de la Bisbal i la comarca.<\/p>\n\n\n\n<p>A l\u2019enlla\u00e7 podreu escoltar el programa dedicat al carnaval de La Bisbal Pened\u00e8s de finals del segle XIX i principis del segle XX.<\/p>\n\n\n\n<p>Enlla\u00e7 al darrer programa:\u00a0<a href=\"https:\/\/go.ivoox.com\/rf\/82692071\" target=\"_blank\" rel=\"noreferrer noopener\">https:\/\/go.ivoox.com\/rf\/82692071<\/a><\/p>\n\n\n\n<p>Imatges: comparses de Carnaval a la pla\u00e7a Major a la d\u00e8cada dels 30 extretes del llibre &#8220;Gent.\u201d Imatges bisbalenques al llarg de 100 anys, d&#8217;Heribert Ventosa i Guasch.<\/p>\n\n\n\n<hr class=\"wp-block-separator\"\/>\n\n\n\n<p>Jordi Ferran, t\u00e9cnico de la biblioteca y del archivo e historiador de profesi\u00f3n, visita los estudios de Domenys R\u00e0dio, cada primer viernes de mes, para ofrecer una secci\u00f3n de historia local en la que habla de varios episodios hist\u00f3ricos de la Bisbal y la comarca.<\/p>\n\n\n\n<p>En el enlace podr\u00e9is escuchar el programa dedicado al carnaval de La Bisbal del Pened\u00e8s de finales del siglo XIX i principios del siglo XX.<\/p>\n\n\n\n<p>Enlace al \u00faltimo programa:\u00a0<a href=\"https:\/\/go.ivoox.com\/rf\/82692071\" target=\"_blank\" rel=\"noreferrer noopener\">go.ivoox.com<\/a><\/p>\n\n\n\n<p>Im\u00e1genes: comparsas de Carnaval en la plaza Mayor en la d\u00e9cada delos 30 extra\u00eddas del libro \u201cGent. Imatges bisbalenques al llarg de 100 anys\u201d de Heribert Ventosa Guasch.<\/p>\n\n\n\n<figure class=\"wp-block-image size-large\"><img loading=\"lazy\" width=\"1024\" height=\"706\" src=\"https:\/\/bisbalpenedes.com\/web\/wp-content\/uploads\/2022\/02\/IMATGE-LLIBRE-HERIBERT-GENT-2-1024x706.jpeg\" alt=\"\" class=\"wp-image-21053\" srcset=\"https:\/\/bisbalpenedes.com\/web\/wp-content\/uploads\/2022\/02\/IMATGE-LLIBRE-HERIBERT-GENT-2-1024x706.jpeg 1024w, https:\/\/bisbalpenedes.com\/web\/wp-content\/uploads\/2022\/02\/IMATGE-LLIBRE-HERIBERT-GENT-2-600x413.jpeg 600w, https:\/\/bisbalpenedes.com\/web\/wp-content\/uploads\/2022\/02\/IMATGE-LLIBRE-HERIBERT-GENT-2-300x207.jpeg 300w, https:\/\/bisbalpenedes.com\/web\/wp-content\/uploads\/2022\/02\/IMATGE-LLIBRE-HERIBERT-GENT-2-768x529.jpeg 768w, https:\/\/bisbalpenedes.com\/web\/wp-content\/uploads\/2022\/02\/IMATGE-LLIBRE-HERIBERT-GENT-2-1536x1058.jpeg 1536w, https:\/\/bisbalpenedes.com\/web\/wp-content\/uploads\/2022\/02\/IMATGE-LLIBRE-HERIBERT-GENT-2.jpeg 1868w\" sizes=\"(max-width: 1024px) 100vw, 1024px\" \/><\/figure>\n","protected":false},"excerpt":{"rendered":"<p>El Jordi Ferran, t\u00e8cnic de la&nbsp;Biblioteca&nbsp;i de l\u2019arxiu i historiador de professi\u00f3, visita els estudis de Domenys R\u00e0dio, cada primer divendres de mes, per oferir una secci\u00f3 d\u2019hist\u00f2ria local en &hellip; <a href=\"https:\/\/bisbalpenedes.com\/web\/2022\/02\/25\/podcast-com-era-el-carnaval-de-la-bisbal-del-penedes-de-finals-del-segle-xix-i-principis-del-segle-xx\/\" class=\"more-link\">Read More<\/a><\/p>\n","protected":false},"author":4,"featured_media":21054,"comment_status":"closed","ping_status":"closed","sticky":false,"template":"","format":"standard","meta":[],"categories":[13,8],"tags":[49,852,4928,1551,1756],"_links":{"self":[{"href":"https:\/\/bisbalpenedes.com\/web\/wp-json\/wp\/v2\/posts\/21052"}],"collection":[{"href":"https:\/\/bisbalpenedes.com\/web\/wp-json\/wp\/v2\/posts"}],"about":[{"href":"https:\/\/bisbalpenedes.com\/web\/wp-json\/wp\/v2\/types\/post"}],"author":[{"embeddable":true,"href":"https:\/\/bisbalpenedes.com\/web\/wp-json\/wp\/v2\/users\/4"}],"replies":[{"embeddable":true,"href":"https:\/\/bisbalpenedes.com\/web\/wp-json\/wp\/v2\/comments?post=21052"}],"version-history":[{"count":1,"href":"https:\/\/bisbalpenedes.com\/web\/wp-json\/wp\/v2\/posts\/21052\/revisions"}],"predecessor-version":[{"id":21055,"href":"https:\/\/bisbalpenedes.com\/web\/wp-json\/wp\/v2\/posts\/21052\/revisions\/21055"}],"wp:featuredmedia":[{"embeddable":true,"href":"https:\/\/bisbalpenedes.com\/web\/wp-json\/wp\/v2\/media\/21054"}],"wp:attachment":[{"href":"https:\/\/bisbalpenedes.com\/web\/wp-json\/wp\/v2\/media?parent=21052"}],"wp:term":[{"taxonomy":"category","embeddable":true,"href":"https:\/\/bisbalpenedes.com\/web\/wp-json\/wp\/v2\/categories?post=21052"},{"taxonomy":"post_tag","embeddable":true,"href":"https:\/\/bisbalpenedes.com\/web\/wp-json\/wp\/v2\/tags?post=21052"}],"curies":[{"name":"wp","href":"https:\/\/api.w.org\/{rel}","templated":true}]}}