{"id":21048,"date":"2022-02-25T13:11:21","date_gmt":"2022-02-25T11:11:21","guid":{"rendered":"https:\/\/bisbalpenedes.com\/web\/?p=21048"},"modified":"2022-02-25T13:11:21","modified_gmt":"2022-02-25T11:11:21","slug":"agraiment-a-la-jijonenca-per-la-donacio-que-ha-fet-per-al-rebost-solidari","status":"publish","type":"post","link":"https:\/\/bisbalpenedes.com\/web\/2022\/02\/25\/agraiment-a-la-jijonenca-per-la-donacio-que-ha-fet-per-al-rebost-solidari\/","title":{"rendered":"Agra\u00efment a la Jijonenca per la donaci\u00f3 que ha fet per al Rebost Solidari"},"content":{"rendered":"\n<p>La Regidoria de Benestar Social vol agrair la donaci\u00f3 de diferents productes que l\u2019empresa Jijonenca -ubicada al pol\u00edgon industrial- ha fet al Rebost Solidari. El lot est\u00e0 format per torrons i altres productes dol\u00e7os que, properament, els voluntaris del Rebost Solidari inclouran a les cistelles que es preparen per als usuaris i usu\u00e0ries del servei.<\/p>\n\n\n\n<p>Us recordem que el Rebost Solidari est\u00e0 obert a les vostres donacions, tant de persones individuals com d\u2019empreses. Agra\u00efm la vostra col\u00b7laboraci\u00f3.<\/p>\n\n\n\n<hr class=\"wp-block-separator\"\/>\n\n\n\n<p>La Concejal\u00eda de Bienestar Social quiere agradecer la donaci\u00f3n de distintos productos que la empresa Jijonenca -ubicada en el pol\u00edgono industrial- ha hecho al Rebost Solidari. El lote est\u00e1 formado por turrones y otros productos dulces que, pr\u00f3ximamente, los voluntarios del Rebost Solidari incluir\u00e1n en las cestas que se preparan para los usuarios y usuarias del servicio.<\/p>\n\n\n\n<p>Os recordamos que el Rebost Solidari est\u00e1 abierto a vuestras donaciones, tanto de personas individuales como de empresas. Agradecemos vuestra colaboraci\u00f3n.<\/p>\n","protected":false},"excerpt":{"rendered":"<p>La Regidoria de Benestar Social vol agrair la donaci\u00f3 de diferents productes que l\u2019empresa Jijonenca -ubicada al pol\u00edgon industrial- ha fet al Rebost Solidari. El lot est\u00e0 format per torrons &hellip; <a href=\"https:\/\/bisbalpenedes.com\/web\/2022\/02\/25\/agraiment-a-la-jijonenca-per-la-donacio-que-ha-fet-per-al-rebost-solidari\/\" class=\"more-link\">Read More<\/a><\/p>\n","protected":false},"author":4,"featured_media":21049,"comment_status":"closed","ping_status":"closed","sticky":false,"template":"","format":"standard","meta":[],"categories":[3851,8],"tags":[315,4523,2643,2644],"_links":{"self":[{"href":"https:\/\/bisbalpenedes.com\/web\/wp-json\/wp\/v2\/posts\/21048"}],"collection":[{"href":"https:\/\/bisbalpenedes.com\/web\/wp-json\/wp\/v2\/posts"}],"about":[{"href":"https:\/\/bisbalpenedes.com\/web\/wp-json\/wp\/v2\/types\/post"}],"author":[{"embeddable":true,"href":"https:\/\/bisbalpenedes.com\/web\/wp-json\/wp\/v2\/users\/4"}],"replies":[{"embeddable":true,"href":"https:\/\/bisbalpenedes.com\/web\/wp-json\/wp\/v2\/comments?post=21048"}],"version-history":[{"count":1,"href":"https:\/\/bisbalpenedes.com\/web\/wp-json\/wp\/v2\/posts\/21048\/revisions"}],"predecessor-version":[{"id":21050,"href":"https:\/\/bisbalpenedes.com\/web\/wp-json\/wp\/v2\/posts\/21048\/revisions\/21050"}],"wp:featuredmedia":[{"embeddable":true,"href":"https:\/\/bisbalpenedes.com\/web\/wp-json\/wp\/v2\/media\/21049"}],"wp:attachment":[{"href":"https:\/\/bisbalpenedes.com\/web\/wp-json\/wp\/v2\/media?parent=21048"}],"wp:term":[{"taxonomy":"category","embeddable":true,"href":"https:\/\/bisbalpenedes.com\/web\/wp-json\/wp\/v2\/categories?post=21048"},{"taxonomy":"post_tag","embeddable":true,"href":"https:\/\/bisbalpenedes.com\/web\/wp-json\/wp\/v2\/tags?post=21048"}],"curies":[{"name":"wp","href":"https:\/\/api.w.org\/{rel}","templated":true}]}}